{"id":671172,"date":"2026-09-06T13:12:32","date_gmt":"2026-09-06T13:12:32","guid":{"rendered":"https:\/\/www.europesays.com\/pl\/671172\/"},"modified":"2026-09-06T13:12:32","modified_gmt":"2026-09-06T13:12:32","slug":"rodzinny-bieg-radia-wroclaw-w-parku-wschodnim-sprawdzcie-zdjecia-z-biegu","status":"publish","type":"post","link":"https:\/\/www.europesays.com\/pl\/671172\/","title":{"rendered":"Rodzinny Bieg Radia Wroc\u0142aw w Parku Wschodnim. Sprawd\u017acie zdj\u0119cia z biegu!"},"content":{"rendered":"<p>Bieg Rodzinny Radia Wroc\u0142aw<\/p>\n<p>fot. Krzysztof Milewski<\/p>\n<p>W Parku Wschodnim we Wroc\u0142awiu odby\u0142 si\u0119 dzisiaj Bieg Rodzinny Radia Wroc\u0142aw na Zako\u0144czenie Lata. O godzinie 11:00 uczestnicy ruszyli na rekreacyjn\u0105 tras\u0119 o d\u0142ugo\u015bci 2,8 kilometra. Dzieci startowa\u0142y w parach z doros\u0142ymi opiekunami, a najwa\u017cniejsza by\u0142a oczywi\u015bcie wsp\u00f3lna zabawa.<\/p>\n<p style=\"text-align: justify;\">Za nami kolejna przygoda biegowa organizowana przez Radio Wroc\u0142aw. Ponad sto rodzinnych duet\u00f3w, a nierzadko tak\u017ce tercet\u00f3w, czy kwartet\u00f3w rywalizowa\u0142o w tradycyjnej imprezie na po\u017cegnanie\u00a0lata na \u015bcie\u017cce biegowej Radia Wroc\u0142aw\u00a0we wroc\u0142awskim Parku Wschodnim. By\u0142o du\u017co rado\u015bci i emocji, nie zabrak\u0142o pozytywnej energii oraz pami\u0105tkowych medali dla wszystkich, kt\u00f3rzy pokonali tras\u0119. Jak wysz\u0142o?<\/p>\n<p style=\"text-align: justify;\">POS\u0141UCHAJCIE ROZM\u00d3W Z UCZESTNIKAMI BIEGU:<\/p>\n<p style=\"text-align: justify;\">Bieg Halloweenowy Radia Wroc\u0142aw ju\u017c 25 pa\u017adziernika we wroc\u0142awskim Parku Skowronim. Zapisy na biegamy.radiowroclaw.pl. Tam te\u017c znajdziecie\u00a0<a href=\"https:\/\/www.biegamy.radiowroclaw.pl\/competitions\/showresults\/76\/Bieg-Rodzinny-na-Zakonczenie-Lata\" rel=\"nofollow noopener\" target=\"_blank\">WYNIKI<\/a>\u00a0z niedzielnego Biegu Rodzinnego na Po\u017cegnanie Lata.\u00a0<\/p>\n<p style=\"text-align: justify;\">Sprawd\u017acie galeri\u0119 zdj\u0119\u0107 z Biegu Rodzinnego Radia Wroc\u0142aw! Mo\u017ce, na kt\u00f3rym\u015b z nich znajdziecie siebie?<\/p>\n<p style=\"text-align: justify;\">WCZE\u015aNIEJ PISALI\u015aMY<\/p>\n<p style=\"text-align: justify;\">W Parku Wschodnim we Wroc\u0142awiu trwaj\u0105 ostatnie przygotowania do Biegu Rodzinnego Radia Wroc\u0142aw na Zako\u0144czenie Lata. Uczestnicy szykuj\u0105 si\u0119 do wsp\u00f3lnego startu, kt\u00f3ry zaplanowano na godzin\u0119 11:00.<\/p>\n<p style=\"text-align: justify;\">To rekreacyjny bieg na dystansie 2,8 kilometra, w kt\u00f3rym dzieci startuj\u0105 w parze z doros\u0142ym opiekunem. Nie chodzi tu przede wszystkim o wynik, ale o wsp\u00f3ln\u0105 aktywno\u015b\u0107, dobr\u0105 zabaw\u0119 i rodzinne sp\u0119dzenie czasu na \u015bwie\u017cym powietrzu.<\/p>\n<p style=\"text-align: justify;\">Start i meta znajduj\u0105 si\u0119 przy \u015bcie\u017cce biegowej Radia Wroc\u0142aw w Parku Wschodnim, przy ulicy Krakowskiej. Na uczestnik\u00f3w czekaj\u0105 mi\u0119dzy innymi pami\u0105tkowe medale, upominki dla dzieci, pocz\u0119stunek i sportowa atmosfera.<\/p>\n<p style=\"text-align: justify;\">Partnerem biegu by\u0142 Wroc\u0142aw \u2014 Miasto Spotka\u0144.<\/p>\n<p><img decoding=\"async\" style=\"margin: 5px auto; width: 75%; float: none; display: block;\" src=\"https:\/\/www.europesays.com\/pl\/wp-content\/uploads\/2026\/09\/To-juz-dzisiaj-Rodzinny-Bieg-Radia-Wroclaw-w-Parku-Wschodnim-Sprawdzcie-zdjecia-z-biegu-1-6a9d4cf861.jpeg\" alt=\"\"\/><\/p>\n<p>Za pomoc w organizacji biegu dzi\u0119kujemy Zarz\u0105dowi Zieleni Miejskiej.<\/p>\n<p><img decoding=\"async\" style=\"margin: 5px auto; width: 75%; float: none; display: block;\" src=\"https:\/\/www.europesays.com\/pl\/wp-content\/uploads\/2026\/09\/To-juz-dzisiaj-Rodzinny-Bieg-Radia-Wroclaw-w-Parku-Wschodnim-Sprawdzcie-zdjecia-z-biegu-1-6a9d4cfbe8.jpeg\" alt=\"\"\/><\/p>\n","protected":false},"excerpt":{"rendered":"Bieg Rodzinny Radia Wroc\u0142aw fot. Krzysztof Milewski W Parku Wschodnim we Wroc\u0142awiu odby\u0142 si\u0119 dzisiaj Bieg Rodzinny Radia&hellip;\n","protected":false},"author":2,"featured_media":671173,"comment_status":"","ping_status":"","sticky":false,"template":"","format":"standard","meta":{"footnotes":"","_share_on_mastodon":"0"},"categories":[51607],"tags":[47438,64050,89176,42,38,40,39,41,52404,88738,81795,31600,1853,130127,44413,645],"class_list":["post-671172","post","type-post","status-publish","format-standard","has-post-thumbnail","category-wroclaw","tag-bieg","tag-biegu","tag-parku","tag-pl","tag-poland","tag-polish","tag-polska","tag-polski","tag-radia","tag-rodzinny","tag-sprawdzcie","tag-w","tag-wroclaw","tag-wschodnim","tag-z","tag-zdjecia"],"share_on_mastodon":{"url":"https:\/\/pubeurope.com\/@pl\/117224273644685118","error":""},"_links":{"self":[{"href":"https:\/\/www.europesays.com\/pl\/wp-json\/wp\/v2\/posts\/671172","targetHints":{"allow":["GET"]}}],"collection":[{"href":"https:\/\/www.europesays.com\/pl\/wp-json\/wp\/v2\/posts"}],"about":[{"href":"https:\/\/www.europesays.com\/pl\/wp-json\/wp\/v2\/types\/post"}],"author":[{"embeddable":true,"href":"https:\/\/www.europesays.com\/pl\/wp-json\/wp\/v2\/users\/2"}],"replies":[{"embeddable":true,"href":"https:\/\/www.europesays.com\/pl\/wp-json\/wp\/v2\/comments?post=671172"}],"version-history":[{"count":0,"href":"https:\/\/www.europesays.com\/pl\/wp-json\/wp\/v2\/posts\/671172\/revisions"}],"wp:featuredmedia":[{"embeddable":true,"href":"https:\/\/www.europesays.com\/pl\/wp-json\/wp\/v2\/media\/671173"}],"wp:attachment":[{"href":"https:\/\/www.europesays.com\/pl\/wp-json\/wp\/v2\/media?parent=671172"}],"wp:term":[{"taxonomy":"category","embeddable":true,"href":"https:\/\/www.europesays.com\/pl\/wp-json\/wp\/v2\/categories?post=671172"},{"taxonomy":"post_tag","embeddable":true,"href":"https:\/\/www.europesays.com\/pl\/wp-json\/wp\/v2\/tags?post=671172"}],"curies":[{"name":"wp","href":"https:\/\/api.w.org\/{rel}","templated":true}]}}