{"id":671204,"date":"2026-09-06T13:34:09","date_gmt":"2026-09-06T13:34:09","guid":{"rendered":"https:\/\/www.europesays.com\/pl\/671204\/"},"modified":"2026-09-06T13:34:09","modified_gmt":"2026-09-06T13:34:09","slug":"slawomir-abramowicz-opusci-bialystok-grecy-skladaja-oferte-za-bramkarza","status":"publish","type":"post","link":"https:\/\/www.europesays.com\/pl\/671204\/","title":{"rendered":"S\u0142awomir Abramowicz opu\u015bci Bia\u0142ystok? Grecy sk\u0142adaj\u0105 ofert\u0119 za bramkarza"},"content":{"rendered":"<p class=\"news__lead\">Czy\u017cby wielki transfer na horyzoncie w Bia\u0142ymstoku? S\u0142awomir Abramowicz, podstawowy bramkarz i jeden z najwa\u017cniejszych filar\u00f3w Jagiellonii, znalaz\u0142 si\u0119 na celowniku greckiego giganta. Oferta opiewaj\u0105ca na miliony euro trafi\u0142a ju\u017c na biurko w\u0142adz bia\u0142ostockiego klubu. Czy 22-letni golkiper zdecyduje si\u0119 na opuszczenie Podlasia i przenosiny do Salonik, a klub z Jurowieckiej przyjmie ofert\u0119?<\/p>\n<p>                                                                                                                                                                                                                                                                                    <a name=\"topic_0\">Oferta z Grecji trafia do Bia\u0142egostoku<\/a>  <\/p>\n<p>Jak poinformowa\u0142 Tomasz W\u0142odarczyk z serwisu Meczyki.pl, oficjaln\u0105 ofert\u0119 za S\u0142awomira Abramowicza z\u0142o\u017cy\u0142 PAOK Saloniki. Grecki klub, b\u0119d\u0105cy aktualnym liderem tamtejszej ekstraklasy i czterokrotnym mistrzem kraju, pilnie poszukuje wzmocnie\u0144 przed dalsz\u0105 cz\u0119\u015bci\u0105 rozgrywek krajowych. Okno transferowe w Grecji pozostaje otwarte do 15 wrze\u015bnia, co daje tamtejszym dzia\u0142aczom czas na domkni\u0119cie transakcji.<\/p>\n<p>M\u0142ody golkiper wyceniany jest przez portal Transfermarkt na oko\u0142o 5 mln euro, a jego kontrakt z Duma Podlasia obowi\u0105zuje do czerwca 2028 roku. Wcze\u015bniej pi\u0142karzem interesowa\u0142o si\u0119 m.in. francuskie AS Saint-\u00c9tienne, jednak w\u00f3wczas rozmowy zako\u0144czy\u0142y si\u0119 fiaskiem.<\/p>\n<p>  <a name=\"topic_1\">Pewny punkt w uk\u0142adance Siemie\u0144ca<\/a>  <\/p>\n<p>S\u0142awomir Abramowicz to niekwestionowany numer jeden w bramce dru\u017cyny Adriana Siemie\u0144ca. W trwaj\u0105cym sezonie 2026\/2027 rozegra\u0142 wszystkie dziewi\u0119\u0107 spotka\u0144 w pe\u0142nym wymiarze czasowym \u2013 pi\u0119\u0107 w PKO BP Ekstraklasie oraz cztery w eliminacjach Ligi Europy.\u00a0 \u0141\u0105cznie w barwach Jagiellonii zaliczy\u0142 ju\u017c 113 wyst\u0119p\u00f3w, w kt\u00f3rych zachowa\u0142 36 czystych kont. Odgrywa kluczow\u0105 rol\u0119 w zespole, kt\u00f3ry udanie wszed\u0142 w nowe rozgrywki.<\/p>\n<p>Ewentualne odej\u015bcie Abramowicza stworzy\u0142oby spore wyzwanie dla sztabu szkoleniowego. Gdyby dosz\u0142o do transferu, pierwszym bramkarzem w Lidze Europy\u00a0\u017c\u00f3\u0142to-czerwonych zosta\u0142by 18-letni Micha\u0142 Perchel, sprowadzony w maju 2026 roku z Puszczy Niepo\u0142omice.<\/p>\n<p>Kluczowym problemem pozostaje jednak zg\u0142oszenie zawodnik\u00f3w do europejskich puchar\u00f3w. Termin rejestracji kadry na faz\u0119 ligow\u0105 Ligi Europy min\u0105\u0142 na pocz\u0105tku wrze\u015bnia, co oznacza, \u017ce Jagiellonia nie mog\u0142aby ju\u017c sprowadzi\u0107 i zg\u0142osi\u0107 nowego golkipera w miejsce Abramowicza. Na ten fakt zwr\u00f3ci\u0142 uwag\u0119 dziennikarz Kuba Seweryn, podkre\u015blaj\u0105c, \u017ce &#8222;Jaga nie mo\u017ce sobie teraz na to pozwoli\u0107&#8221;.<\/p>\n<p>  <a name=\"topic_2\">Ostateczne decyzje w r\u0119kach zarz\u0105du<\/a>  <\/p>\n<p>Sytuacja jest dynamiczna. Zarz\u0105d Jagiellonii stoi przed dylematem pomi\u0119dzy potencjalnie du\u017cym zyskiem finansowym a zachowaniem stabilno\u015bci w bramce przed wymagaj\u0105cymi meczami w lidze i pucharach, a i sam Abramowicz ma si\u0119 nad czym zastanawia\u0107. Gra w Lidze Europy mo\u017ce by\u0107 przepustk\u0105 dla m\u0142odego golkipera do znacznie lepszej ligi ni\u017c grecka, a PAOK z europejskich\u00a0rozgrywek odpad\u0142. Niebawem poznamy ostateczn\u0105 odpowied\u017a, czy Abramowicz doko\u0144czy sezon w Bia\u0142ymstoku, czy te\u017c zmieni barwy klubowe jeszcze we wrze\u015bniu.<\/p>\n<p>Czy Waszym zdaniem Jagiellonia powinna sprzeda\u0107 S\u0142awomira Abramowicza ju\u017c teraz, czy zatrzyma\u0107 go na rund\u0119 jesienn\u0105? Jak oceniacie szanse 18-letniego Micha\u0142a Perchela w pierwszej dru\u017cynie? Zostawcie sw\u00f3j komentarz pod artyku\u0142em!<\/p>\n<p>Przemys\u0142aw Sarosiek<\/p>\n<p>                                                                                                                                                                                                        ]]><\/p>\n","protected":false},"excerpt":{"rendered":"Czy\u017cby wielki transfer na horyzoncie w Bia\u0142ymstoku? S\u0142awomir Abramowicz, podstawowy bramkarz i jeden z najwa\u017cniejszych filar\u00f3w Jagiellonii, znalaz\u0142&hellip;\n","protected":false},"author":2,"featured_media":671205,"comment_status":"","ping_status":"","sticky":false,"template":"","format":"standard","meta":{"footnotes":"","_share_on_mastodon":"0"},"categories":[51614],"tags":[2617,2151,5809,2615,55363,123410,130217,84023,130215,130216,5249,752,42,38,40,39,41,55452,12045,123409,130219,130218],"class_list":["post-671204","post","type-post","status-publish","format-standard","has-post-thumbnail","category-bialystok","tag-adrian-siemieniec","tag-bialystok","tag-jagiellonia","tag-jagiellonia-bialystok","tag-klub-nocny","tag-kontrakt-do-2028","tag-liga-europy-jagiellonii","tag-michal-perchel","tag-oferta-transferowa","tag-okno-transferowe-grecja","tag-paok-saloniki","tag-pko-bp","tag-pl","tag-poland","tag-polish","tag-polska","tag-polski","tag-przemyslaw-sarosiek","tag-slawomir-abramowicz","tag-transfer-bramkarza","tag-wycena-transfermarkt-5-mln-euro","tag-wycena-transfermarkt-5-mln-eurobialystok"],"share_on_mastodon":{"url":"https:\/\/pubeurope.com\/@pl\/117224359166729262","error":""},"_links":{"self":[{"href":"https:\/\/www.europesays.com\/pl\/wp-json\/wp\/v2\/posts\/671204","targetHints":{"allow":["GET"]}}],"collection":[{"href":"https:\/\/www.europesays.com\/pl\/wp-json\/wp\/v2\/posts"}],"about":[{"href":"https:\/\/www.europesays.com\/pl\/wp-json\/wp\/v2\/types\/post"}],"author":[{"embeddable":true,"href":"https:\/\/www.europesays.com\/pl\/wp-json\/wp\/v2\/users\/2"}],"replies":[{"embeddable":true,"href":"https:\/\/www.europesays.com\/pl\/wp-json\/wp\/v2\/comments?post=671204"}],"version-history":[{"count":0,"href":"https:\/\/www.europesays.com\/pl\/wp-json\/wp\/v2\/posts\/671204\/revisions"}],"wp:featuredmedia":[{"embeddable":true,"href":"https:\/\/www.europesays.com\/pl\/wp-json\/wp\/v2\/media\/671205"}],"wp:attachment":[{"href":"https:\/\/www.europesays.com\/pl\/wp-json\/wp\/v2\/media?parent=671204"}],"wp:term":[{"taxonomy":"category","embeddable":true,"href":"https:\/\/www.europesays.com\/pl\/wp-json\/wp\/v2\/categories?post=671204"},{"taxonomy":"post_tag","embeddable":true,"href":"https:\/\/www.europesays.com\/pl\/wp-json\/wp\/v2\/tags?post=671204"}],"curies":[{"name":"wp","href":"https:\/\/api.w.org\/{rel}","templated":true}]}}