{"id":671248,"date":"2026-09-06T13:56:15","date_gmt":"2026-09-06T13:56:15","guid":{"rendered":"https:\/\/www.europesays.com\/pl\/671248\/"},"modified":"2026-09-06T13:56:15","modified_gmt":"2026-09-06T13:56:15","slug":"w-dino-od-jutra-startuje-promocja-na-164-zl-trzeba-podjechac-samochodem","status":"publish","type":"post","link":"https:\/\/www.europesays.com\/pl\/671248\/","title":{"rendered":"W Dino od jutra startuje promocja na 1,64 z\u0142. Trzeba podjecha\u0107 samochodem"},"content":{"rendered":"<p>B\u0119dzie ci\u0119\u017cko zabra\u0107 si\u0119 jutro bez auta. Dino zapowiedzia\u0142o trzy promocje, kt\u00f3re skusz\u0105 wiele os\u00f3b.<\/p>\n<p>Jutro, czyli 07.09.2026 mamy trzy g\u0142\u00f3wne promocje. Pierwsza dotyczy wody gazowanej, konkretnie Muszynianki. Ta zostanie przeceniona w formule 6+6, gdzie jedna sztuka ma kosztowa\u0107 zaledwie 1,64 z\u0142. Oczywi\u015bcie limit\u00f3w brak. Oznacza to tyle, \u017ce mo\u017cecie wzi\u0105\u0107 12 butelek, a mo\u017ce ich bra\u0107 i 24. W\u00f3wczas dalej b\u0119dziecie p\u0142aci\u0107 po 1,64 z\u0142 zamiast 3,20 z\u0142.<\/p>\n<p><a href=\"https:\/\/boop.pl\/img\/#https:\/\/img.boop.pl\/uploads\/2026\/09\/210106552565.jpg?class=full\" data-no-instant=\"\" rel=\"noopener nofollow\" aria-label=\"Obrazek 571x844\" target=\"_blank\"><img decoding=\"async\" loading=\"lazy\" class=\"aligncenter size-full img-444608\" src=\"https:\/\/www.europesays.com\/pl\/wp-content\/uploads\/2026\/09\/210106552565.jpg\"   width=\"571\" height=\"844\" alt=\"\"\/><\/a><\/p>\n<p>Druga promocja dotyczy chleba \u017cytniego. Dino podpatrzy\u0142o, \u017ce Biedronka przeceni\u0142a sw\u00f3j chleb i odpowiada. Chleb w 100% \u017cytni, 5 ziaren o gramaturze 500 g b\u0119dzie od rana przeceniony na 1,89 z\u0142 zamiast 3,79 z\u0142. B\u0119dzie to wi\u0119c najta\u0144szy bochenek w\u015br\u00f3d popularnych sieci.<\/p>\n<p><a href=\"https:\/\/boop.pl\/img\/#https:\/\/img.boop.pl\/uploads\/2026\/09\/310106442259.jpg?class=full\" data-no-instant=\"\" rel=\"noopener nofollow\" aria-label=\"Obrazek 431x728\" target=\"_blank\"><img decoding=\"async\" loading=\"lazy\" class=\"aligncenter size-full img-444609\" src=\"https:\/\/www.europesays.com\/pl\/wp-content\/uploads\/2026\/09\/310106442259.jpg\"   width=\"431\" height=\"728\" alt=\"\"\/><\/a><\/p>\n<p>Trzecia promocja jest ju\u017c o wiele \u201espokojniejsza\u201d, bo banany po prostu b\u0119d\u0105 po 3,49 z\u0142 zamiast 6,99 z\u0142. Nie jest to najta\u0144sza opcja na rynku, ale op\u0142aca si\u0119 bardziej, ni\u017c zazwyczaj.<\/p>\n<p>Je\u017celi Wam si\u0119 jutro uda, to polecam wzi\u0105\u0107 tak\u017ce skyr naturalny marki Polmlek. Kilogramowe opakowania s\u0105 przecenione na 7,99 z\u0142, gdzie normalnie nale\u017ca\u0142o za nie zap\u0142aci\u0107 12,99 z\u0142. Tyle, \u017ce akurat ta promocja nie dzia\u0142a w ca\u0142ej Polsce, a jedynie w wybranych sklepach.<\/p>\n","protected":false},"excerpt":{"rendered":"B\u0119dzie ci\u0119\u017cko zabra\u0107 si\u0119 jutro bez auta. Dino zapowiedzia\u0142o trzy promocje, kt\u00f3re skusz\u0105 wiele os\u00f3b. Jutro, czyli 07.09.2026&hellip;\n","protected":false},"author":2,"featured_media":671249,"comment_status":"","ping_status":"","sticky":false,"template":"","format":"standard","meta":{"footnotes":"","_share_on_mastodon":"0"},"categories":[52249],"tags":[857,41997,3103,42,38,40,39,41,862],"class_list":["post-671248","post","type-post","status-publish","format-standard","has-post-thumbnail","category-dino-polska","tag-dino","tag-dino-polska","tag-dla-ciebie","tag-pl","tag-poland","tag-polish","tag-polska","tag-polski","tag-promocje"],"share_on_mastodon":{"url":"https:\/\/pubeurope.com\/@pl\/117224446179938325","error":""},"_links":{"self":[{"href":"https:\/\/www.europesays.com\/pl\/wp-json\/wp\/v2\/posts\/671248","targetHints":{"allow":["GET"]}}],"collection":[{"href":"https:\/\/www.europesays.com\/pl\/wp-json\/wp\/v2\/posts"}],"about":[{"href":"https:\/\/www.europesays.com\/pl\/wp-json\/wp\/v2\/types\/post"}],"author":[{"embeddable":true,"href":"https:\/\/www.europesays.com\/pl\/wp-json\/wp\/v2\/users\/2"}],"replies":[{"embeddable":true,"href":"https:\/\/www.europesays.com\/pl\/wp-json\/wp\/v2\/comments?post=671248"}],"version-history":[{"count":0,"href":"https:\/\/www.europesays.com\/pl\/wp-json\/wp\/v2\/posts\/671248\/revisions"}],"wp:featuredmedia":[{"embeddable":true,"href":"https:\/\/www.europesays.com\/pl\/wp-json\/wp\/v2\/media\/671249"}],"wp:attachment":[{"href":"https:\/\/www.europesays.com\/pl\/wp-json\/wp\/v2\/media?parent=671248"}],"wp:term":[{"taxonomy":"category","embeddable":true,"href":"https:\/\/www.europesays.com\/pl\/wp-json\/wp\/v2\/categories?post=671248"},{"taxonomy":"post_tag","embeddable":true,"href":"https:\/\/www.europesays.com\/pl\/wp-json\/wp\/v2\/tags?post=671248"}],"curies":[{"name":"wp","href":"https:\/\/api.w.org\/{rel}","templated":true}]}}