{"id":671316,"date":"2026-09-06T14:40:19","date_gmt":"2026-09-06T14:40:19","guid":{"rendered":"https:\/\/www.europesays.com\/pl\/671316\/"},"modified":"2026-09-06T14:40:19","modified_gmt":"2026-09-06T14:40:19","slug":"trump-wyslal-na-kreml-specjalny-duet-ekspert-polska-musi-byc-przygotowana","status":"publish","type":"post","link":"https:\/\/www.europesays.com\/pl\/671316\/","title":{"rendered":"Trump wys\u0142a\u0142 na Kreml specjalny duet. Ekspert: Polska musi by\u0107 przygotowana"},"content":{"rendered":"<p>Ta para to ludzie od zada\u0144 specjalnych Donalda Trumpa. W sobot\u0119 wys\u0142annicy prezydenta USA Steve Witkoff i Jared Kushner pojawili si\u0119 na Kremlu, gdzie przez trzy godziny rozmawiali z przyw\u00f3dc\u0105 Rosji W\u0142adimirem Putinem. Temat spotkania by\u0142 jasny \u2014 zako\u0144czenie wojny w Ukrainie.<\/p>\n<p>\u2014 Wys\u0142ali\u015bmy dw\u00f3ch \u015bwietnych negocjator\u00f3w, \u017ceby sprawdzili, czy mo\u017cemy co\u015b zrobi\u0107. I jest spora szansa, \u017ce nam si\u0119 uda \u2014 <a href=\"https:\/\/wiadomosci.onet.pl\/swiat\/wyslannicy-trumpa-leca-do-kijowa-przyniosa-propozycje-zakonczenia-wojny\/gk54m3w\" id=\"1ed5eb39-8f0f-4f63-ac1c-fa33484b3964\" rel=\"nofollow noopener\" target=\"_blank\">m\u00f3wi\u0142 przed rozmowami z w\u0142a\u015bciwym sobie optymizmem Trump<\/a>. Rosjanie po spotkaniu byli bardziej zachowawczy. Jurij Uszakow, doradca Putina do spraw polityki zagranicznej, okre\u015bli\u0142 rozmowy jako &#8222;u\u017cyteczne&#8221; i oceni\u0142, \u017ce wys\u0142annicy USA &#8222;powa\u017cnie przygotowali si\u0119 do tej wizyty&#8221;.<img class=\"ods-a-photo ods-a-photo--background\" src=\"https:\/\/www.europesays.com\/pl\/wp-content\/uploads\/2026\/09\/4_Qk9lBaHR0cHM6Ly9vY2RuLmV1L3B1bHNjbXMvTURBXy8zYWI3ZTJiZDMxZjk1OTJmYWRmY2NmZGQ2N2NhMWM2Yy5qcGeRkwXNB.jpeg\" height=\"624\" width=\"940\" alt=\"Jared Kushner i Steve Witkoff na Kremlu 5 wrze\u015bnia 2026 r. \" loading=\"lazy\" fetchpriority=\"auto\" decoding=\"auto\" url=\"https:\/\/ocdn.eu\/pulscms\/MDA_\/3ab7e2bd31f9592fadfccfdd67ca1c6c.jpg\" description=\"Jared Kushner i Steve Witkoff na Kremlu 5 wrze\u015bnia 2026 r. \" author=\"Gavriil GRIGOROV \/ SPUTNIK \/ PAP\" source=\"\" link=\"\"\/><\/p>\n<p>Gavriil GRIGOROV \/ SPUTNIK \/ PAP<\/p>\n<p>Jared Kushner i Steve Witkoff na Kremlu 5 wrze\u015bnia 2026 r. <\/p>\n<p>Bezpo\u015brednio po spotkaniu na Kremlu <a href=\"https:\/\/wiadomosci.onet.pl\/swiat\/z-moskwy-do-kijowa-wyslannicy-trumpa-przybyli-do-ukrainy\/e56m5tw\" id=\"85f97d1a-fb2d-426e-ae2c-ee7652ec07b8\" rel=\"nofollow noopener\" target=\"_blank\">Amerykanie udali si\u0119 do Kijowa<\/a>, gdzie zaplanowane zosta\u0142y rozmowy z prezydentem Ukrainy Wo\u0142odymyrem Ze\u0142enskim. W zwi\u0105zku z ich misj\u0105 Rosjanie zgodzili si\u0119 na trzydniowe zaprzestanie atak\u00f3w na Kij\u00f3w, a Ukrai\u0144cy zapowiedzieli w tym samym czasie wstrzymanie uderze\u0144 na Moskw\u0119. Nie oznacza to jednak zawieszenia broni w innych rejonach konfliktu.<\/p>\n<p>Witkoff i Kushner to najbardziej zaufani wsp\u00f3\u0142pracownicy Trumpa w kwestiach mi\u0119dzynarodowych, cho\u0107 \u017caden z nich nie ma typowego do\u015bwiadczenia dyplomatycznego. Pierwszy z nich jest miliarderem i inwestorem na rynku nieruchomo\u015bci, drugi \u2014 zi\u0119ciem prezydenta USA. Obaj przy r\u00f3\u017cnych okazjach uczestniczyli w kluczowych negocjacjach na Bliskim Wschodzie, m.in. prowadz\u0105c na pocz\u0105tku tego roku rozmowy z Iranem, kt\u00f3re zako\u0144czy\u0142y si\u0119 atakiem Stan\u00f3w Zjednoczonych i Izraela na ten kraj.<\/p>\n<p>Para specjalnych wys\u0142annik\u00f3w odwiedza\u0142a ju\u017c wcze\u015bniej Moskw\u0119 i spotyka\u0142a si\u0119 z W\u0142adimirem Putinem. Witkoff kilkukrotnie lata\u0142 do Rosji w 2025 r., p\u00f3\u017aniej do\u0142\u0105czy\u0142 do niego Kushner. Ostatnia taka ich wizyta mia\u0142a miejsce w styczniu. Potem nast\u0105pi\u0142a przerwa.<\/p>\n<p>\u2014 Te rozmowy by\u0142y planowane od miesi\u0119cy i nie jest tak, \u017ce nagle podj\u0119to decyzj\u0119 o ich wznowieniu \u2014 m\u00f3wi w rozmowie z Onetem dr Aleksander Olech, specjalista do spraw polityki mi\u0119dzynarodowej i redaktor naczelny portalu Defence24. Jego zdaniem kluczowy jest moment spotkania, czyli pocz\u0105tek wrze\u015bnia i okres tu\u017c przed zim\u0105.<\/p>\n<p>\u2014 Rosja traci bardzo du\u017co \u017co\u0142nierzy, Ukraina jest mocno wyniszczona, dlatego od dawna by\u0142o wiadomo, \u017ce na pewnym etapie rozmowy trzeba b\u0119dzie wznowi\u0107. Wcze\u015bniej Rosja nie by\u0142a skora do negocjacji, a Ukraina wykorzystywa\u0142a to, \u017ce otrzymywa\u0142a bardzo du\u017co uzbrojenia od pa\u0144stw zachodnich. Teraz sytuacja jest inna i moment wrze\u015bniowy jest do\u015b\u0107 naturalny \u2014 zaznacza dr Olech.<\/p>\n<p>Ekspert podkre\u015bla przy tym rol\u0119 Stan\u00f3w Zjednoczonych. \u2014 Po raz kolejny mamy oczekiwania wobec Europy i ca\u0142ego Zachodu, jak ten konflikt zako\u0144czy\u0107, ale w praktyce nikt poza USA nie jest dzi\u015b w stanie prowadzi\u0107 takich negocjacji. Turcji ju\u017c praktycznie nie ma na tej agendzie, podobnie nie ma pa\u0144stw arabskich. <a href=\"https:\/\/wiadomosci.onet.pl\/swiat\/koalicja-chetnych-obraduje-w-kijowie-polske-reprezentuje-radoslaw-sikorski\/07q8wtb\" id=\"16b642e5-7736-4a55-a14f-338df1a0234d\" rel=\"nofollow noopener\" target=\"_blank\">Koalicja ch\u0119tnych, czyli Francja, Niemcy i Wielka Brytania<\/a>, r\u00f3wnie\u017c ma tutaj ograniczone znaczenie \u2014 zwraca uwag\u0119 redaktor naczelny Defence24.Dalszy ci\u0105g artyku\u0142u pod materia\u0142em wideo&#8221;Ukrainie bardzo zale\u017cy na porozumieniu. Czas ma coraz wi\u0119ksze znaczenie&#8221;<\/p>\n<p>\u2014 Sama wizyta i wznowienie rozm\u00f3w s\u0105 bardzo dobrym sygna\u0142em, je\u015bli chodzi o pr\u00f3b\u0119 zako\u0144czenia konfliktu \u2014 uwa\u017ca dr Olech. Zastrzega jednak, \u017ce &#8222;nie jest to jeszcze \u017caden prze\u0142om&#8221;.<\/p>\n<p>\u2014 Nawet je\u015bli dojdzie do porozumienia, nie b\u0119dzie tak, \u017ce jednego dnia zostanie ono og\u0142oszone, a nast\u0119pnego przestan\u0105 pada\u0107 strza\u0142y. To b\u0119dzie proces bardzo stopniowy, z wieloma mniejszymi i wi\u0119kszymi elementami, kt\u00f3re b\u0119d\u0105 wdra\u017cane powoli \u2014 t\u0142umaczy.<\/p>\n<p>\u2014 Wida\u0107 te\u017c, jak bardzo Ukrainie zale\u017cy dzi\u015b na porozumieniu. Kij\u00f3w jest gotowy spotyka\u0107 si\u0119 z przedstawicielami ameryka\u0144skimi i rosyjskimi. Ukraina potrzebuje pokoju w momencie, kiedy nadal jest w stanie powstrzymywa\u0107 rosyjsk\u0105 ofensyw\u0119. Brakuje jej uzbrojenia, nie pomagaj\u0105 problemy korupcyjne, pogorszy\u0142y si\u0119 tak\u017ce relacje z cz\u0119\u015bci\u0105 pa\u0144stw, kt\u00f3re na pocz\u0105tku wojny by\u0142y jej najwa\u017cniejszymi partnerami \u2014 zwraca uwag\u0119 ekspert.<\/p>\n<p><img class=\"ods-a-photo ods-a-photo--background\" src=\"https:\/\/www.europesays.com\/pl\/wp-content\/uploads\/2026\/09\/ZMjk9lGaHR0cHM6Ly9vY2RuLmV1L3B1bHNjbXMvTURBXy81ZGM0MDE4ZS1iZGVhLTQ5YjUtYWQ5YS05ZmZjOWZkM2Y2MjguanBlZ.jpeg\" height=\"627\" width=\"940\" alt=\"Wo\u0142odymyr Ze\u0142enski, Steve Witkoff, i Jared Kushner w Kijowie 6 wrze\u015bnia 2026 r.\" loading=\"lazy\" fetchpriority=\"auto\" decoding=\"auto\" url=\"https:\/\/ocdn.eu\/pulscms\/MDA_\/5dc4018e-bdea-49b5-ad9a-9ffc9fd3f628.jpeg\" description=\"Wo\u0142odymyr Ze\u0142enski, Steve Witkoff, i Jared Kushner w Kijowie 6 wrze\u015bnia 2026 r.\" author=\"PAP\/Vladyslav Musiienko\" source=\"\" link=\"\"\/><\/p>\n<p>PAP\/Vladyslav Musiienko<\/p>\n<p>Wo\u0142odymyr Ze\u0142enski, Steve Witkoff, i Jared Kushner w Kijowie 6 wrze\u015bnia 2026 r.<\/p>\n<p>Zdaniem Olecha &#8222;Ze\u0142enski widzi r\u00f3wnie\u017c, jak zmienia si\u0119 sytuacja polityczna w Niemczech czy Francji&#8221;. \u2014 Dlatego dla Ukrainy czas zaczyna mie\u0107 coraz wi\u0119ksze znaczenie \u2014 zaznacza.<\/p>\n<p>W dw\u00f3ch najwi\u0119kszych krajach Unii Europejskiej od lat w si\u0142\u0119 ro\u015bnie skrajna prawica. W Niemczech w niedziel\u0119 odbywaj\u0105 si\u0119 regionalne wybory w Saksonii-Anhalt, w kt\u00f3rych <a href=\"https:\/\/wiadomosci.onet.pl\/swiat\/jeden-dzien-zdecyduje-o-przyszlosci-niemiec-afd-o-krok-od-wladzy-wyjasniamy\/mql3yld\" id=\"1d85556b-2c37-4a72-9e6d-db9db48b59d9\" rel=\"nofollow noopener\" target=\"_blank\">zdecydowanym faworytem jest przychylnie nastawiona do Rosji partia Alternatywa dla Niemiec<\/a>. Skrajne ugrupowanie ma szans\u0119, by po raz pierwszy przej\u0105\u0107 w\u0142adz\u0119 w jednym z niemieckich land\u00f3w.Z kolei we Francji trwaj\u0105 ju\u017c przygotowania do przysz\u0142orocznych wybor\u00f3w prezydenckich. W sonda\u017cach wyra\u017anie prowadzi Marine Le Pen, w przesz\u0142o\u015bci ciep\u0142o odnosz\u0105ca si\u0119 do W\u0142adimira Putina i deklaruj\u0105ca uznanie aneksji Krymu w razie zdobycia przez ni\u0105 prezydentury. <a href=\"https:\/\/www.onet.pl\/informacje\/onetwiadomosci\/pomoc-dla-ukrainy-koscia-niezgody-w-partii-le-pen-wewnetrzne-podzialy-daja-amunicje\/ghzp9yq,79cfc278\" id=\"29e5203c-6e26-4d43-aae5-29d1d77247d8\" rel=\"nofollow noopener\" target=\"_blank\">Przedstawiciel ugrupowania Le Pen niedawno zapowiedzia\u0142 &#8222;zakr\u0119cenie kurka&#8221;<\/a> z pomoc\u0105 dla Ukrainy, je\u015bli jego partia obejmie w\u0142adz\u0119.<\/p>\n<p class=\"ods-o-frame-in-text__paragraph\">&#8222;Fronty Wojny&#8221;. Fala rosyjskich akt\u00f3w sabota\u017cu w Europie. &#8222;Musimy si\u0119 przygotowa\u0107 do realnej pr\u00f3by&#8221;<\/p>\n<p class=\"ods-o-frame-in-text__paragraph\"><a href=\"https:\/\/wiadomosci.onet.pl\/tylko-w-onecie\/fala-rosyjskich-atakow-w-europie-musimy-sie-przygotowac-do-realnej-proby\/wjss5jr?tpcc=202608_bloczek_newsroom\" id=\"52977d14-ba89-4658-94dd-6b5539c6f51e\" rel=\"nofollow noopener\" target=\"_blank\">PRZECZYTAJ ARTYKU\u0141<\/a><\/p>\n<p><img class=\"ods-a-photo ods-a-photo--background\" src=\"https:\/\/www.europesays.com\/pl\/wp-content\/uploads\/2026\/09\/1788705619_637_bbmk9lBaHR0cHM6Ly9vY2RuLmV1L3B1bHNjbXMvTURBXy9hODM5M2VhMjNlMDVkMDI4NzUzNTJiMDY0NDgxNjg2MC5wbmeRlQLNA.jpeg\" height=\"253\" width=\"450\" alt=\"Po lewej: niemiecka policja przeszukuj\u0105ca samoch\u00f3d, kt\u00f3ry mo\u017ce by\u0107 powi\u0105zany z aktami sabota\u017cu w Niemczech; po prawej: prof. Dariusz Kozerawski\" loading=\"lazy\" fetchpriority=\"low\" decoding=\"async\"\/>Rosja mo\u017ce teraz wzmaga\u0107 sabota\u017c. &#8222;Polska musi by\u0107 przygotowana&#8221;<\/p>\n<p>Efekt misji Witkoffa i Kushnera ma naturalnie znaczenie tak\u017ce dla naszego kraju. \u2014 Z polskiej perspektywy najwa\u017cniejsze jest to, \u017ce negocjacje prowadz\u0105 Amerykanie. W dniach 9-10 wrze\u015bnia b\u0119dziemy mieli r\u00f3wnie\u017c delegacj\u0119 ameryka\u0144sk\u0105 w Polsce i trzeba patrze\u0107 na to tak\u017ce w kontek\u015bcie naszej wsp\u00f3\u0142pracy obronnej. Polska by\u0142a jednym z pierwszych pa\u0144stw, kt\u00f3re bardzo mocno pomaga\u0142y Ukrainie, dlatego zatrzymanie wojny i ograniczenie rosyjskich atak\u00f3w s\u0105 r\u00f3wnie\u017c bezpo\u015brednio w naszym interesie \u2014 podkre\u015bla dr Olech.<\/p>\n<p>\u2014 Trzeba jednak pami\u0119ta\u0107 o jeszcze jednym elemencie \u2014 dodaje. \u2014 Rosja, kt\u00f3ra siada do sto\u0142u w kontek\u015bcie wojny, to Rosja, kt\u00f3ra pozwala sobie na wi\u0119cej w kontek\u015bcie sabota\u017cu, terroryzmu i atak\u00f3w hybrydowych.<\/p>\n<p>W ostatnich dniach w Polsce dosz\u0142o do dw\u00f3ch po\u017car\u00f3w w zak\u0142adach zbrojeniowych. Ogie\u0144 wybuch\u0142 w hali produkuj\u0105cej komponenty lotnicze firmy <a href=\"https:\/\/wiadomosci.onet.pl\/lublin\/pozar-w-zakladach-w-lublinie-prokuratura-zabezpieczyla-serwer-monitoringu\/zcf6f2w\" id=\"1b6148d1-6026-47a0-b10f-e93244130c0d\" rel=\"nofollow noopener\" target=\"_blank\">JFG Composites w Lublinie<\/a> oraz w <a href=\"https:\/\/wiadomosci.onet.pl\/kraj\/pozar-w-kluczowym-zakladzie-w-polsce-czemu-wb-electronics-jest-tak-wazne-wyjasniamy\/lh6yy06\" id=\"38f0c8c6-a71c-48dc-9ce0-c3d755574d5d\" rel=\"nofollow noopener\" target=\"_blank\">specjalizuj\u0105cej si\u0119 w budowie dron\u00f3w fabryce Grupy WB w Skra\u017cysku-Kamiennej<\/a>. S\u0142u\u017cby badaj\u0105 rosyjskie \u015blady w obu tych sprawach. Do pr\u00f3by podpalenia obiekt\u00f3w zwi\u0105zanych ze zbrojeni\u00f3wk\u0105 <a href=\"https:\/\/www.onet.pl\/informacje\/onetwiadomosci\/kolejny-grozny-incydent-w-niemczech-proba-podpalenia-w-poblizu-siedzib-firm\/182v341,79cfc278\" id=\"6c2b7d88-d9c7-4921-a957-840e539ae45f\" rel=\"nofollow noopener\" target=\"_blank\">dosz\u0142o w tym tygodniu r\u00f3wnie\u017c w Niemczech<\/a>.W poniedzia\u0142ek i czwartek nad Ba\u0142tykiem polskie my\u015bliwce przechwyci\u0142y rosyjskie samoloty rozpoznawcze I\u0142-20. &#8222;Rosja po raz kolejny testowa\u0142a nasze systemy odstraszania i obrony powietrznej&#8221; \u2014 <a href=\"https:\/\/wiadomosci.onet.pl\/kraj\/polska-przechwycila-rosyjski-samolot-szpiegowski\/lmn9d78\" id=\"f2c6af06-1a7e-493d-8ed1-b683fada634b\" rel=\"nofollow noopener\" target=\"_blank\">stwierdzi\u0142 minister obrony narodowej W\u0142adys\u0142aw Kosiniak-Kamysz<\/a>.<\/p>\n<p>\u2014 Rozmowy pokojowe nie oznaczaj\u0105, \u017ce presja rosyjska na Polsk\u0119 i inne pa\u0144stwa NATO zniknie \u2014 zaznacza dr Olech. \u2014 Wr\u0119cz przeciwnie \u2014 w takim okresie dzia\u0142ania dywersyjne i sabota\u017cowe mog\u0105 by\u0107 wzmacniane. I w\u0142a\u015bnie na to Polska musi by\u0107 szczeg\u00f3lnie przygotowana.<\/p>\n<p>Chcesz porozmawia\u0107 z autorem? Napisz: marcin.terlik@redakcjaonet.pl<\/p>\n","protected":false},"excerpt":{"rendered":"Ta para to ludzie od zada\u0144 specjalnych Donalda Trumpa. W sobot\u0119 wys\u0142annicy prezydenta USA Steve Witkoff i Jared&hellip;\n","protected":false},"author":2,"featured_media":671317,"comment_status":"","ping_status":"","sticky":false,"template":"","format":"standard","meta":{"footnotes":"","_share_on_mastodon":"0"},"categories":[12],"tags":[56,61195,44,48,46,42,38,40,39,41,87,47,341,415,71,408,309],"class_list":["post-671316","post","type-post","status-publish","format-standard","has-post-thumbnail","category-polska","tag-article_premium","tag-bottomfeed_styl","tag-donald_trump","tag-nat_styl","tag-omp","tag-pl","tag-poland","tag-polish","tag-polska","tag-polski","tag-rosja","tag-screening_general","tag-tylko_w_onecie","tag-ukraina","tag-usa","tag-wladimir_putin","tag-wolodymyr_zelenski"],"share_on_mastodon":{"url":"https:\/\/pubeurope.com\/@pl\/117224619917216348","error":""},"_links":{"self":[{"href":"https:\/\/www.europesays.com\/pl\/wp-json\/wp\/v2\/posts\/671316","targetHints":{"allow":["GET"]}}],"collection":[{"href":"https:\/\/www.europesays.com\/pl\/wp-json\/wp\/v2\/posts"}],"about":[{"href":"https:\/\/www.europesays.com\/pl\/wp-json\/wp\/v2\/types\/post"}],"author":[{"embeddable":true,"href":"https:\/\/www.europesays.com\/pl\/wp-json\/wp\/v2\/users\/2"}],"replies":[{"embeddable":true,"href":"https:\/\/www.europesays.com\/pl\/wp-json\/wp\/v2\/comments?post=671316"}],"version-history":[{"count":0,"href":"https:\/\/www.europesays.com\/pl\/wp-json\/wp\/v2\/posts\/671316\/revisions"}],"wp:featuredmedia":[{"embeddable":true,"href":"https:\/\/www.europesays.com\/pl\/wp-json\/wp\/v2\/media\/671317"}],"wp:attachment":[{"href":"https:\/\/www.europesays.com\/pl\/wp-json\/wp\/v2\/media?parent=671316"}],"wp:term":[{"taxonomy":"category","embeddable":true,"href":"https:\/\/www.europesays.com\/pl\/wp-json\/wp\/v2\/categories?post=671316"},{"taxonomy":"post_tag","embeddable":true,"href":"https:\/\/www.europesays.com\/pl\/wp-json\/wp\/v2\/tags?post=671316"}],"curies":[{"name":"wp","href":"https:\/\/api.w.org\/{rel}","templated":true}]}}