{"id":671460,"date":"2026-09-06T16:11:16","date_gmt":"2026-09-06T16:11:16","guid":{"rendered":"https:\/\/www.europesays.com\/pl\/671460\/"},"modified":"2026-09-06T16:11:16","modified_gmt":"2026-09-06T16:11:16","slug":"rowerzysta-bohaterem-w-siedmicy-jego-reakcja-ocalila-zycie-mezczyzny","status":"publish","type":"post","link":"https:\/\/www.europesays.com\/pl\/671460\/","title":{"rendered":"Rowerzysta bohaterem w Siedmicy. Jego reakcja ocali\u0142a \u017cycie m\u0119\u017cczyzny"},"content":{"rendered":"<p>Dramatyczne chwile rozegra\u0142y si\u0119 w czwartek, 3 wrze\u015bnia, <a href=\"https:\/\/www.fakt.pl\/wydarzenia\/polska\/slask\/ratownicy-gopr-w-akcji-zawal-upadek-i-paralotniarz-na-drzewie\/xtm1fxy\" id=\"8af29078-5f85-43e4-b1fc-0117f709ff27\" rel=\"nofollow noopener\" target=\"_blank\">na le\u015bnej drodze w Siedmicy pod Jaworem (woj. dolno\u015bl\u0105skie)<\/a>. By\u0142a godz. 19.00, gdy 47-latek jecha\u0142 lasem na rowerze razem ze swoj\u0105 partnerk\u0105. W pewnym momencie bardzo \u017ale si\u0119 poczu\u0142. \u2014 M\u0119\u017cczyzna zd\u0105\u017cy\u0142 powiedzie\u0107 kobiecie, \u017ce prawdopodobnie ma zawa\u0142 serca. Po chwili upad\u0142 i wtedy wszystko si\u0119 zacz\u0119\u0142o \u2014 m\u00f3wi w rozmowie z &#8222;Faktem&#8221; oficer dy\u017curny Pa\u0144stwowej Stra\u017cy Po\u017carnej w Jaworze.Dalszy ci\u0105g artyku\u0142u pod materia\u0142em wideo47-latek zas\u0142ab\u0142 w lesie. Przypadkowy rowerzysta rozpocz\u0105\u0142 reanimacj\u0119.<a href=\"https:\/\/www.fakt.pl\/\" title=\"Strona G\u0142\u00f3wna\" aria-label=\"Strona G\u0142\u00f3wna\" data-astro-prefetch=\"tap\" class=\"ods-a-logo-main-desktop\" rel=\"nofollow noopener\" target=\"_blank\"><img src=\"https:\/\/cdn.fakt.pl\/img\/Logo_desktop_Fakt.svg\" class=\"ods-a-logo-main-desktop__image\" alt=\"Logo\" width=\"107\" height=\"86\" fetchpriority=\"high\" decoding=\"sync\" style=\"height:86px\"\/><\/a><\/p>\n<p class=\"ods-m-google-article__text\">Czytaj nas cz\u0119\u015bciej w Google<\/p>\n<p><a href=\"https:\/\/google.com\/preferences\/source?q=fakt.pl\" target=\"_blank\" rel=\"noopener noreferrer nofollow\" aria-label=\"Dodaj w Google\" title=\"Dodaj w Google\" class=\"ods-a-button ods-a-button__primary ods-a-button__default ods-a-button-l\">Dodaj w Google<\/a><\/p>\n<p>Pomoc przysz\u0142a z najmniej spodziewanej strony. T\u0105 sam\u0105 drog\u0105 przeje\u017cd\u017ca\u0142 inny rowerzysta. Zobaczy\u0142 le\u017c\u0105cego m\u0119\u017cczyzn\u0119 i ruszy\u0142 mu na pomoc.<\/p>\n<p>\u2014 Ten ok. 35-letni rowerzysta, widz\u0105c le\u017c\u0105cego m\u0119\u017cczyzn\u0119, zatrzyma\u0142 si\u0119 i do momentu przybycia stra\u017cy po\u017carnej udziela\u0142 pomocy poszkodowanemu 47-latkowi. Ca\u0142y czas prowadzi\u0142 resuscytacj\u0119 kr\u0105\u017ceniowo-oddechow\u0105 \u2014 opowiada &#8222;Faktowi&#8221; oficer dy\u017curny na stanowisku kierowania PSP w Jaworzu.<\/p>\n<p>Jak podkre\u015bla stra\u017cak, w\u0142a\u015bnie ten przypadkowy \u015bwiadek zdarzenia okaza\u0142 si\u0119 najwa\u017cniejszym ogniwem tzw. \u0142a\u0144cucha prze\u017cycia. Jego natychmiastowa pomoc da\u0142a 47-latkowi realn\u0105 szans\u0119 na prze\u017cycie.<\/p>\n<p>Godzinna walka o \u017cycie 47-latka w \u015brodku lasu<\/p>\n<p>Kiedy na miejsce dotar\u0142y s\u0142u\u017cby, akcja ratunkowa ju\u017c trwa\u0142a. Problemem by\u0142 teren. Ca\u0142a akcja mia\u0142a miejsce ok. dw\u00f3ch kilometr\u00f3w w g\u0142\u0105b lasu, na drodze po\u017carowej.<\/p>\n<p>Do Siedmicy wys\u0142ano ratownik\u00f3w medycznych z Jawora, stra\u017cak\u00f3w z Jednostki Ratowniczo-Ga\u015bniczej w Jaworze i druh\u00f3w z OSP Paszowice.<\/p>\n<p>Przez blisko godzin\u0119 ratownicy i stra\u017cacy prowadzili intensywne dzia\u0142ania. Wykorzystali mi\u0119dzy innymi defibrylator, leki i specjalistyczny sprz\u0119t medyczny, by ratowa\u0107 poszkodowanego 47-latka.<\/p>\n<p>Szcz\u0119\u015bliwy fina\u0142 akcji ratunkowej w Siedmicy. Serce 47-latka zn\u00f3w zacz\u0119\u0142o bi\u0107<\/p>\n<p>Dzi\u0119ki wsp\u00f3lnemu wysi\u0142kowi ratownicy przywr\u00f3cili funkcje \u017cyciowe 47-latkowi. Nast\u0119pnie m\u0119\u017cczyzn\u0119 przetransportowano z lasu przy u\u017cyciu specjalnej przyczepki ratowniczej do miejsca, gdzie czeka\u0142a karetka pogotowia. Stamt\u0105d zosta\u0142 przewieziony do szpitala.<\/p>\n<p>Stra\u017cacy nie maj\u0105 w\u0105tpliwo\u015bci: bez szybkiej reakcji przypadkowego rowerzysty fina\u0142 tej historii m\u00f3g\u0142 by\u0107 zupe\u0142nie inny.<\/p>\n<p>Skromny bohater nie szuka rozg\u0142osu. Ale stra\u017cacy podkre\u015blaj\u0105, \u017ce to w\u0142a\u015bnie jego decyzja, by zatrzyma\u0107 si\u0119 i ruszy\u0107 na pomoc obcemu cz\u0142owiekowi, sprawi\u0142a, \u017ce 47-latek dosta\u0142 drug\u0105 szans\u0119.<\/p>\n<p><a href=\"https:\/\/www.fakt.pl\/wydarzenia\/polska\/trojmiasto\/dramatyczna-interwencja-strazy-miejskiej-w-gdansku-mial-rozlegly-uraz-glowy\/ygm5gjt\" id=\"2fde4113-de8c-49a8-ab43-96b8eb981b6d\" rel=\"nofollow noopener\" target=\"_blank\">Zobaczyli go na skrzy\u017cowaniu. Ranny le\u017ca\u0142 na jezdni. Z jego g\u0142owy la\u0142a si\u0119 krew.<\/a><a href=\"https:\/\/www.fakt.pl\/wydarzenia\/ratownicy-sar-uratowali-zycie-marynarza-ze-statku-orion-fortune\/4yxtflw\" id=\"53dde1b6-85d8-4fb3-af10-fc3970445514\" rel=\"nofollow noopener\" target=\"_blank\">Marynarz walczy\u0142 o \u017cycie na pok\u0142adzie &#8222;Orion Fortune&#8221;. Dramatyczna akcja u polskich wybrze\u017cy<\/a>1\/6<img class=\"ods-a-photo ods-a-photo--background\" src=\"https:\/\/www.europesays.com\/pl\/wp-content\/uploads\/2026\/09\/rzMk9lGaHR0cHM6Ly9vY2RuLmV1L3B1bHNjbXMvTURBXy80ZGIzYjRjZS04YTFkLTQ0NGMtOTUzMi0wYjhkYjQxMjFkZjUuanBlZ.jpeg\" height=\"529\" width=\"940\" alt=\"639243036644133005.jpg\" loading=\"lazy\" fetchpriority=\"auto\" decoding=\"auto\" url=\"https:\/\/ocdn.eu\/pulscms\/MDA_\/4db3b4ce-8a1d-444c-9532-0b8db4121df5.jpeg\" description=\"639243036644133005.jpg\" author=\"Komenda Powiatowa Pa\u0144stwowej Stra\u017cy Po\u017carnej w Jaworze\" source=\"\"\/><\/p>\n<p>Komenda Powiatowa Pa\u0144stwowej Stra\u017cy Po\u017carnej w Jaworze<\/p>\n<p>639243036644133005.jpg<\/p>\n<p>Walka o\u017cycie 47-latka w lesie w Siedmicy. Nim przyjecha\u0142y s\u0142u\u017cby pom\u00f3g\u0142 przypadkowy rowerzysta. To on jest bohaterem.<\/p>\n<p>2\/6<img class=\"ods-a-photo ods-a-photo--background\" src=\"https:\/\/www.europesays.com\/pl\/wp-content\/uploads\/2026\/09\/SpBk9lGaHR0cHM6Ly9vY2RuLmV1L3B1bHNjbXMvTURBXy9kYWNlMGE3NS01Zjk4LTQ4ZTktOWU5NS02MzVjY2NlOWViMDMuanBlZ.jpeg\" height=\"800\" width=\"600\" alt=\"639243035479182269.jpg\" loading=\"lazy\" fetchpriority=\"auto\" decoding=\"auto\" url=\"https:\/\/ocdn.eu\/pulscms\/MDA_\/dace0a75-5f98-48e9-9e95-635ccce9eb03.jpeg\" description=\"639243035479182269.jpg\" author=\"Komenda Powiatowa Pa\u0144stwowej Stra\u017cy Po\u017carnej w Jaworze\" source=\"\"\/><\/p>\n<p>Komenda Powiatowa Pa\u0144stwowej Stra\u017cy Po\u017carnej w Jaworze<\/p>\n<p>639243035479182269.jpg<\/p>\n<p>47-latakowi uda\u0142o si\u0119 przywr\u00f3ci\u0107 czynno\u015bci \u017cyciowe po godzinie reanimacji. <\/p>\n<p>3\/6<img class=\"ods-a-photo ods-a-photo--background\" src=\"https:\/\/www.europesays.com\/pl\/wp-content\/uploads\/2026\/09\/oIjk9lGaHR0cHM6Ly9vY2RuLmV1L3B1bHNjbXMvTURBXy81ZGJhMjllMS0wN2JiLTQ3MDktOGFhOC1iNjdjYjgxY2Q0OGMuanBlZ.jpeg\" height=\"800\" width=\"600\" alt=\"639243035489664492.jpg\" loading=\"lazy\" fetchpriority=\"auto\" decoding=\"auto\" url=\"https:\/\/ocdn.eu\/pulscms\/MDA_\/5dba29e1-07bb-4709-8aa8-b67cb81cd48c.jpeg\" description=\"639243035489664492.jpg\" author=\"Komenda Powiatowa Pa\u0144stwowej Stra\u017cy Po\u017carnej w Jaworze\" source=\"\"\/><\/p>\n<p>Komenda Powiatowa Pa\u0144stwowej Stra\u017cy Po\u017carnej w Jaworze<\/p>\n<p>639243035489664492.jpg<\/p>\n<p>Akcja ratownicza w Siedmicy.<\/p>\n<p>4\/6<img class=\"ods-a-photo ods-a-photo--background\" src=\"https:\/\/www.europesays.com\/pl\/wp-content\/uploads\/2026\/09\/KK9k9lGaHR0cHM6Ly9vY2RuLmV1L3B1bHNjbXMvTURBXy84NTQ3OWQ5NC00ODY3LTQzODctOWQzZC03NWI5YjFjODU2M2UuanBlZ.jpeg\" height=\"705\" width=\"940\" alt=\"639243035487681654.jpg\" loading=\"lazy\" fetchpriority=\"auto\" decoding=\"auto\" url=\"https:\/\/ocdn.eu\/pulscms\/MDA_\/85479d94-4867-4387-9d3d-75b9b1c8563e.jpeg\" description=\"639243035487681654.jpg\" author=\"Komenda Powiatowa Pa\u0144stwowej Stra\u017cy Po\u017carnej w Jaworze\" source=\"\"\/><\/p>\n<p>Komenda Powiatowa Pa\u0144stwowej Stra\u017cy Po\u017carnej w Jaworze<\/p>\n<p>639243035487681654.jpg<\/p>\n<p>47-latek zosta\u0142 przetransportowany karetk\u0105 do szpitala.<\/p>\n<p>5\/6<img class=\"ods-a-photo ods-a-photo--background\" src=\"https:\/\/www.europesays.com\/pl\/wp-content\/uploads\/2026\/09\/1crk9lGaHR0cHM6Ly9vY2RuLmV1L3B1bHNjbXMvTURBXy8zMmE3YTcwYy1iMjhhLTQzZDgtYTU3Yy0yNGM1NjAzMjE3NDIuanBlZ.jpeg\" height=\"800\" width=\"600\" alt=\"639243035494514920.jpg\" loading=\"lazy\" fetchpriority=\"auto\" decoding=\"auto\" url=\"https:\/\/ocdn.eu\/pulscms\/MDA_\/32a7a70c-b28a-43d8-a57c-24c560321742.jpeg\" description=\"639243035494514920.jpg\" author=\"Komenda Powiatowa Pa\u0144stwowej Stra\u017cy Po\u017carnej w Jaworze\" source=\"\"\/><\/p>\n<p>Komenda Powiatowa Pa\u0144stwowej Stra\u017cy Po\u017carnej w Jaworze<\/p>\n<p>639243035494514920.jpg<\/p>\n<p>Ponad godzin\u0119 walczono o \u017cycie 47-latka, kt\u00f3ry mia\u0142 zawa\u0142 serca.<\/p>\n<p>6\/6<img class=\"ods-a-photo ods-a-photo--background\" src=\"https:\/\/www.europesays.com\/pl\/wp-content\/uploads\/2026\/09\/Tlwk9lGaHR0cHM6Ly9vY2RuLmV1L3B1bHNjbXMvTURBXy9jMWE2NzNlNC01YjhmLTQxOTEtYTI3ZS1lMDkwMDcyOWJmZmUuanBlZ.jpeg\" height=\"705\" width=\"940\" alt=\"639243035502215854.jpg\" loading=\"lazy\" fetchpriority=\"auto\" decoding=\"auto\" url=\"https:\/\/ocdn.eu\/pulscms\/MDA_\/c1a673e4-5b8f-4191-a27e-e0900729bffe.jpeg\" description=\"639243035502215854.jpg\" author=\"Komenda Powiatowa Pa\u0144stwowej Stra\u017cy Po\u017carnej w Jaworze\" source=\"\"\/><\/p>\n<p>Komenda Powiatowa Pa\u0144stwowej Stra\u017cy Po\u017carnej w Jaworze<\/p>\n<p>639243035502215854.jpg<\/p>\n<p>Akcja ratunkowa by\u0142a prowadzona g\u0142\u0119boko w lesie. To tam m\u0119\u017cczyzna nagle zas\u0142ab\u0142 i spad\u0142 z roweru.<\/p>\n","protected":false},"excerpt":{"rendered":"Dramatyczne chwile rozegra\u0142y si\u0119 w czwartek, 3 wrze\u015bnia, na le\u015bnej drodze w Siedmicy pod Jaworem (woj. dolno\u015bl\u0105skie). By\u0142a&hellip;\n","protected":false},"author":2,"featured_media":671461,"comment_status":"","ping_status":"","sticky":false,"template":"","format":"standard","meta":{"footnotes":"","_share_on_mastodon":"0"},"categories":[12],"tags":[61195,32,33,36,37,27,4400,34,35,28,31,25,46,100096,42,38,40,39,41,28519,23859,47,2149,29,129808,30,26,1853,1092],"class_list":["post-671460","post","type-post","status-publish","format-standard","has-post-thumbnail","category-polska","tag-bottomfeed_styl","tag-breaking-news","tag-breakingnews","tag-featured-news","tag-featurednews","tag-headlines","tag-las","tag-latest-news","tag-latestnews","tag-naglowki","tag-najwazniejsze-artykuly","tag-news","tag-omp","tag-omp_tst1","tag-pl","tag-poland","tag-polish","tag-polska","tag-polski","tag-reanimacja","tag-rower","tag-screening_general","tag-straz_pozarna","tag-top-stories","tag-topbar_tst2","tag-topstories","tag-wiadomosci","tag-wroclaw","tag-wydarzenia"],"share_on_mastodon":{"url":"https:\/\/pubeurope.com\/@pl\/117224977737152989","error":""},"_links":{"self":[{"href":"https:\/\/www.europesays.com\/pl\/wp-json\/wp\/v2\/posts\/671460","targetHints":{"allow":["GET"]}}],"collection":[{"href":"https:\/\/www.europesays.com\/pl\/wp-json\/wp\/v2\/posts"}],"about":[{"href":"https:\/\/www.europesays.com\/pl\/wp-json\/wp\/v2\/types\/post"}],"author":[{"embeddable":true,"href":"https:\/\/www.europesays.com\/pl\/wp-json\/wp\/v2\/users\/2"}],"replies":[{"embeddable":true,"href":"https:\/\/www.europesays.com\/pl\/wp-json\/wp\/v2\/comments?post=671460"}],"version-history":[{"count":0,"href":"https:\/\/www.europesays.com\/pl\/wp-json\/wp\/v2\/posts\/671460\/revisions"}],"wp:featuredmedia":[{"embeddable":true,"href":"https:\/\/www.europesays.com\/pl\/wp-json\/wp\/v2\/media\/671461"}],"wp:attachment":[{"href":"https:\/\/www.europesays.com\/pl\/wp-json\/wp\/v2\/media?parent=671460"}],"wp:term":[{"taxonomy":"category","embeddable":true,"href":"https:\/\/www.europesays.com\/pl\/wp-json\/wp\/v2\/categories?post=671460"},{"taxonomy":"post_tag","embeddable":true,"href":"https:\/\/www.europesays.com\/pl\/wp-json\/wp\/v2\/tags?post=671460"}],"curies":[{"name":"wp","href":"https:\/\/api.w.org\/{rel}","templated":true}]}}