{"id":671468,"date":"2026-09-06T16:21:12","date_gmt":"2026-09-06T16:21:12","guid":{"rendered":"https:\/\/www.europesays.com\/pl\/671468\/"},"modified":"2026-09-06T16:21:12","modified_gmt":"2026-09-06T16:21:12","slug":"jutrzejsze-informacje-pogodowe-7-09-dla-bialegostoku-sprawdz-najswiezsze-dane","status":"publish","type":"post","link":"https:\/\/www.europesays.com\/pl\/671468\/","title":{"rendered":"Jutrzejsze informacje pogodowe (7.09) dla Bia\u0142egostoku. Sprawd\u017a naj\u015bwie\u017csze dane"},"content":{"rendered":"<p><img decoding=\"async\" loading=\"eager\" fetchpriority=\"high\" class=\"atomsArticleGalleryImage__mainImg\" src=\"https:\/\/www.europesays.com\/pl\/wp-content\/uploads\/2026\/09\/1788711672_608_il20260623_969927619_medium.jpg\" alt=\"B&#x119;dziemy mie&#x107; jutro z&#x142;ot&#x105; polsk&#x105; jesie&#x144; w Bia&#x142;ymstoku? Sprawd&#x17A; prognoz&#x119; pogody na poniedzia&#x142;ek, 07.09\" width=\"1920\" height=\"1280\"\/><\/p>\n<p>\n        B\u0119dziemy mie\u0107 jutro z\u0142ot\u0105 polsk\u0105 jesie\u0144 w Bia\u0142ymstoku? Sprawd\u017a prognoz\u0119 pogody na poniedzia\u0142ek, 07.09<\/p>\n<p>          fot. Anita Kot\/ Getty Images\n        <\/p>\n<p>Pogoda dla Bia\u0142egostoku na jutro. Jakiej pogody mo\u017cemy spodziewa\u0107 si\u0119 w poniedzia\u0142ek, 07.09 zdaniem meteorolog\u00f3w? Jak si\u0119 jutro ubra\u0107, czy czu\u0107 si\u0119 dobrze zar\u00f3wno na zewn\u0105trz, jak i w budynku? Czy b\u0119d\u0105 jutro dobre warunki na spacer? Sprawd\u017a aktualn\u0105 prognoz\u0119 pogody na jutro (poniedzia\u0142ek, 07.09) dla Bia\u0142egostoku a b\u0119dziesz wiedzia\u0142, na co si\u0119 przygotowa\u0107.<\/p>\n","protected":false},"excerpt":{"rendered":"B\u0119dziemy mie\u0107 jutro z\u0142ot\u0105 polsk\u0105 jesie\u0144 w Bia\u0142ymstoku? Sprawd\u017a prognoz\u0119 pogody na poniedzia\u0142ek, 07.09 fot. Anita Kot\/ Getty&hellip;\n","protected":false},"author":2,"featured_media":671469,"comment_status":"","ping_status":"","sticky":false,"template":"","format":"standard","meta":{"footnotes":"","_share_on_mastodon":"0"},"categories":[51614],"tags":[2151,101806,101807,42,38,40,39,41,1600],"class_list":["post-671468","post","type-post","status-publish","format-standard","has-post-thumbnail","category-bialystok","tag-bialystok","tag-meteo","tag-meteorologia","tag-pl","tag-poland","tag-polish","tag-polska","tag-polski","tag-prognoza-pogody"],"share_on_mastodon":{"url":"https:\/\/pubeurope.com\/@pl\/117225016469864439","error":""},"_links":{"self":[{"href":"https:\/\/www.europesays.com\/pl\/wp-json\/wp\/v2\/posts\/671468","targetHints":{"allow":["GET"]}}],"collection":[{"href":"https:\/\/www.europesays.com\/pl\/wp-json\/wp\/v2\/posts"}],"about":[{"href":"https:\/\/www.europesays.com\/pl\/wp-json\/wp\/v2\/types\/post"}],"author":[{"embeddable":true,"href":"https:\/\/www.europesays.com\/pl\/wp-json\/wp\/v2\/users\/2"}],"replies":[{"embeddable":true,"href":"https:\/\/www.europesays.com\/pl\/wp-json\/wp\/v2\/comments?post=671468"}],"version-history":[{"count":0,"href":"https:\/\/www.europesays.com\/pl\/wp-json\/wp\/v2\/posts\/671468\/revisions"}],"wp:featuredmedia":[{"embeddable":true,"href":"https:\/\/www.europesays.com\/pl\/wp-json\/wp\/v2\/media\/671469"}],"wp:attachment":[{"href":"https:\/\/www.europesays.com\/pl\/wp-json\/wp\/v2\/media?parent=671468"}],"wp:term":[{"taxonomy":"category","embeddable":true,"href":"https:\/\/www.europesays.com\/pl\/wp-json\/wp\/v2\/categories?post=671468"},{"taxonomy":"post_tag","embeddable":true,"href":"https:\/\/www.europesays.com\/pl\/wp-json\/wp\/v2\/tags?post=671468"}],"curies":[{"name":"wp","href":"https:\/\/api.w.org\/{rel}","templated":true}]}}