{"id":671530,"date":"2026-09-06T16:55:15","date_gmt":"2026-09-06T16:55:15","guid":{"rendered":"https:\/\/www.europesays.com\/pl\/671530\/"},"modified":"2026-09-06T16:55:15","modified_gmt":"2026-09-06T16:55:15","slug":"relacja-na-zywo-bieg-po-biegu-fogo-unia-leszno","status":"publish","type":"post","link":"https:\/\/www.europesays.com\/pl\/671530\/","title":{"rendered":"Relacja na \u017cywo bieg po biegu: Fogo Unia Leszno"},"content":{"rendered":"<p><a href=\"https:\/\/przegladsportowy.onet.pl\/\" title=\"Strona g\u0142\u00f3wna serwisu\" aria-label=\"Strona g\u0142\u00f3wna serwisu\" data-astro-prefetch=\"tap\" class=\"ods-a-logo-main\" rel=\"nofollow noopener\" target=\"_blank\"><img src=\"https:\/\/cdn.przegladsportowy.onet.pl\/img\/Logo_desktop_Onet.svg\" class=\"ods-a-logo-main__image\" alt=\"Logo\" width=\"107\" height=\"60\" fetchpriority=\"high\" decoding=\"sync\" style=\"height:60px\"\/><\/a><a href=\"https:\/\/przegladsportowy.onet.pl\/\" title=\"Strona g\u0142\u00f3wna serwisu\" aria-label=\"Strona g\u0142\u00f3wna serwisu\" class=\"ods-a-logo-brand\" rel=\"nofollow noopener\" target=\"_blank\"><img src=\"https:\/\/cdn.przegladsportowy.onet.pl\/img\/Logo_desktop_Przeglad-Sportowy.svg\" class=\"ods-a-logo-brand__image\" alt=\"Logo serwisu\" width=\"96\" height=\"62\" fetchpriority=\"high\" decoding=\"sync\"\/><\/a><a href=\"https:\/\/przegladsportowy.onet.pl\/\" class=\"ods-a-link--breadcrumb ods-a-link--breadcrumb--light\" rel=\"nofollow noopener\" target=\"_blank\"><\/a><a href=\"https:\/\/przegladsportowy.onet.pl\/zuzel\" class=\"ods-a-link--breadcrumb ods-a-link--breadcrumb--light\" rel=\"nofollow noopener\" target=\"_blank\">\u017bu\u017cel<\/a><a href=\"https:\/\/przegladsportowy.onet.pl\/zuzel\/ekstraliga\" class=\"ods-a-link--breadcrumb ods-a-link--breadcrumb--light\" rel=\"nofollow noopener\" target=\"_blank\">Ekstraliga<\/a>UNIA-SPARTA: Leszno nie wytrzyma\u0142o! S\u0105 gwizdy i wyzwiska, totalna bezradno\u015b\u0107 [NA \u017bYWO]<\/p>\n<p class=\"ods-a-lead-text\">Przed nami pierwszy p\u00f3\u0142fina\u0142 PGE Ekstraligi. W Lesznie miejscowa Fogo Unia podejmie Betard Spart\u0119 Wroc\u0142aw. Go\u015bcie przyje\u017cd\u017caj\u0105 os\u0142abieni brakiem kontuzjowanego Bart\u0142omieja Kowalskiego. W spotkaniu po wielu miesi\u0105cach przerwy wyst\u0105pi Daniel Bewley. Forma Brytyjczyka jest jednak niewiadom\u0105. Pocz\u0105tek o 17:00.<\/p>\n<p><img class=\"ods-a-photo ods-a-photo--background\" src=\"https:\/\/cdn.przegladsportowy.onet.pl\/1\/lDlk9lBaHR0cHM6Ly9vY2RuLmV1L3B1bHNjbXMvTURBXy82YzI5ZDQ5ZmMzMzlkZTlmOWUyZjJjOWQxYTJkNDJiNy5qcGeSlQMAf80P7M0I9JMFzQlgzQTs3gACoTAHoTEE\"   height=\"489\" width=\"870\" alt=\"Fogo Unia Leszno - Betard Sparta Wroc\u0142aw\" fetchpriority=\"high\" decoding=\"auto\" url=\"https:\/\/ocdn.eu\/pulscms\/MDA_\/6c29d49fc339de9f9e2f2c9d1a2d42b7.jpg\" description=\"Fogo Unia Leszno - Betard Sparta Wroc\u0142aw\" author=\"Marcin Kubiak \/ PressFocus\/NEWSPIX.PL \/ newspix.pl\" source=\"\"\/><\/p>\n<p>Marcin Kubiak \/ PressFocus\/NEWSPIX.PL \/ newspix.pl<\/p>\n<p>Fogo Unia Leszno &#8211; Betard Sparta Wroc\u0142aw<\/p>\n<p>                        <a class=\"backButton\" onclick=\"window.history.back();\">&lt;Go back<\/a><\/p>\n<p>      <img decoding=\"async\" src=\"data:image\/gif;base64,R0lGODlhAQABAPABAP\/\/\/wAAACH5BAEKAAAALAAAAAABAAEAAAICRAEAOw%3D%3D\" alt=\"\"\/>Fogo Unia Leszno &#8211; Betard Sparta Wroc\u0142aw<\/p>\n<p>Relacja na \u017cywo<\/p>\n<p>fot. Marcin Kubiak \/ 400mm \/ NEWSPIX<\/p>\n<p>fot. Marcin Kubiak \/ 400mm \/ NEWSPIX<\/p>\n<p>        8Piotr Pawlicki6Ben Cook6Grzegorz Zengota5Keynan Rew3Emil Konieczny3Janusz Ko\u0142odziej2Nazar Parnicki0Filip Gano12Artiom \u0141aguta10Maciej Janowski9Dan Bewley7Mikkel Andersen7Brady Kurtz6Marcel Kowolik 0Nikodem Miko\u0142ajczyk0Micha\u0142 Obst<br \/>\n                        9Grzegorz Zengota02220&#8211;610Janusz Ko\u0142odziej210&#8212;-311Ben Cook30W21&#8211;612Keynan Rew0320&#8212;513Piotr Pawlicki21221&#8211;814Nazar Parnicki101&#8212;-215Emil Konieczny300&#8212;-316Filip Gano&#8212;&#8212;-01Dan Bewley12132&#8211;92Maciej Janowski1333&#8212;103Brady Kurtz22D03&#8211;74Micha\u0142 Obst&#8212;&#8212;-05Artiom \u0141aguta3333&#8212;126Marcel Kowolik 03111&#8211;67Mikkel Andersen21031&#8211;78Nikodem Miko\u0142ajczyk&#8212;&#8212;-0<\/p>\n<p>doczytaj wi\u0119cej\n    <\/p>\n<p>Data utworzenia:6 wrze\u015bnia 2026, 18:15<\/p>\n<p><img loading=\"lazy\" class=\"ods-a-photo ods-a-author-avatar__single__img\" src=\"https:\/\/cdn.przegladsportowy.onet.pl\/1\/12lk9lBaHR0cHM6Ly9vY2RuLmV1L3B1bHNjbXMvTURBXy8yYjdjODZiYjk1NjA3NTllMWI3MzBiZGQ2N2JlYmQ5OC5qcGeRkwXMtMy03gACoTAHoTEE\" height=\"90\" width=\"90\" alt=\"Autor Albert Fedorowicz\" fetchpriority=\"auto\" decoding=\"auto\"\/>Materia\u0142 promocyjny<a href=\"\" class=\"ods-o-card__link ods-o-card__link--media\" data-lps-url=\"true\" data-uuid-ui=\"\" data-astro-prefetch=\"tap\"><img class=\"ods-a-photo ods-a-photo--background\" height=\"170\" width=\"300\" loading=\"lazy\" fetchpriority=\"auto\" decoding=\"async\"\/><\/a><\/p>\n<p class=\"ods-c-modal-premium__title\">To jest materia\u0142Premium<\/p>\n<p class=\"ods-c-modal-premium__subtitle\">Do\u0142\u0105cz\u00a0do\u00a0Premium i\u00a0odblokuj\u00a0wszystkie\u00a0funkcje dla\u00a0materia\u0142\u00f3w\u00a0Premium:<\/p>\n<p class=\"ods-c-modal-premium__subtitle\">\u2713czytaj\u2713s\u0142uchaj\u2713skracaj<\/p>\n<p><a href=\"#\" class=\"ods-c-modal-premium__button\">Do\u0142\u0105cz do premium<\/a><\/p>\n<p>Odpowied\u017a na pytanie przygotowana przez Onet Czat z AI:<\/p>\n<p>Co\u015b posz\u0142o nie tak.Spr\u00f3buj ponownie p\u00f3\u017aniej.<\/p>\n<p>Wyczerpa\u0142e\u015b dzienny limit konwersacji z Onet Czatem z AI.Spr\u00f3buj ponownie jutro. Pami\u0119taj, \u017ce wci\u0105\u017c mo\u017cesz korzysta\u0107 z tre\u015bci na Onecie!<\/p>\n<p><img class=\"ods-a-photo ods-a-photo--background\" src=\"https:\/\/cdn.przegladsportowy.onet.pl\/1\/hoJk9lBaHR0cHM6Ly9vY2RuLmV1L3B1bHNjbXMvTURBXy9kNWI2ZDk3NmI3MWM4YWNlNTQ3ZDM3M2QyNDI5MmE3My5wbmeRkwUCAt4AAqEwB6ExBA\" height=\"1\" width=\"1\" alt=\"-\" loading=\"lazy\" fetchpriority=\"low\" decoding=\"auto\" url=\"https:\/\/ocdn.eu\/pulscms\/MDA_\/d5b6d976b71c8ace547d373d24292a73.png\" description=\"\" author=\"-\" source=\"-\"\/><\/p>\n<p>&#8211; \/ &#8211;<\/p>\n<p><img class=\"ods-a-photo ods-a-author-avatar__double__img\" height=\"24\" width=\"24\" alt=\"Autor 1, Autor 2\" fetchpriority=\"auto\" decoding=\"auto\"\/><img class=\"ods-a-photo ods-a-author-avatar__double__img\" height=\"24\" width=\"24\" alt=\"Autor 1, Autor 2\" fetchpriority=\"auto\" decoding=\"auto\"\/>Zesp\u00f3\u0142 dziennikarzy<\/p>\n","protected":false},"excerpt":{"rendered":"\u017bu\u017celEkstraligaUNIA-SPARTA: Leszno nie wytrzyma\u0142o! S\u0105 gwizdy i wyzwiska, totalna bezradno\u015b\u0107 [NA \u017bYWO] Przed nami pierwszy p\u00f3\u0142fina\u0142 PGE Ekstraligi.&hellip;\n","protected":false},"author":2,"featured_media":671531,"comment_status":"","ping_status":"","sticky":false,"template":"","format":"standard","meta":{"footnotes":"","_share_on_mastodon":"0"},"categories":[51607],"tags":[128237,61195,173,48,46,175,42,38,40,39,41,6926,47,3475,176,1853,174],"class_list":["post-671530","post","type-post","status-publish","format-standard","has-post-thumbnail","category-wroclaw","tag-adshield_tst1","tag-bottomfeed_styl","tag-ekstraliga","tag-nat_styl","tag-omp","tag-pge_ekstraliga","tag-pl","tag-poland","tag-polish","tag-polska","tag-polski","tag-relacja_na_zywo","tag-screening_general","tag-sparta_wroclaw","tag-unia_leszno","tag-wroclaw","tag-zuzel"],"share_on_mastodon":{"url":"https:\/\/pubeurope.com\/@pl\/117225150831268187","error":""},"_links":{"self":[{"href":"https:\/\/www.europesays.com\/pl\/wp-json\/wp\/v2\/posts\/671530","targetHints":{"allow":["GET"]}}],"collection":[{"href":"https:\/\/www.europesays.com\/pl\/wp-json\/wp\/v2\/posts"}],"about":[{"href":"https:\/\/www.europesays.com\/pl\/wp-json\/wp\/v2\/types\/post"}],"author":[{"embeddable":true,"href":"https:\/\/www.europesays.com\/pl\/wp-json\/wp\/v2\/users\/2"}],"replies":[{"embeddable":true,"href":"https:\/\/www.europesays.com\/pl\/wp-json\/wp\/v2\/comments?post=671530"}],"version-history":[{"count":0,"href":"https:\/\/www.europesays.com\/pl\/wp-json\/wp\/v2\/posts\/671530\/revisions"}],"wp:featuredmedia":[{"embeddable":true,"href":"https:\/\/www.europesays.com\/pl\/wp-json\/wp\/v2\/media\/671531"}],"wp:attachment":[{"href":"https:\/\/www.europesays.com\/pl\/wp-json\/wp\/v2\/media?parent=671530"}],"wp:term":[{"taxonomy":"category","embeddable":true,"href":"https:\/\/www.europesays.com\/pl\/wp-json\/wp\/v2\/categories?post=671530"},{"taxonomy":"post_tag","embeddable":true,"href":"https:\/\/www.europesays.com\/pl\/wp-json\/wp\/v2\/tags?post=671530"}],"curies":[{"name":"wp","href":"https:\/\/api.w.org\/{rel}","templated":true}]}}