{"id":671576,"date":"2026-09-06T17:23:27","date_gmt":"2026-09-06T17:23:27","guid":{"rendered":"https:\/\/www.europesays.com\/pl\/671576\/"},"modified":"2026-09-06T17:23:27","modified_gmt":"2026-09-06T17:23:27","slug":"ogromny-pozar-pod-wroclawiem-kleby-dymu-bylo-widac-juz-z-kilku-kilometrow-aktualizacja","status":"publish","type":"post","link":"https:\/\/www.europesays.com\/pl\/671576\/","title":{"rendered":"Ogromny po\u017car pod Wroc\u0142awiem. K\u0142\u0119by dymu by\u0142o wida\u0107 ju\u017c z kilku kilometr\u00f3w [AKTUALIZACJA]"},"content":{"rendered":"<p>Po\u017car pod Wroc\u0142awiem<\/p>\n<p>fot. Radio Wroc\u0142aw, S\u0142uchaczka RW<\/p>\n<p>Pod Wroc\u0142awiem dosz\u0142o do ogromnego po\u017caru. W Ty\u0144cu Ma\u0142ym prawdopodobnie pali si\u0119 sk\u0142adowisko palet.<\/p>\n<p style=\"text-align: justify;\">AKTUALIZACJA 18:30<\/p>\n<p style=\"text-align: justify;\">Stra\u017cakom uda\u0142o si\u0119 opanowa\u0107 po\u017car skupu palet w Ty\u0144cu Ma\u0142ym przy ulicy Wroc\u0142awskiej. W tej chwili trwa dogaszanie ognia. <\/p>\n<p style=\"text-align: justify;\">Po\u017car cz\u0119\u015bciowo obj\u0105\u0142 po\u0142o\u017cony obok skupu parking strze\u017cony. Sp\u0142on\u0119\u0142o 5 samochod\u00f3w, laweta i \u0142\u00f3d\u017a. Ciep\u0142o uszkodzi\u0142o nieznacznie elewacje stoj\u0105cych w pobli\u017cu dom\u00f3w. <\/p>\n<p style=\"text-align: justify;\">Do tej pory nie odnotowano \u017cadnych rannych os\u00f3b.<\/p>\n<p style=\"text-align: justify;\">AKTUALIZACJA 17:30<\/p>\n<p style=\"text-align: justify;\">3 zast\u0119py Stra\u017cy Po\u017carnej i dwie cysterny walcz\u0105 z po\u017carem w Ty\u0144cu Ma\u0142ym. Oko\u0142o godziny 16:10 s\u0142u\u017cby zosta\u0142y powiadomione o po\u017carze w sk\u0142adzie palet przy ulicy Wroc\u0142awskiej 421.<\/p>\n<p style=\"text-align: justify;\">Tu\u017c obok znajduje si\u0119 firma zajmuj\u0105ca skupem, sprzeda\u017c\u0105 i odholowywaniem samochod\u00f3w. Stra\u017cacy obawiaj\u0105 si\u0119, \u017ce ogie\u0144 mo\u017ce dotrze\u0107 i tam. Ju\u017c w tej chwili jest tam du\u017ce oddzia\u0142ywanie cieplne gro\u017c\u0105ce po\u017carem stoj\u0105cych tam aut.<\/p>\n<p style=\"text-align: justify;\">Nikt nie jest jak dot\u0105d poszkodowany. W sk\u0142adzie palet nie by\u0142o \u017cadnych pracownik\u00f3w.<\/p>\n<p style=\"text-align: justify;\">WCZE\u015aNIEJ PISALI\u015aMY<\/p>\n<p style=\"text-align: justify;\">Przed godzin\u0105 17:00 dosz\u0142o do po\u017caru w Ty\u0144cu Ma\u0142ym. Jest on na tyle powa\u017cny, \u017ce k\u0142\u0119by dymu wida\u0107 ju\u017c z odleg\u0142o\u015bci wielu kilometr\u00f3w. Na miejsce skierowano liczne zast\u0119py stra\u017cy po\u017carnej.<\/p>\n<p style=\"text-align: justify;\">Prawdopodobnie p\u0142onie sk\u0142adowisko palet, a ulica Wroc\u0142awska w Ty\u0144cu Ma\u0142ym zosta\u0142a zablokowana. Wkr\u00f3tce podamy wi\u0119cej informacji.<\/p>\n","protected":false},"excerpt":{"rendered":"Po\u017car pod Wroc\u0142awiem fot. Radio Wroc\u0142aw, S\u0142uchaczka RW Pod Wroc\u0142awiem dosz\u0142o do ogromnego po\u017caru. W Ty\u0144cu Ma\u0142ym prawdopodobnie&hellip;\n","protected":false},"author":2,"featured_media":671577,"comment_status":"","ping_status":"","sticky":false,"template":"","format":"standard","meta":{"footnotes":"","_share_on_mastodon":"0"},"categories":[51607],"tags":[2343,96409,66453,52664,130262,85823,66452,84356,42,35226,38,40,39,41,2148,62360,1853,63556,44413],"class_list":["post-671576","post","type-post","status-publish","format-standard","has-post-thumbnail","category-wroclaw","tag-aktualizacja","tag-bylo","tag-dymu","tag-juz","tag-kilku","tag-kilometrow","tag-kleby","tag-ogromny","tag-pl","tag-pod","tag-poland","tag-polish","tag-polska","tag-polski","tag-pozar","tag-widac","tag-wroclaw","tag-wroclawiem","tag-z"],"share_on_mastodon":{"url":"https:\/\/pubeurope.com\/@pl\/117225259340111679","error":""},"_links":{"self":[{"href":"https:\/\/www.europesays.com\/pl\/wp-json\/wp\/v2\/posts\/671576","targetHints":{"allow":["GET"]}}],"collection":[{"href":"https:\/\/www.europesays.com\/pl\/wp-json\/wp\/v2\/posts"}],"about":[{"href":"https:\/\/www.europesays.com\/pl\/wp-json\/wp\/v2\/types\/post"}],"author":[{"embeddable":true,"href":"https:\/\/www.europesays.com\/pl\/wp-json\/wp\/v2\/users\/2"}],"replies":[{"embeddable":true,"href":"https:\/\/www.europesays.com\/pl\/wp-json\/wp\/v2\/comments?post=671576"}],"version-history":[{"count":0,"href":"https:\/\/www.europesays.com\/pl\/wp-json\/wp\/v2\/posts\/671576\/revisions"}],"wp:featuredmedia":[{"embeddable":true,"href":"https:\/\/www.europesays.com\/pl\/wp-json\/wp\/v2\/media\/671577"}],"wp:attachment":[{"href":"https:\/\/www.europesays.com\/pl\/wp-json\/wp\/v2\/media?parent=671576"}],"wp:term":[{"taxonomy":"category","embeddable":true,"href":"https:\/\/www.europesays.com\/pl\/wp-json\/wp\/v2\/categories?post=671576"},{"taxonomy":"post_tag","embeddable":true,"href":"https:\/\/www.europesays.com\/pl\/wp-json\/wp\/v2\/tags?post=671576"}],"curies":[{"name":"wp","href":"https:\/\/api.w.org\/{rel}","templated":true}]}}