{"id":671614,"date":"2026-09-06T17:48:13","date_gmt":"2026-09-06T17:48:13","guid":{"rendered":"https:\/\/www.europesays.com\/pl\/671614\/"},"modified":"2026-09-06T17:48:13","modified_gmt":"2026-09-06T17:48:13","slug":"andrzej-poczobut-oficjalnie-honorowym-obywatelem-sopotu","status":"publish","type":"post","link":"https:\/\/www.europesays.com\/pl\/671614\/","title":{"rendered":"Andrzej Poczobut oficjalnie Honorowym Obywatelem Sopotu"},"content":{"rendered":"<p>\t\t\t\t\t\t\t\tPolsko-bia\u0142oruski dziennikarz i\u00a0dzia\u0142acz spo\u0142eczny Andrzej Poczobut odwiedzi\u0142 Sopot. Spotkanie zorganizowano w\u00a0Mamuszki 14. Dziennikarz podczas koncertu w\u00a0Operze Le\u015bnej otrzyma\u0142 tytu\u0142 Honorowego Obywatela Sopotu.<\/p>\n<p>Andrzej Poczobut od\u00a0wielu lat konsekwentnie walczy o\u00a0wolno\u015b\u0107 s\u0142owa oraz\u00a0prawa cz\u0142owieka na\u00a0Bia\u0142orusi. Za\u00a0swoj\u0105 bezkompromisow\u0105 postaw\u0119 i\u00a0dzia\u0142alno\u015b\u0107 opozycyjn\u0105 by\u0142 wielokrotnie represjonowany przez\u00a0re\u017cim Aleksandra \u0141ukaszenki, sp\u0119dzaj\u0105c w\u00a0bia\u0142oruskich wi\u0119zieniach \u0142\u0105cznie ponad pi\u0119\u0107 lat. Na\u00a0spotkaniu m\u00f3wi\u0142, \u017ce\u00a0planuje powr\u00f3t.<\/p>\n<p>\u2013 To\u00a0ju\u017c niebawem. To\u00a0jest ostatnie takie wi\u0119ksze przedsi\u0119wzi\u0119cie, w\u00a0kt\u00f3rym\u00a0uczestnicz\u0119. P\u00f3\u017aniej wracam na\u00a0Bia\u0142oru\u015b. Mi\u00a0si\u0119 wydaje, \u017ce\u00a0to\u00a0jest co\u015b naturalnego \u2013 dlatego, \u017ce\u00a0wracam do\u00a0domu. B\u0119d\u0119 si\u0119 spotyka\u0142 z\u00a0lud\u017ami, Zwi\u0105zkiem Polak\u00f3w na\u00a0Bia\u0142orusi, tak\u017ce b\u0119d\u0105 to\u00a0przede wszystkim polskie sprawy \u2013 podkre\u015bla\u0142.<\/p>\n<p><img loading=\"lazy\" decoding=\"async\" class=\"wp-image-1037137 size-full\" src=\"https:\/\/www.europesays.com\/pl\/wp-content\/uploads\/2026\/09\/fot.Marzena-Bakowska1.jpg\" alt=\"Andrzej Poczobut honorowym obywatelem Sopotu\" width=\"900\" height=\"440\"  \/>(fot.\u00a0Radio Gda\u0144sk\/Marzena Bakowska)<\/p>\n<p>\u2013 My\u015bl\u0119, \u017ce\u00a0Bia\u0142orusini s\u0105\u00a0zobowi\u0105zani do\u00a0wype\u0142nienia obietnicy, jak\u0105 dali Andrzejowi w\u00a0ostatnich godzinach jego pobytu na\u00a0Bia\u0142orusi, \u017ce\u00a0b\u0119dzie m\u00f3g\u0142 wr\u00f3ci\u0107. On\u00a0chce po\u00a0prostu sprawdzi\u0107, jak to\u00a0faktycznie dzia\u0142a. Wiem, \u017ce\u00a0najwa\u017cniejsze jest spotkanie si\u0119 z\u00a0ojcem, kt\u00f3ry\u00a0jest ju\u017c w\u00a0podesz\u0142ym wieku \u2013 dodawa\u0142 prowadz\u0105cy spotkanie dziennikarz gazety Wyborczej Bartosz Wieli\u0144ski.<\/p>\n<p><img loading=\"lazy\" decoding=\"async\" class=\"wp-image-1037185 size-full\" src=\"https:\/\/www.europesays.com\/pl\/wp-content\/uploads\/2026\/09\/poczobut-sopot-2.jpg\" alt=\"Andrzej Poczobut honorowym obywatelem Sopotu\" width=\"2048\" height=\"1536\"  \/>(fot.\u00a0Radio Gda\u0144sk\/Marzena Bakowska)<br \/>\nOSOBISTA WI\u0118\u0179 Z\u00a0SOPOTEM<\/p>\n<p>Podczas koncertu w\u00a0Operze Le\u015bnej Andrzej Poczobut otrzyma\u0142 tytu\u0142 Honorowego Obywatela Sopotu. Dziennikarz nie\u00a0kry\u0142 wzruszenia i\u00a0podkre\u015bli\u0142, \u017ce\u00a0to\u00a0dla niego ogromne wyr\u00f3\u017cnienie. Wskaza\u0142 r\u00f3wnie\u017c na\u00a0osobist\u0105 wi\u0119\u017a, jaka \u0142\u0105czy go\u00a0z\u00a0kurortem.<\/p>\n<p>\u2013 Kiedy w\u00a0kwietniu zosta\u0142em przewieziony do\u00a0Polski, jaki\u015b czas sp\u0119dzi\u0142em w\u00a0szpitalu, a\u00a0p\u00f3\u017aniej przez\u00a0d\u0142u\u017cszy czas przebywa\u0142em w\u00a0Sopocie. To\u00a0w\u0142a\u015bnie tutaj dochodzi\u0142em do\u00a0siebie i\u00a0regenerowa\u0142em si\u0142y. Czuj\u0119 si\u0119 w\u00a0szczeg\u00f3lny spos\u00f3b zwi\u0105zany z\u00a0tym miastem i\u00a0jestem niezmiernie wdzi\u0119czny za\u00a0to\u00a0wyr\u00f3\u017cnienie \u2013 powiedzia\u0142 Andrzej Poczobut.<\/p>\n<p><img loading=\"lazy\" decoding=\"async\" class=\"wp-image-1037187 size-full\" src=\"https:\/\/www.europesays.com\/pl\/wp-content\/uploads\/2026\/09\/poczobut-sopot-1.jpg\" alt=\"Andrzej Poczobut honorowym obywatelem Sopotu\" width=\"2048\" height=\"1536\"  \/>(fot.\u00a0Radio Gda\u0144sk\/Marzena Bakowska)<br \/>\nJEDNOG\u0141O\u015aNA DECYZJA RADNYCH<\/p>\n<p>Tytu\u0142 zosta\u0142 nadany na\u00a0mocy uchwa\u0142y Rady Miasta Sopotu, kt\u00f3r\u0105 radni przyj\u0119li jednog\u0142o\u015bnie.<\/p>\n<p>\u2013 To\u00a0honorowe obywatelstwo przyj\u0119te jednog\u0142o\u015bnie przez\u00a0Rad\u0119 Miasta Sopotu jest najwi\u0119kszym wyrazem uznania dla cz\u0142owieka, kt\u00f3ry\u00a0pomimo tego, \u017ce\u00a0by\u0142 przez\u00a0tyle lat w\u00a0niewoli, tak\u00a0naprawd\u0119 pozosta\u0142 i\u00a0jest wolny \u2013 zaznaczy\u0142a prezydent Sopotu, Magdalena Czarzy\u0144ska-Jachim.<\/p>\n<p>Poczobut zapowiedzia\u0142, \u017ce\u00a0w\u00a0najbli\u017cszym czasie planuje powr\u00f3t na\u00a0Bia\u0142oru\u015b. Na\u00a0miejscu zamierza kontynuowa\u0107 swoj\u0105 prac\u0119 i\u00a0zaj\u0105\u0107 si\u0119 m.in.\u00a0sprawami zwi\u0105zanymi ze\u00a0Zwi\u0105zkiem Polak\u00f3w na\u00a0Bia\u0142orusi.<\/p>\n<p style=\"text-align: right;\">Tymon Nie\u015bmia\u0142ek\/SG<\/p>\n","protected":false},"excerpt":{"rendered":"Polsko-bia\u0142oruski dziennikarz i\u00a0dzia\u0142acz spo\u0142eczny Andrzej Poczobut odwiedzi\u0142 Sopot. Spotkanie zorganizowano w\u00a0Mamuszki 14. Dziennikarz podczas koncertu w\u00a0Operze Le\u015bnej otrzyma\u0142&hellip;\n","protected":false},"author":2,"featured_media":671615,"comment_status":"","ping_status":"","sticky":false,"template":"","format":"standard","meta":{"footnotes":"","_share_on_mastodon":"0"},"categories":[51610],"tags":[1048,42,38,40,39,41],"class_list":["post-671614","post","type-post","status-publish","format-standard","has-post-thumbnail","category-gdansk","tag-gdansk","tag-pl","tag-poland","tag-polish","tag-polska","tag-polski"],"share_on_mastodon":{"url":"https:\/\/pubeurope.com\/@pl\/117225359103273361","error":""},"_links":{"self":[{"href":"https:\/\/www.europesays.com\/pl\/wp-json\/wp\/v2\/posts\/671614","targetHints":{"allow":["GET"]}}],"collection":[{"href":"https:\/\/www.europesays.com\/pl\/wp-json\/wp\/v2\/posts"}],"about":[{"href":"https:\/\/www.europesays.com\/pl\/wp-json\/wp\/v2\/types\/post"}],"author":[{"embeddable":true,"href":"https:\/\/www.europesays.com\/pl\/wp-json\/wp\/v2\/users\/2"}],"replies":[{"embeddable":true,"href":"https:\/\/www.europesays.com\/pl\/wp-json\/wp\/v2\/comments?post=671614"}],"version-history":[{"count":0,"href":"https:\/\/www.europesays.com\/pl\/wp-json\/wp\/v2\/posts\/671614\/revisions"}],"wp:featuredmedia":[{"embeddable":true,"href":"https:\/\/www.europesays.com\/pl\/wp-json\/wp\/v2\/media\/671615"}],"wp:attachment":[{"href":"https:\/\/www.europesays.com\/pl\/wp-json\/wp\/v2\/media?parent=671614"}],"wp:term":[{"taxonomy":"category","embeddable":true,"href":"https:\/\/www.europesays.com\/pl\/wp-json\/wp\/v2\/categories?post=671614"},{"taxonomy":"post_tag","embeddable":true,"href":"https:\/\/www.europesays.com\/pl\/wp-json\/wp\/v2\/tags?post=671614"}],"curies":[{"name":"wp","href":"https:\/\/api.w.org\/{rel}","templated":true}]}}