{"id":671616,"date":"2026-09-06T17:49:20","date_gmt":"2026-09-06T17:49:20","guid":{"rendered":"https:\/\/www.europesays.com\/pl\/671616\/"},"modified":"2026-09-06T17:49:20","modified_gmt":"2026-09-06T17:49:20","slug":"lech-poznan-rakow-czestochowa-wynik-meczu-i-relacja-na-zywo-live","status":"publish","type":"post","link":"https:\/\/www.europesays.com\/pl\/671616\/","title":{"rendered":"Lech Pozna\u0144 &#8211; Rak\u00f3w Cz\u0119stochowa. Wynik meczu i relacja na \u017cywo [LIVE]"},"content":{"rendered":"<p>Dawid Szulczek mo\u017ce sta\u0107 si\u0119 tego popo\u0142udnia agentem 007. By\u0142y szkoleniowiec Warty przegra\u0142 bowiem wszystkie sze\u015b\u0107 dotychczasowych star\u0107 z\u00a0Lechem. Gdyby\u00a0zn\u00f3w musia\u0142 uzna\u0107 wy\u017cszo\u015b\u0107 Kolejorza, Rak\u00f3w po\u00a0pierwszych sze\u015bciu meczach Ekstraklasy mia\u0142by na\u00a0koncie sze\u015b\u0107 pora\u017cek. By\u0142by to\u00a0dopiero czwarty taki przypadek w\u00a0historii tych rozgrywek. Jako ostatnia tak\u00a0fatalnie w\u00a0sezonie 2010\/11 wystartowa\u0142a Cracovia. Mimo to\u00a0si\u0119 utrzyma\u0142a. Czy\u00a0finali\u015bci minionej edycji Pucharu Polski powt\u00f3rz\u0105 t\u0119\u00a0koszmarn\u0105 seri\u0119? Tego dowiecie si\u0119 \u015bledz\u0105c nasz\u0105 relacj\u0119 LIVE!<\/p>\n<p>Lech Pozna\u0144 \u2013 Rak\u00f3w Cz\u0119stochowa 1:0    <\/p>\n<p>                                Dzi\u0119kujemy za\u00a0uwag\u0119!<\/p>\n<p>Chwila przerwy na\u00a0zrobienie kolacji i\u00a0zasiadamy do\u00a0meczu Jagiellonia &#8211; \u015al\u0105sk.<\/p>\n<p>A\u00a0Rak\u00f3w? Cytuj\u0105c klasyka, a\u00a0szkoda gada\u0107. Dopiero czwarty raz w\u00a0historii Ekstraklasy zesp\u00f3\u0142 zacz\u0105\u0142 sezon ligowy od\u00a0sze\u015bciu pora\u017cek. Jako ostatnia tak\u00a0\u017ale w\u00a02010 roku wystartowa\u0142a Cracovia. Cho\u0107 mimo to\u00a0si\u0119 utrzyma\u0142a. Mimo takiego falstartu w\u00a0sezonie 1999\/00 utrzyma\u0142a si\u0119 te\u017c Dyskobolia. Osiem lat wcze\u015bniej Iglopol D\u0119bica takiego szcz\u0119\u015bcia ju\u017c nie\u00a0mia\u0142.<\/p>\n<p>Pierwszy raz od\u00a0czasu powrotu Rakowa do\u00a0Ekstraklasy Lech drugi raz z\u00a0rz\u0119du pokona\u0142 Cz\u0119stochowian. Dzi\u0119ki tej\u00a0wygranej mistrzowie Polski wracaj\u0105 na\u00a0fotel lidera. Nad\u00a0Legi\u0105 maj\u0105 punkt przewagi i\u00a0tyle samo nad\u00a0trzecim G\u00f3rnikiem. To\u00a0w\u0142a\u015bnie Zabrzanie b\u0119d\u0105 ich nast\u0119pnym rywalem. Z\u00a0wicemistrzem kraju zmierz\u0105 si\u0119 w\u00a0najbli\u017csz\u0105 sobot\u0119 o\u00a017:30 przy Roosevelta.<\/p>\n<p>Podr\u0119cznikowa \u017c\u00f3\u0142ta kartka dla Wojciecha Mo\u0144ki. Sfaulowa\u0142 taktycznie rozp\u0119dzaj\u0105cego si\u0119 Karola Struskiego. Tu\u017c po\u00a0nim do\u00a0grona napomnianych do\u0142\u0105czy\u0142 Emreli. Azer zameldowa\u0142 si\u0119 Rodriguezowi.<\/p>\n<p>Nie\u00a0ma\u00a0rzutu ro\u017cnego dla Rakowa. Pocz\u0105tkowo s\u0119dzia Kos my\u015bla\u0142, \u017ce\u00a0pi\u0142ka po\u00a0strzale Emreliego posz\u0142a po\u00a0r\u0119kach Lisa. VAR skorygowa\u0142 jednak jego decyzj\u0119.<\/p>\n<p>Pogramy jeszcze cztery minuty d\u0142u\u017cej.<\/p>\n<p>                                    ZNOWU TRELOWSKI!<\/p>\n<p>No\u00a0przecie\u017c to\u00a0powinno by\u0107 2:0. Zn\u00f3w okradziony z\u00a0asysty mo\u017ce czu\u0107 si\u0119 Joel Pereira. Patrik Walemark z\u00a0pi\u0105tki uderzy\u0142 akurat tam, gdzie sta\u0142 bramkarz rywala.<\/p>\n<p>                                    Lech m\u00f3g\u0142 zada\u0107 ostateczny cios<\/p>\n<p>\u015awietn\u0105 interwencj\u0105 po\u00a0strzale Rodrigueza popisa\u0142 si\u0119 jednak Racovitan. Dobija\u0107 pr\u00f3bowa\u0142 jeszcze Walemark, ale\u00a0i\u00a0Perovi\u0107 skutecznie pojecha\u0142 na\u00a0ty\u0142ku. A\u00a0o\u00a0strzale Gustava Berggrena to\u00a0ju\u017c lepiej zapomnijmy&#8230;<\/p>\n<p>Racovitan uratowa\u0142 teraz ty\u0142ek kolegom. Gdyby\u00a0nie\u00a0przeci\u0105\u0142 tego prostopad\u0142a podania Rodrigueza, Ishak stan\u0105\u0142by oko w\u00a0oko z\u00a0Trelowskim.<\/p>\n<p>Chwil\u0119 po\u00a0Brusbergu na\u00a0murawie zameldowa\u0142y si\u0119 trzy nowe nazwiska &#8211; Marko Perovi\u0107, Adin Molnar i\u00a0Jakub Jendryka. Zmienili kolejno Pie\u0144k\u0119, Makucha oraz\u00a0Tudora.<\/p>\n<p>                                    CO\u00a0ZA\u00a0PARADA TRELOWSKIEGO!<\/p>\n<p>Lech powinien podwy\u017cszy\u0107 prowadzenie, ale\u00a0Trelowski popisa\u0142 si\u0119 instynktown\u0105 interwencj\u0105. Nieco pom\u00f3g\u0142 mu\u00a0Ishak, poniewa\u017c nieczysto trafi\u0142 w\u00a0pi\u0142k\u0119. No\u00a0i\u00a0Walemark zagra\u0142 troch\u0119 do\u00a0ty\u0142u.<\/p>\n<p>Na\u00a0zegarach ju\u017c 76. minuta, a\u00a0Szulczek przeprowadzi\u0142 dopiero drug\u0105 zmian\u0119. Ca\u0142a naprz\u00f3d, bo\u00a0Isak Brusberg wszed\u0142 kosztem Svarnasa.<\/p>\n<p>                                    GOOOOL! LECH WRESZCIE WYSZED\u0141 NA\u00a0PROWADZENIE<\/p>\n<p>Ale\u017c\u00a0wej\u015bcie smoka Bengtssona! Rodriguez dostrzeg\u0142 niepilnowanego na\u00a0przedpolu Szweda, a\u00a0ten mia\u0142 nieco szcz\u0119\u015bcia. Pi\u0142ka odbi\u0142a si\u0119 bowiem od\u00a0Carlosa, myl\u0105c kompletnie Trelowskiego.<\/p>\n<p>Mamy czwart\u0105 zmian\u0119 w\u00a0zespole Lecha. Boisko opu\u015bci\u0142 Allahyar Sayyadmanesh, a\u00a0w\u00a0jego miejsce wszed\u0142 Leo Bengtsson. Szwed zaliczy najd\u0142u\u017cszy wyst\u0119p od\u00a0pierwszej kolejki i\u00a065 minut z\u00a0Cracovi\u0105. Po\u00a0niej wypad\u0142 z\u00a0powodu kontuzji stawu skokowego i\u00a0wr\u00f3ci\u0142 dopiero na\u00a0mecz z\u00a0Jagielloni\u0105. Tam na\u00a0boisku pojawi\u0142 si\u0119 w\u00a072. minucie.<\/p>\n<p>                                    LECH Z\u00a0KOLEJN\u0104 ZMARNOWAN\u0104 SETK\u0104!<\/p>\n<p>Tak\u00a0spektakularne pud\u0142o, jak Agnero to\u00a0nie\u00a0by\u0142o, ale\u00a0\u015bmia\u0142o mo\u017cna powiedzie\u0107, \u017ce\u00a0Filip Jagie\u0142\u0142o okrad\u0142 Joela Pereir\u0119 z\u00a0asysty. Dosta\u0142 ciasteczko zewniakiem od\u00a0Portugalczyka, lecz\u00a0uderzy\u0142 bardziej barkiem ni\u017c g\u0142ow\u0105.<\/p>\n<p>                                    Lech z\u00a0najwy\u017csz\u0105 frekwencj\u0105 na\u00a0swoim domowym meczu w\u00a0tym sezonie Ekstraklasy!<\/p>\n<p lang=\"pl\" dir=\"ltr\">Dzi\u015b na\u00a0Enea Stadionie jest z\u00a0nami 33 615 os\u00f3b. Dzi\u0119kujemy za\u00a0Wasze wsparcie!<\/p>\n<p>\ud83d\udc69\ud83c\udffc Kobiety: 5 875<br \/>\ud83e\uddd2\ud83c\udffc Dzieci do\u00a0lat 13: 2 239<br \/>\ud83c\udfdf\ufe0f Pierwszy raz <a href=\"https:\/\/x.com\/hashtag\/NaStadionie?src=hash&amp;ref_src=twsrc%5Etfw\" rel=\"nofollow\">#NaStadionie<\/a> od\u00a0dw\u00f3ch lat: 5 133<br \/>\ud83e\udd1d Uczestnicy programu LECHICI: 14 124<br \/>__<a href=\"https:\/\/x.com\/hashtag\/LPORCZ?src=hash&amp;ref_src=twsrc%5Etfw\" rel=\"nofollow\">#LPORCZ<\/a> 0:0 <a href=\"https:\/\/t.co\/ITikRwzK20\" rel=\"nofollow\">pic.twitter.com\/ITikRwzK20<\/a><\/p>\n<p>\u2014 Lech Pozna\u0144 \u2b50\ufe0f (@LechPoznan) <a href=\"https:\/\/x.com\/LechPoznan\/status\/2096641802480566631?ref_src=twsrc%5Etfw\" rel=\"nofollow\">September 6, 2026<\/a>                             <\/p>\n<p>                                    SZYBKO POSZ\u0141O<\/p>\n<p>Dos\u0142ownie kilkadziesi\u0105t sekund po\u00a0tym pudle Frederiksen zmieni\u0142 Agnero. W\u00a0jego miejsce wszed\u0142 nie\u00a0kto inny, jak Mikael Ishak.<\/p>\n<p>                                    CO\u00a0TERAZ ZROBI\u0141 YANNICK AGNERO!<\/p>\n<p>Chyba tylko\u00a0on\u00a0wie, jakim cudem nie\u00a0pokona\u0142 Kacpra Trelowskiego. Po\u00a0b\u0142\u0119dzie Svarnasa min\u0105\u0142 Bogdana Racovitana, min\u0105\u0142 bramkarza, ale\u00a0z\u00a0kilku metr\u00f3w uderzy\u0142&#8230; nad\u00a0poprzeczk\u0105.<\/p>\n<p>Ale\u017c\u00a0wej\u015bcie smoka m\u00f3g\u0142 zaliczy\u0107 Koczergin. Ukrainiec po\u00a0wrzutce Carlosa sprz\u0105tn\u0105\u0142 pi\u0142k\u0119 sprzed nosa kapitanowi Kolejorza, Rados\u0142awowi Murawskiemu. Po\u00a0chwili hukn\u0105\u0142 z\u00a0powietrza, ale\u00a0nad\u00a0bramk\u0105.\u00a0<\/p>\n<p>Dwie roszady przeprowadzi\u0142 za\u00a0to\u00a0Niels Frederiksen. Na\u00a045 minutach zako\u0144czy\u0142y si\u0119 wyst\u0119py Palmy i\u00a0graj\u0105cego z\u00a0kartk\u0105 Skrzypczaka. Zast\u0105pili ich Patrik Walemark i\u00a0Terry Yegbe.<\/p>\n<p>Wracamy po\u00a0przerwie. W\u00a0jej trakcie na\u00a0jedn\u0105 zmian\u0119 zdecydowa\u0142 si\u0119 trener Szulczek. Na\u00a0drug\u0105 po\u0142ow\u0119 nie\u00a0wybieg\u0142 ju\u017c Adam Basse. W\u00a0jego miejsce wszed\u0142 W\u0142adys\u0142aw Koczergin.<\/p>\n<p>Ale\u017c\u00a0teraz pomys\u0142 mia\u0142 Wojciech Mo\u0144ka. Nastolatek swoim podaniem do\u00a0Rodrigueza pr\u00f3bowa\u0142 przeci\u0105\u0107 dwie linie. Pi\u0142k\u0119 sprzed nosa Hiszpanowi sprz\u0105tn\u0105\u0142 jednak wracaj\u0105cy do\u00a0sk\u0142adu Stratos Svarnas.<\/p>\n<p>S\u0119dziowie dorzucili do\u00a0pierwszej po\u0142owy dwie minuty.<\/p>\n<p>Luis Palma zbyt wysoko wrzuci\u0142 teraz na\u00a0Yannicka Agnero, wi\u0119c\u00a0Iworyjczyk nie\u00a0m\u00f3g\u0142 wyczarowa\u0107 z\u00a0tego nic wi\u0119cej jak uderzenie nad\u00a0poprzeczk\u0105.<\/p>\n<p>G\u0142upi\u0105 \u017c\u00f3\u0142t\u0105 kartk\u0119 zarobi\u0142 Pie\u0144ko. Aut nale\u017ca\u0142 si\u0119 Lechowi, ale\u00a0by\u0142y m\u0142odzie\u017cowy reprezentant Polski nie\u00a0chcia\u0142 odda\u0107 pi\u0142ki.<\/p>\n<p>Bliski gola by\u0142 teraz Patryk Makuch. Po\u00a0wrzutce Mahira Emreli z\u00a0lewego sektora uderzy\u0142 g\u0142ow\u0105 z\u00a0okolicy punktu karnego, a\u00a0pi\u0142ka minimalnie min\u0119\u0142a s\u0142upek.<\/p>\n<p>I\u00a0mamy kolejne \u017c\u00f3\u0142tko po\u00a0stronie Lecha. Obejrza\u0142 je\u00a0Micha\u0142 Gurgul za\u00a0zatrzymanie p\u0119dz\u0105cego prawym sektorem Jeana Carlosa. M\u0142odzie\u017cowy reprezentant Polski prawie porwa\u0142 rywalowi gacie!\u00a0<\/p>\n<p>                                    Tak\u00a0wygl\u0105da\u0142o to\u00a0zaj\u015bcie:<br \/>\n                                                                    <img decoding=\"async\" src=\"https:\/\/www.europesays.com\/pl\/wp-content\/uploads\/2026\/09\/fireshot-capture-1480-live-tv-sport-canal-www-canalplus-com-6a9d8ecb88b72300663916.png\" alt=\"Tak wygl\u0105da\u0142o to zaj\u015bcie:\"\/><\/p>\n<p>Przez\u00a0chwil\u0119 serca kibic\u00f3w Lecha stan\u0119\u0142y. Najlepszy w\u00a0meczu z\u00a0Jagielloni\u0105 Joel Pereira ucierpia\u0142 przy pr\u00f3bie zatrzymania Tomasza Pie\u0144ki. Rywal przypadkowo stan\u0105\u0142 na\u00a0jego nodze. Ca\u0142e szcz\u0119\u015bcie, \u017ce\u00a0Portugalczyk po\u00a0chwili si\u0119 pozbiera\u0142.<\/p>\n<p>                                    Tak\u00a0wygl\u0105da\u0142 faul wychowanka Lecha:<br \/>\n                                                                    <img decoding=\"async\" src=\"https:\/\/www.europesays.com\/pl\/wp-content\/uploads\/2026\/09\/fireshot-capture-1478-live-tv-sport-canal-www-canalplus-com-6a9d8dadc612a020323202.png\" alt=\"Tak wygl\u0105da\u0142 faul wychowanka Lecha:\"\/><\/p>\n<p>No\u00a0i\u00a0mamy remis po\u00a0stronie napomnie\u0144. Damian Kos \u017c\u00f3\u0142tko pokaza\u0142 Skrzypczakowi za\u00a0faul taktyczny na\u00a0Basse. Mo\u017cna si\u0119 jednak zastanawia\u0107, czy\u00a0nie\u00a0by\u0142o to\u00a0czasem DOGSO, czyli pozbawienie rywala realnej szansy na\u00a0zdobycie bramki.<\/p>\n<p>Upiek\u0142o si\u0119 teraz Mateuszowi Skrzypczakowi. Gdyby\u00a0pi\u0142ka po\u00a0odbiciu si\u0119 od\u00a0Adama Basse zosta\u0142a w\u00a0polu, napastnik go\u015bci mia\u0142by autostrad\u0119 do\u00a0bramki Mateusza Lisa.<\/p>\n<p>Mamy pierwszy strza\u0142 po\u00a0stronie Rakowa. Z\u00a0prawej strony szesnastki zacentrowa\u0142 Jean Carlos, a\u00a0strza\u0142 g\u0142ow\u0105 odda\u0142 Adam Basse. Pi\u0142ka znacz\u0105co jednak min\u0119\u0142a bramk\u0119.<\/p>\n<p>I\u00a0jest pierwsze napomnienie. \u017b\u00f3\u0142t\u0105 kartk\u0119 za\u00a0faul na\u00a0Pablo Rodriguezie obejrza\u0142 kapitan, Fran Tudor.<\/p>\n<p>Mieli\u015bmy pierwszy konkret w\u00a0tym spotkaniu. Joel Pereira pos\u0142a\u0142 znakomite krzy\u017cowe podanie do\u00a0Luisa Palmy. Honduranin uderzy\u0142 z\u00a0woleja, ale\u00a0pi\u0142k\u0119 ko\u0144cami palc\u00f3w dotkn\u0105\u0142 Kacper Trelowski. Futbol\u00f3wka i\u00a0tak\u00a0sz\u0142a jednak nad\u00a0poprzeczk\u0105.<\/p>\n<p>W\u00a0por\u00f3wnaniu z\u00a0czwartkowym meczem z\u00a0G\u00f3rnikiem mamy a\u017c\u00a0sze\u015b\u0107 zmian w\u00a0podstawowym sk\u0142adzie. Niew\u0105tpliwie najwi\u0119kszym zaskoczeniem jest obecno\u015b\u0107 Adama Basse, kt\u00f3ry\u00a0w\u00a0tym sezonie \u0142\u0105cznie zaliczy\u0142&#8230; 20 minut. Ostatni raz na\u00a0boisku pojawi\u0142 si\u0119 2 sierpnia we\u00a0Wroc\u0142awiu, kt\u00f3ry\u00a0w\u00a02025 roku zamieni\u0142 na\u00a0Cz\u0119stochow\u0119.<\/p>\n<p>W\u00a0por\u00f3wnaniu z\u00a0wyszarpanym trzy dni wcze\u015bniej zwyci\u0119stwem nad\u00a0Jagielloni\u0105 Niels Frederiksen przeprowadzi\u0142 dwie roszady. Gustava Berggrena w\u00a0\u015brodku pola zast\u0119puje Filip Jagie\u0142\u0142o, a\u00a0Yannick Agnero daje odpocz\u0105\u0107 Patrikowi Walemarkowi.<\/p>\n<p>                                Dzie\u0144 dobry!<\/p>\n<p>Jak wyliczy\u0142 Cezary Kawecki z\u00a0Kana\u0142u Sportowego, Rak\u00f3w jest pierwsz\u0105 od\u00a014 lat dru\u017cyn\u0105, kt\u00f3ra\u00a0zmagania w\u00a0Ekstraklasie rozpocz\u0119\u0142a od\u00a0pi\u0119ciu pora\u017cek. Jako ostatni tak\u00a0fatalnie wystartowa\u0142 GKS Be\u0142chat\u00f3w i\u00a0nie\u00a0sko\u0144czy\u0142o si\u0119 to\u00a0dla niego dobrze. Og\u00f3lnie to\u00a0\u00f3smy taki przypadek w\u00a0dziejach Ekstraklasy. Paradoksalnie wi\u0119kszo\u015b\u0107 takich historii ko\u0144czy\u0142a si\u0119 happy-endem. Czterokrotnie ekipom, kt\u00f3re tak\u00a0beznadziejne zacz\u0119\u0142y sezon, uda\u0142o si\u0119 utrzyma\u0107.<\/p>\n<p><\/p>\n<p>fot.\u00a0Newspix<\/p>\n<p>                    <script async src=\"https:\/\/platform.twitter.com\/widgets.js\" charset=\"utf-8\"><\/script><\/p>\n","protected":false},"excerpt":{"rendered":"Dawid Szulczek mo\u017ce sta\u0107 si\u0119 tego popo\u0142udnia agentem 007. By\u0142y szkoleniowiec Warty przegra\u0142 bowiem wszystkie sze\u015b\u0107 dotychczasowych star\u0107&hellip;\n","protected":false},"author":2,"featured_media":671617,"comment_status":"","ping_status":"","sticky":false,"template":"","format":"standard","meta":{"footnotes":"","_share_on_mastodon":"0"},"categories":[51609],"tags":[215,42,38,40,39,41,1817,2369],"class_list":["post-671616","post","type-post","status-publish","format-standard","has-post-thumbnail","category-poznan","tag-lech-poznan","tag-pl","tag-poland","tag-polish","tag-polska","tag-polski","tag-poznan","tag-rakow-czestochowa"],"share_on_mastodon":{"url":"https:\/\/pubeurope.com\/@pl\/117225361728089069","error":""},"_links":{"self":[{"href":"https:\/\/www.europesays.com\/pl\/wp-json\/wp\/v2\/posts\/671616","targetHints":{"allow":["GET"]}}],"collection":[{"href":"https:\/\/www.europesays.com\/pl\/wp-json\/wp\/v2\/posts"}],"about":[{"href":"https:\/\/www.europesays.com\/pl\/wp-json\/wp\/v2\/types\/post"}],"author":[{"embeddable":true,"href":"https:\/\/www.europesays.com\/pl\/wp-json\/wp\/v2\/users\/2"}],"replies":[{"embeddable":true,"href":"https:\/\/www.europesays.com\/pl\/wp-json\/wp\/v2\/comments?post=671616"}],"version-history":[{"count":0,"href":"https:\/\/www.europesays.com\/pl\/wp-json\/wp\/v2\/posts\/671616\/revisions"}],"wp:featuredmedia":[{"embeddable":true,"href":"https:\/\/www.europesays.com\/pl\/wp-json\/wp\/v2\/media\/671617"}],"wp:attachment":[{"href":"https:\/\/www.europesays.com\/pl\/wp-json\/wp\/v2\/media?parent=671616"}],"wp:term":[{"taxonomy":"category","embeddable":true,"href":"https:\/\/www.europesays.com\/pl\/wp-json\/wp\/v2\/categories?post=671616"},{"taxonomy":"post_tag","embeddable":true,"href":"https:\/\/www.europesays.com\/pl\/wp-json\/wp\/v2\/tags?post=671616"}],"curies":[{"name":"wp","href":"https:\/\/api.w.org\/{rel}","templated":true}]}}