{"id":671638,"date":"2026-09-06T18:00:19","date_gmt":"2026-09-06T18:00:19","guid":{"rendered":"https:\/\/www.europesays.com\/pl\/671638\/"},"modified":"2026-09-06T18:00:19","modified_gmt":"2026-09-06T18:00:19","slug":"biedronka-promocje-od-7-wrzesnia-nowa-gazetka-promocyjna-i-ceny","status":"publish","type":"post","link":"https:\/\/www.europesays.com\/pl\/671638\/","title":{"rendered":"Biedronka: promocje od 7 wrze\u015bnia. Nowa gazetka promocyjna i ceny"},"content":{"rendered":"<p>Po niedzieli bez handlu wielu Polak\u00f3w w poniedzia\u0142ek ruszy do sklep\u00f3w, aby uzupe\u0142ni\u0107 domowe zapasy. Biedronka przygotowa\u0142a na pocz\u0105tek nowego tygodnia seri\u0119 promocji obejmuj\u0105cych zar\u00f3wno podstawowe produkty spo\u017cywcze, jak i chemi\u0119 gospodarcz\u0105, kosmetyki czy artyku\u0142y dla dzieci. Cz\u0119\u015b\u0107 ofert b\u0119dzie obowi\u0105zywa\u0107 od 7 do 12 wrze\u015bnia, ale niekt\u00f3re z najmocniejszych cen dost\u0119pne b\u0119d\u0105 tylko przez jeden dzie\u0144 lub do \u015brody. W wielu przypadkach potrzebna b\u0119dzie karta Moja Biedronka lub aplikacja, a sie\u0107 wprowadzi\u0142a tak\u017ce dzienne limity zakup\u00f3w.<\/p>\n<p>Nowa gazetka promocyjna obejmuje m.in. nabia\u0142, mi\u0119so, w\u0119dliny, makarony, produkty sypkie oraz owoce. Osobn\u0105 grup\u0119 stanowi\u0105 akcje \u201c1+1 gratis\u201d, \u201d2+2 gratis\u201d czy &#8222;drugi za 1 z\u0142\u201d, w kt\u00f3rych ostateczna cena zale\u017cy od zakupu kilku sztuk. Przed w\u0142o\u017ceniem produkt\u00f3w do koszyka warto wi\u0119c sprawdzi\u0107 zar\u00f3wno warunki promocji, jak i termin jej obowi\u0105zywania.<\/p>\n<p>  Po niedzieli bez handlu Polacy rusz\u0105 na zakupy. Kolejna handlowa dopiero w grudniu<\/p>\n<p>6 wrze\u015bnia jest niedziel\u0105 niehandlow\u0105, dlatego zdecydowana wi\u0119kszo\u015b\u0107 supermarket\u00f3w i dyskont\u00f3w pozostaje zamkni\u0119ta. Obowi\u0105zuj\u0105ce przepisy przewiduj\u0105 w 2026 roku osiem niedziel handlowych, a ostatnia przed wrze\u015bniem przypad\u0142a 30 sierpnia. Kolejna b\u0119dzie dopiero 6 grudnia. P\u00f3\u017aniej sklepy b\u0119d\u0105 mog\u0142y otworzy\u0107 si\u0119 tak\u017ce 13 i 20 grudnia.<\/p>\n<p>Dla wielu gospodarstw domowych poniedzia\u0142ek 7 wrze\u015bnia b\u0119dzie wi\u0119c pierwsz\u0105 okazj\u0105 po weekendzie do zrobienia wi\u0119kszych zakup\u00f3w. Cz\u0119\u015b\u0107 klient\u00f3w b\u0119dzie uzupe\u0142nia\u0107 przede wszystkim podstawowe zapasy: mleko, mas\u0142o, sery, pieczywo, mi\u0119so czy produkty potrzebne do przygotowywania posi\u0142k\u00f3w w ci\u0105gu tygodnia. Pocz\u0105tek wrze\u015bnia to r\u00f3wnie\u017c powr\u00f3t do szkolnej i zawodowej rutyny, co mo\u017ce dodatkowo zwi\u0119ksza\u0107 zapotrzebowanie na regularne <a href=\"https:\/\/www.biznesinfo.pl\/tematyczne\/zakupy\" rel=\"nofollow noopener\" target=\"_blank\">zakupy<\/a> spo\u017cywcze.<\/p>\n<p>  <img decoding=\"async\" alt=\"Po weekendzie zacznie si\u0119 w Biedronce. Promocje \" gratis=\"\" to=\"\" dopiero=\"\" pocz=\"\" class=\"lazyload\" loading=\"lazy\"  src=\"https:\/\/www.europesays.com\/pl\/wp-content\/uploads\/2026\/09\/7_wrzesnia_biedronka_cee49e2d66.webp\" \/>Fot. Magda Wygralak\/Shutterstock<\/p>\n<p>Biedronka w\u0142a\u015bnie od poniedzia\u0142ku uruchamia du\u017c\u0105 cz\u0119\u015b\u0107 nowej oferty. Wi\u0119kszo\u015b\u0107 pokazanych w gazetce promocji b\u0119dzie obowi\u0105zywa\u0107 od 7 do 12 wrze\u015bnia, ale cz\u0119\u015b\u0107 ko\u0144czy si\u0119 ju\u017c 9 wrze\u015bnia. S\u0105 r\u00f3wnie\u017c okazje dost\u0119pne wy\u0142\u0105cznie w poniedzia\u0142ek.<\/p>\n<p>Trzeba przy tym pami\u0119ta\u0107, \u017ce wiele najni\u017cszych cen wymaga u\u017cycia karty Moja Biedronka lub aplikacji. Cz\u0119sto konieczny jest te\u017c zakup kilku sztuk, a przy niekt\u00f3rych produktach obowi\u0105zuj\u0105 limity dzienne. Dopiero po spe\u0142nieniu wszystkich warunk\u00f3w naliczana jest cena widoczna w najwi\u0119kszym polu promocyjnym.<\/p>\n<p>    Mleko za 0,99 z\u0142 i mas\u0142o za 1,99 z\u0142. Biedronka mocno przecenia podstawowe produkty<\/p>\n<p>Jedn\u0105 z najmocniejszych ofert przygotowano na mleko UHT 3,2 proc. Mlekovita lub \u0141owicz. Przy zakupie sze\u015bciu karton\u00f3w z kart\u0105 lub aplikacj\u0105 ka\u017cdy ma kosztowa\u0107 0,99 z\u0142. Promocja obowi\u0105zuje od 7 do 12 wrze\u015bnia, a dzienny limit ustalono na 24 sztuki.<\/p>\n<p>Alternatywnie mleko Wypasione 3,2 proc. obj\u0119to akcj\u0105 3+3 gratis. Przy sze\u015bciu sztukach \u015brednia cena jednego kartonu wynosi 2,25 z\u0142. Mleko Mleczna Dolina mo\u017cna natomiast kupi\u0107 po 1,49 z\u0142 za litr przy zakupie sze\u015bciu sztuk.<\/p>\n<p>    <img decoding=\"async\" alt=\"Po weekendzie zacznie si\u0119 w Biedronce. Promocje \" gratis=\"\" to=\"\" dopiero=\"\" pocz=\"\" class=\"lazyload\" loading=\"lazy\"  src=\"https:\/\/www.europesays.com\/pl\/wp-content\/uploads\/2026\/09\/3b_21d9fb4734.webp\" \/>Fot. biedronka.pl<\/p>\n<p>Jeszcze mocniej wyr\u00f3\u017cnia si\u0119 poniedzia\u0142kowa <a href=\"https:\/\/www.biznesinfo.pl\/tematyczne\/promocje\" rel=\"nofollow noopener\" target=\"_blank\">promocja<\/a> na mas\u0142o. Tylko 7 wrze\u015bnia mas\u0142o ekstra z Polskiej Mleczarni, 200 g, b\u0119dzie przy zakupie pi\u0119ciu sztuk kosztowa\u0142o 1,99 z\u0142 za opakowanie. Gazetka wskazuje obni\u017ck\u0119 o 66 proc. Dost\u0119pne s\u0105 r\u00f3wnie\u017c inne akcje: mas\u0142o Mleczna Dolina przy zakupie dw\u00f3ch sztuk kosztuje 2,49 z\u0142 za opakowanie, a \u0141aciate Polskie Mlekovita &#8211; 2,99 z\u0142.<\/p>\n<p>Promocje obejm\u0105 r\u00f3wnie\u017c sery i w\u0119dliny. Ser \u015awiatowid Morski lub Gouda przy zakupie dw\u00f3ch opakowa\u0144 kosztuje 7,99 z\u0142 za 250 g, a Edamski przy trzech sztukach &#8211; 3,75 z\u0142 za opakowanie. Pol\u0119dwica Sopocka Kraina W\u0119dlin zosta\u0142a obj\u0119ta akcj\u0105 2+2 gratis. Przy czterech opakowaniach \u015brednia cena sztuki wynosi 3,49 z\u0142.<\/p>\n<p><img decoding=\"async\" alt=\"Po weekendzie zacznie si\u0119 w Biedronce. Promocje \" gratis=\"\" to=\"\" dopiero=\"\" pocz=\"\" class=\"lazyload\" loading=\"lazy\"  src=\"https:\/\/www.europesays.com\/pl\/wp-content\/uploads\/2026\/09\/5b_69f2939d32.webp\" \/>Fot. biedronka.pl<\/p>\n<p>Do tego dochodz\u0105 makarony Pastani z drugim produktem za 1 z\u0142, wybrane oleje r\u00f3wnie\u017c z drugim za 1 z\u0142, m\u0105ki i skrobie w akcji 2+1 gratis oraz kasze z drugim opakowaniem 50 proc. taniej. Drugi produkt z kategorii sch\u0142odzonych pierog\u00f3w i krokiet\u00f3w Nasze Smaki b\u0119dzie kosztowa\u0142 o po\u0142ow\u0119 mniej, a w przypadku ch\u0142odzonych pizz i pins Gusto Bello rabat wyniesie 40 proc.<\/p>\n<p><a href=\"https:\/\/www.biznesinfo.pl\/koniec-dotychczasowych-zappsow-zabka-szykuje-duza-zmiane-w-aplikacji-jb-wks-060926\" rel=\"nofollow noopener\" target=\"_blank\">Zobacz te\u017c: Koniec dotychczasowych \u017capps\u00f3w. \u017babka szykuje du\u017c\u0105 zmian\u0119 w aplikacji<\/a><\/p>\n<p>    Drugi Lenor 70 proc. taniej, Bref 2+2 gratis. Promocje w Biedronce<\/p>\n<p>Gazetka Biedronki na nowy tydzie\u0144 mocno stawia r\u00f3wnie\u017c na chemi\u0119 gospodarcz\u0105. Od poniedzia\u0142ku do \u015brody, czyli 7-9 wrze\u015bnia, wszystkie produkty Lenor obj\u0119te s\u0105 akcj\u0105, w kt\u00f3rej drugi, ta\u0144szy produkt kosztuje o 70 proc. mniej. Podobna zasada obowi\u0105zuje na wszystkie produkty Air Wick.<\/p>\n<p>W przypadku produkt\u00f3w Bref sie\u0107 przygotowa\u0142a akcj\u0119 2+2 gratis. Przy zakupie czterech produkt\u00f3w dwa najta\u0144sze s\u0105 bezp\u0142atne. Obowi\u0105zuje jednak dzienny limit czterech opakowa\u0144, czyli maksymalnie dw\u00f3ch produkt\u00f3w gratis na kart\u0119 Moja Biedronka. Od 7 do 12 wrze\u015bnia drugi produkt Persil b\u0119dzie natomiast dost\u0119pny za 5 z\u0142.<\/p>\n<p><img decoding=\"async\" alt=\"Po weekendzie zacznie si\u0119 w Biedronce. Promocje \" gratis=\"\" to=\"\" dopiero=\"\" pocz=\"\" class=\"lazyload\" loading=\"lazy\"  src=\"https:\/\/www.europesays.com\/pl\/wp-content\/uploads\/2026\/09\/8b_846cfb1392.webp\" \/>Fot. biedronka.pl<\/p>\n<p>Du\u017co promocji znajd\u0105 tak\u017ce <a href=\"https:\/\/www.biznesinfo.pl\/tematyczne\/klient\" rel=\"nofollow noopener\" target=\"_blank\">klienci<\/a> uzupe\u0142niaj\u0105cy kosmetyczk\u0119. Wszystkie kosmetyki Nivea obj\u0119to ofert\u0105 drugi produkt 50 proc. taniej. Taka sama zni\u017cka obowi\u0105zuje przy kosmetykach Dove, Axe i Rexona. Drugi kosmetyk do makija\u017cu lub stylizacji paznokci ma by\u0107 ta\u0144szy o 60 proc., a przy produktach Garnier do piel\u0119gnacji w\u0142os\u00f3w rabat na drugi produkt wyniesie a\u017c 70 proc. Produkty Blend-a-med i Oral-B r\u00f3wnie\u017c maj\u0105 by\u0107 dost\u0119pne z drugim artyku\u0142em 60 proc. taniej.<\/p>\n<p>Rodzice mog\u0105 z kolei zwr\u00f3ci\u0107 uwag\u0119 na pieluchy Dada Extra Care. Przy zakupie dw\u00f3ch opakowa\u0144 drugie kosztuje 5 z\u0142. Dzienny limit wynosi cztery opakowania, z czego maksymalnie dwa mog\u0105 zosta\u0107 kupione w promocyjnej cenie.<\/p>\n<p>Gazetka zawiera r\u00f3wnie\u017c akcje na lody. Drugi familijny Marletto 900 ml jest 70 proc. ta\u0144szy, natomiast lody familijne Zielona Budka dost\u0119pne s\u0105 w formule 1+1 gratis.<\/p>\n<p>      <img decoding=\"async\" loading=\"lazy\" width=\"224\" height=\"224\" alt=\"Julia Bogucka\" class=\"w-48 h-48 md:w-56 md:h-56 object-cover rounded-full\"  src=\"https:\/\/www.europesays.com\/pl\/wp-content\/uploads\/2026\/09\/Julia_Bogucka_0921463b6d.jpg\" \/><\/p>\n<p>        O autorze<\/p>\n<p>Julia Bogucka<\/p>\n<p>\n            Redaktor BiznesINFO\n        <\/p>\n<p>Redaktorka specjalizuj\u0105ca si\u0119 w tematyce nowych technologii, innowacji oraz ich wp\u0142ywu na gospodark\u0119 i codzienne \u017cycie. W swojej pracy \u0142\u0105czy do\u015bwiadczenie dziennikarskie z zainteresowaniem sztuczn\u0105 inteligencj\u0105, mediami cyfrowymi i rozwojem nowoczesnych rozwi\u0105za\u0144 technologicznych.Obszary specjalizacji:Nowe technologie, sztuczna inteligencja, innowacje, media cyfrowe, biznes i gospodarka.Do\u015bwiadczenie dziennikarskie zdobywa\u0142a mi\u0119dzy innymi w radiu akademickim. Obecnie pracuje jako redaktorka portalu biznesowo-finansowego, gdzie przygotowuje materia\u0142y dotycz\u0105ce technologii, gospodarki, rynku pracy, finans\u00f3w i zmian istotnych dla konsument\u00f3w. Do redakcji BiznesINFO do\u0142\u0105czy\u0142a w styczniu 2025 roku, w Iberionie pracuje od stycznia 2024 roku.Absolwentka dziennikarstwa i komunikacji spo\u0142ecznej na Uniwersytecie Marii Curie Sk\u0142odowskiej w Lublinie. Jej zainteresowania naukowe koncentruj\u0105 si\u0119 wok\u00f3\u0142 komunikacji cz\u0142owieka ze sztuczn\u0105 inteligencj\u0105, medi\u00f3w oraz relacji rozwijanych z technologiami komunikacyjnymi.Stypendystka Stypendium im. Leopolda Ungera w X edycji. Do jej osi\u0105gni\u0119\u0107 nale\u017c\u0105 r\u00f3wnie\u017c dzia\u0142alno\u015b\u0107 w radiu akademickim oraz rozwijanie dorobku naukowego w obszarze komunikacji spo\u0142ecznej, medi\u00f3w i sztucznej inteligencji.<\/p>\n<p>        <a href=\"https:\/\/www.biznesinfo.pl\/autor\/julia-bogucka\" class=\"text-sm md:text-base font-medium hover:underline mt-1 no-underline\" style=\"color: #0066FF; letter-spacing: normal; text-decoration-thickness: auto; text-underline-offset: auto;\" rel=\"nofollow noopener\" target=\"_blank\"><br \/>\n            Zobacz wszystkie artyku\u0142y autora &gt;<br \/>\n        <\/a><\/p>\n","protected":false},"excerpt":{"rendered":"Po niedzieli bez handlu wielu Polak\u00f3w w poniedzia\u0142ek ruszy do sklep\u00f3w, aby uzupe\u0142ni\u0107 domowe zapasy. Biedronka przygotowa\u0142a na&hellip;\n","protected":false},"author":2,"featured_media":671639,"comment_status":"","ping_status":"","sticky":false,"template":"","format":"standard","meta":{"footnotes":"","_share_on_mastodon":"0"},"categories":[16],"tags":[113,112,42,38,40,39,41],"class_list":["post-671638","post","type-post","status-publish","format-standard","has-post-thumbnail","category-biznes","tag-biznes","tag-business","tag-pl","tag-poland","tag-polish","tag-polska","tag-polski"],"share_on_mastodon":{"url":"https:\/\/pubeurope.com\/@pl\/117225407206338204","error":""},"_links":{"self":[{"href":"https:\/\/www.europesays.com\/pl\/wp-json\/wp\/v2\/posts\/671638","targetHints":{"allow":["GET"]}}],"collection":[{"href":"https:\/\/www.europesays.com\/pl\/wp-json\/wp\/v2\/posts"}],"about":[{"href":"https:\/\/www.europesays.com\/pl\/wp-json\/wp\/v2\/types\/post"}],"author":[{"embeddable":true,"href":"https:\/\/www.europesays.com\/pl\/wp-json\/wp\/v2\/users\/2"}],"replies":[{"embeddable":true,"href":"https:\/\/www.europesays.com\/pl\/wp-json\/wp\/v2\/comments?post=671638"}],"version-history":[{"count":0,"href":"https:\/\/www.europesays.com\/pl\/wp-json\/wp\/v2\/posts\/671638\/revisions"}],"wp:featuredmedia":[{"embeddable":true,"href":"https:\/\/www.europesays.com\/pl\/wp-json\/wp\/v2\/media\/671639"}],"wp:attachment":[{"href":"https:\/\/www.europesays.com\/pl\/wp-json\/wp\/v2\/media?parent=671638"}],"wp:term":[{"taxonomy":"category","embeddable":true,"href":"https:\/\/www.europesays.com\/pl\/wp-json\/wp\/v2\/categories?post=671638"},{"taxonomy":"post_tag","embeddable":true,"href":"https:\/\/www.europesays.com\/pl\/wp-json\/wp\/v2\/tags?post=671638"}],"curies":[{"name":"wp","href":"https:\/\/api.w.org\/{rel}","templated":true}]}}