{"id":671656,"date":"2026-09-06T18:14:23","date_gmt":"2026-09-06T18:14:23","guid":{"rendered":"https:\/\/www.europesays.com\/pl\/671656\/"},"modified":"2026-09-06T18:14:23","modified_gmt":"2026-09-06T18:14:23","slug":"pierwsze-mecze-nowego-sezonu-za-tenisistkami-stolowymi-ulmer-azs-umcs-lublin-azs-umcs-lublin","status":"publish","type":"post","link":"https:\/\/www.europesays.com\/pl\/671656\/","title":{"rendered":"Pierwsze mecze nowego sezonu za tenisistkami sto\u0142owymi Ulmer AZS UMCS Lublin &#8211; AZS UMCS Lublin"},"content":{"rendered":"<p>Inauguracja nowego sezonu Ekstraklasy kobiet w tenisie sto\u0142owym nie potoczy\u0142a si\u0119 po my\u015bli zawodniczek Ulmer AZS UMCS Lublin. W dw\u00f3ch pierwszych kolejkach rozgrywek rywalki okaza\u0142y si\u0119 lepsze, przez co Bia\u0142o-Zielone wci\u0105\u017c czekaj\u0105 na pierwsze punkty w ligowej tabeli.<\/p>\n<p>Pierwsze starcie rozegrano w czwartek, 3 wrze\u015bnia, kiedy to lublinianki podejmowa\u0142y we w\u0142asnej hali dru\u017cyn\u0119 Mawa AZS UJD Cz\u0119stochowa. Mecz od pocz\u0105tku uk\u0142ada\u0142 si\u0119 pod dyktando przyjezdnych, kt\u00f3re ostatecznie zwyci\u0119\u017cy\u0142y 3:0. Kim Yerin musia\u0142a uzna\u0107 wy\u017cszo\u015b\u0107 Eleny Zaharii, Anna Brzyska uleg\u0142a Chiko Fuji\u0107e, a w ostatnim pojedynku dnia Natalia Partyka przegra\u0142a z Paulin\u0105 Krzysiek. Wszystkie pojedynki zamkn\u0119\u0142y si\u0119 w trzech setach.<\/p>\n<p>Druga okazja na zdobycie punkt\u00f3w nadesz\u0142a w niedziel\u0119, 6 wrze\u015bnia, podczas wyjazdowej konfrontacji z English Perfect AZS UWM Olsztyn. To spotkanie by\u0142o niezwykle wyr\u00f3wnane i dostarczy\u0142o kibicom wielu emocji, a ca\u0142a rywalizacja trwa\u0142a blisko trzy godziny. Mecz otworzy\u0142a pora\u017cka Kim Yerin z Gai\u0105 Monfardini 1:3. Chwil\u0119 p\u00f3\u017aniej bliska szcz\u0119\u015bcia by\u0142a Anna Brzyska, kt\u00f3ra uleg\u0142a Kanie Hanai dopiero po pi\u0119ciosetowym boju 2:3. Wa\u017cny impuls do odrabiania strat da\u0142a Katarzyna Grzybowska-Franc, pokonuj\u0105c Dari\u0119 \u0141uczakowsk\u0105 3:1, a do stanu 2:2 doprowadzi\u0142a Anna Brzyska, rewan\u017cuj\u0105c si\u0119 za wcze\u015bniejsz\u0105 pora\u017ck\u0119 i pewnie wygrywaj\u0105c z Gai\u0105 Monfardini 3:0. O losach ca\u0142ego meczu zadecydowa\u0142o pi\u0105te starcie, w kt\u00f3rym Kana Hanai okaza\u0142a si\u0119 lepsza od Kim Yerin 3:0, przypiecz\u0119towuj\u0105c wygran\u0105 gospodrzy\u0144 3:2.<\/p>\n<p>Pomimo niekorzystnych rezultat\u00f3w tenisistki z Lublina wracaj\u0105 do pracy z du\u017c\u0105 dawk\u0105 materia\u0142u do analizy, aby jak najlepiej przygotowa\u0107 si\u0119 do nadchodz\u0105cych ligowych wyzwa\u0144.<\/p>\n<p>Fot. AZS UMCS Lublin \/ Eryk Rak<\/p>\n<p>Autor: Mi\u0142osz Iwaniec<\/p>\n","protected":false},"excerpt":{"rendered":"Inauguracja nowego sezonu Ekstraklasy kobiet w tenisie sto\u0142owym nie potoczy\u0142a si\u0119 po my\u015bli zawodniczek Ulmer AZS UMCS Lublin.&hellip;\n","protected":false},"author":2,"featured_media":671657,"comment_status":"","ping_status":"","sticky":false,"template":"","format":"standard","meta":{"footnotes":"","_share_on_mastodon":"0"},"categories":[51612],"tags":[1081,42,38,40,39,41],"class_list":["post-671656","post","type-post","status-publish","format-standard","has-post-thumbnail","category-lublin","tag-lublin","tag-pl","tag-poland","tag-polish","tag-polska","tag-polski"],"share_on_mastodon":{"url":"https:\/\/pubeurope.com\/@pl\/117225460061275088","error":""},"_links":{"self":[{"href":"https:\/\/www.europesays.com\/pl\/wp-json\/wp\/v2\/posts\/671656","targetHints":{"allow":["GET"]}}],"collection":[{"href":"https:\/\/www.europesays.com\/pl\/wp-json\/wp\/v2\/posts"}],"about":[{"href":"https:\/\/www.europesays.com\/pl\/wp-json\/wp\/v2\/types\/post"}],"author":[{"embeddable":true,"href":"https:\/\/www.europesays.com\/pl\/wp-json\/wp\/v2\/users\/2"}],"replies":[{"embeddable":true,"href":"https:\/\/www.europesays.com\/pl\/wp-json\/wp\/v2\/comments?post=671656"}],"version-history":[{"count":0,"href":"https:\/\/www.europesays.com\/pl\/wp-json\/wp\/v2\/posts\/671656\/revisions"}],"wp:featuredmedia":[{"embeddable":true,"href":"https:\/\/www.europesays.com\/pl\/wp-json\/wp\/v2\/media\/671657"}],"wp:attachment":[{"href":"https:\/\/www.europesays.com\/pl\/wp-json\/wp\/v2\/media?parent=671656"}],"wp:term":[{"taxonomy":"category","embeddable":true,"href":"https:\/\/www.europesays.com\/pl\/wp-json\/wp\/v2\/categories?post=671656"},{"taxonomy":"post_tag","embeddable":true,"href":"https:\/\/www.europesays.com\/pl\/wp-json\/wp\/v2\/tags?post=671656"}],"curies":[{"name":"wp","href":"https:\/\/api.w.org\/{rel}","templated":true}]}}