{"id":671664,"date":"2026-09-06T18:18:10","date_gmt":"2026-09-06T18:18:10","guid":{"rendered":"https:\/\/www.europesays.com\/pl\/671664\/"},"modified":"2026-09-06T18:18:10","modified_gmt":"2026-09-06T18:18:10","slug":"minister-sedzia-trybunalu-konstytucyjnego-to-problem-bartosz-tiutiunik-gosciem-radia-lodz","status":"publish","type":"post","link":"https:\/\/www.europesays.com\/pl\/671664\/","title":{"rendered":"Minister s\u0119dzi\u0105 Trybuna\u0142u Konstytucyjnego. To problem? Bartosz Tiutiunik go\u015bciem Radia \u0141\u00f3d\u017a"},"content":{"rendered":"<p>Bartosz Tiutiunik go\u015bciem R\u0141<\/p>\n<p>By\u0142y minister w rz\u0105dzie Donalda Tuska wybrany do Trybuna\u0142u Konstytucyjnego \u2013 sejm popar\u0142 kandydatur\u0119 Macieja Berka na s\u0119dziego orzekaj\u0105cego o zgodno\u015bci ustaw z Konstytucj\u0105 RP.<\/p>\n<p>Maciej Berek to doktor nauk prawnych, do niedawna minister w rz\u0105dzie Koalicji 15 Pa\u017adziernika koordynuj\u0105cy proces legislacyjny i prace mi\u0119dzyresortowe.<\/p>\n<p>Czy byli politycy, ministrowie i parlamentarzy\u015bci powinni by\u0107 s\u0119dziami Trybuna\u0142u Konstytucyjnego? Czy czynni adwokaci u koalicji rz\u0105dz\u0105cej powinni by\u0107 pe\u0142nomocnikami <a href=\"https:\/\/radiolodz.pl\/bez-telefonow-w-nowy-rok-szkolny-posel-tomasz-trela-gosciem-rl,665458\/\" target=\"_blank\" rel=\"noopener nofollow\">podejrzanych w aferze Zondacrypto<\/a> lub przyjmowa\u0107 od nich pieni\u0105dze?<\/p>\n<p>Odpowiedzi na te pytania poszukamy z poniedzia\u0142kowym (7 wrze\u015bnia) go\u015bciem Radia \u0141\u00f3d\u017a, a b\u0119dzie nim adwokat <a href=\"https:\/\/www.facebook.com\/bartosz.tiutiunik\/?locale=pl_PL\" target=\"_blank\" rel=\"noopener nofollow\">Bartosz Tiutiunik<\/a>.<\/p>\n<p>Polecamy si\u0119 do s\u0142uchania po godz. 8.10.<\/p>\n<p>oprac. jan<\/p>\n","protected":false},"excerpt":{"rendered":"Bartosz Tiutiunik go\u015bciem R\u0141 By\u0142y minister w rz\u0105dzie Donalda Tuska wybrany do Trybuna\u0142u Konstytucyjnego \u2013 sejm popar\u0142 kandydatur\u0119&hellip;\n","protected":false},"author":2,"featured_media":671665,"comment_status":"","ping_status":"","sticky":false,"template":"","format":"standard","meta":{"footnotes":"","_share_on_mastodon":"0"},"categories":[51608],"tags":[3652,42,38,40,39,41],"class_list":["post-671664","post","type-post","status-publish","format-standard","has-post-thumbnail","category-lodz","tag-lodz","tag-pl","tag-poland","tag-polish","tag-polska","tag-polski"],"share_on_mastodon":{"url":"https:\/\/pubeurope.com\/@pl\/117225475760991041","error":""},"_links":{"self":[{"href":"https:\/\/www.europesays.com\/pl\/wp-json\/wp\/v2\/posts\/671664","targetHints":{"allow":["GET"]}}],"collection":[{"href":"https:\/\/www.europesays.com\/pl\/wp-json\/wp\/v2\/posts"}],"about":[{"href":"https:\/\/www.europesays.com\/pl\/wp-json\/wp\/v2\/types\/post"}],"author":[{"embeddable":true,"href":"https:\/\/www.europesays.com\/pl\/wp-json\/wp\/v2\/users\/2"}],"replies":[{"embeddable":true,"href":"https:\/\/www.europesays.com\/pl\/wp-json\/wp\/v2\/comments?post=671664"}],"version-history":[{"count":0,"href":"https:\/\/www.europesays.com\/pl\/wp-json\/wp\/v2\/posts\/671664\/revisions"}],"wp:featuredmedia":[{"embeddable":true,"href":"https:\/\/www.europesays.com\/pl\/wp-json\/wp\/v2\/media\/671665"}],"wp:attachment":[{"href":"https:\/\/www.europesays.com\/pl\/wp-json\/wp\/v2\/media?parent=671664"}],"wp:term":[{"taxonomy":"category","embeddable":true,"href":"https:\/\/www.europesays.com\/pl\/wp-json\/wp\/v2\/categories?post=671664"},{"taxonomy":"post_tag","embeddable":true,"href":"https:\/\/www.europesays.com\/pl\/wp-json\/wp\/v2\/tags?post=671664"}],"curies":[{"name":"wp","href":"https:\/\/api.w.org\/{rel}","templated":true}]}}