{"id":671726,"date":"2026-09-06T18:57:11","date_gmt":"2026-09-06T18:57:11","guid":{"rendered":"https:\/\/www.europesays.com\/pl\/671726\/"},"modified":"2026-09-06T18:57:11","modified_gmt":"2026-09-06T18:57:11","slug":"waloryzacja-emerytur-i-rent-w-2027-r-rzad-podjal-istotna-decyzje-ktora-zapadla-po-braku-porozumienia-w-rds","status":"publish","type":"post","link":"https:\/\/www.europesays.com\/pl\/671726\/","title":{"rendered":"Waloryzacja emerytur i rent w 2027 r. Rz\u0105d podj\u0105\u0142 istotn\u0105 decyzj\u0119, kt\u00f3ra zapad\u0142a po braku porozumienia w RDS"},"content":{"rendered":"<p>Jest ju\u017c rozporz\u0105dzenie dotycz\u0105ce waloryzacji emerytur i rent w 2027 roku. Dokumentem zajmuje si\u0119 ju\u017c Rada Ministr\u00f3w. Z projektu wynika, \u017ce wysoko\u015b\u0107 zwi\u0119kszenia wska\u017anika waloryzacji pozostanie na ustawowym minimum, czyli 20 proc. realnego wzrostu przeci\u0119tnego wynagrodzenia. Decyzja zapad\u0142a po tym, jak Rada Dialogu Spo\u0142ecznego nie wypracowa\u0142a wsp\u00f3lnego stanowiska.<\/p>\n<p>rozwi\u0144 &gt;<\/p>\n<p>To jedna z pierwszych decyzji, kt\u00f3re b\u0119d\u0105 mia\u0142y wp\u0142yw na wysoko\u015b\u0107 przysz\u0142orocznej waloryzacji emerytur i rent. Cho\u0107 ostateczny wska\u017anik podwy\u017cki \u015bwiadcze\u0144 b\u0119dzie znany dopiero po opublikowaniu danych o inflacji i realnym wzro\u015bcie wynagrodze\u0144 za 2026 rok, rz\u0105d ju\u017c teraz przes\u0105dzi\u0142 o jednym z jego kluczowych element\u00f3w. Projekt rozporz\u0105dzenia okre\u015bla bowiem, \u017ce cz\u0119\u015b\u0107 waloryzacji zwi\u0105zana z realnym wzrostem p\u0142ac pozostanie na ustawowym minimum. To informacja istotna dla milion\u00f3w emeryt\u00f3w i rencist\u00f3w, poniewa\u017c w\u0142a\u015bnie ten sk\u0142adnik \u2013 obok inflacji \u2013 wsp\u00f3\u0142tworzy wska\u017anik waloryzacji obowi\u0105zuj\u0105cy od 1 marca. Decyzja zapad\u0142a po fiasku negocjacji w Radzie Dialogu Spo\u0142ecznego, co uruchomi\u0142o ustawowy obowi\u0105zek wydania rozporz\u0105dzenia przez Rad\u0119 Ministr\u00f3w.<\/p>\n<p>Jest rozporz\u0105dzenie w zakresie waloryzacji emerytur i rent w 2027 roku<\/p>\n<p>Na ostatnim posiedzeniu Rada Ministr\u00f3w zaj\u0119\u0142a si\u0119 projektem rozporz\u0105dzenia w sprawie wysoko\u015bci zwi\u0119kszenia wska\u017anika waloryzacji emerytur i rent w 2027 roku. Projekt nie zmienia zasad waloryzacji okre\u015blonych w ustawie, ale przes\u0105dza o jednym z najwa\u017cniejszych element\u00f3w wp\u0142ywaj\u0105cych na wysoko\u015b\u0107 przysz\u0142orocznych podwy\u017cek \u015bwiadcze\u0144. Jak wskazano w uzasadnieniu: \u201e\u015awiadczenia emerytalno-rentowe podlegaj\u0105 corocznie waloryzacji od dnia 1 marca.\u201d To oznacza, \u017ce tradycyjnie podwy\u017cki dla senior\u00f3w zostan\u0105 przeprowadzone z pocz\u0105tkiem marca 2027 roku.<\/p>\n<p>Najwa\u017cniejsza decyzja dotyczy cz\u0119\u015bci wska\u017anika zwi\u0105zanej z realnym wzrostem wynagrodze\u0144. Jak czytamy: \u201eProjektowane rozporz\u0105dzenie ustala wysoko\u015b\u0107 zwi\u0119kszenia wska\u017anika waloryzacji emerytur i rent w 2027 r. w cz\u0119\u015bci dotycz\u0105cej realnego wzrostu wynagrodze\u0144.\u201d<\/p>\n<p>Podstaw\u0105 wydania rozporz\u0105dzenia jest obowi\u0105zuj\u0105ca ustawa emerytalna. Jak zapisano w uzasadnieniu: \u201ePodstaw\u0105 prawn\u0105 wydania projektowanego rozporz\u0105dzenia jest art. 89 ust. 5 ustawy z dnia 17 grudnia 1998 r. o emeryturach i rentach z Funduszu Ubezpiecze\u0144 Spo\u0142ecznych (Dz. U. z 2025 r. poz. 1749, z p\u00f3\u017an. zm.).\u201d<\/p>\n<p>Jak wyliczana jest waloryzacja emerytur?<\/p>\n<p>Sam mechanizm pozostaje bez zmian. Projekt przypomina, \u017ce: \u201eWska\u017anik waloryzacji emerytur i rent to \u015brednioroczny wska\u017anik cen towar\u00f3w i us\u0142ug konsumpcyjnych w poprzednim roku kalendarzowym zwi\u0119kszony o co najmniej 20% realnego wzrostu przeci\u0119tnego wynagrodzenia w poprzednim roku kalendarzowym.\u201d<\/p>\n<p>Dalszy ci\u0105g materia\u0142u pod wideo<\/p>\n<p>Oznacza to, \u017ce ostateczna waloryzacja b\u0119dzie zale\u017ce\u0107 od dw\u00f3ch element\u00f3w:<\/p>\n<ul style=\"list-style-type: disc;\">\n<li value=\"1\">inflacji,<\/li>\n<li value=\"2\">cz\u0119\u015bci wynikaj\u0105cej z realnego wzrostu p\u0142ac.<\/li>\n<\/ul>\n<p>Dlaczego potrzebne by\u0142o rozporz\u0105dzenie?<\/p>\n<p>Co roku wysoko\u015b\u0107 zwi\u0119kszenia wska\u017anika waloryzacji jest przedmiotem negocjacji pomi\u0119dzy rz\u0105dem, pracodawcami i zwi\u0105zkami zawodowymi. Jak wyja\u015bniono: \u201eZwi\u0119kszenie wska\u017anika waloryzacji emerytur i rent, w cz\u0119\u015bci dotycz\u0105cej realnego wzrostu p\u0142ac, jest corocznie przedmiotem negocjacji w ramach Rady Dialogu Spo\u0142ecznego, przeprowadzanych w czerwcu, w roku poprzedzaj\u0105cym waloryzacj\u0119.\u201d<\/p>\n<p>Przepisy przewiduj\u0105 jednak sytuacj\u0119, w kt\u00f3rej strony nie osi\u0105gn\u0105 porozumienia. W uzasadnieniu zapisano: \u201eW razie nieuzgodnienia stanowiska Rady Dialogu Spo\u0142ecznego w sprawie zwi\u0119kszenia wska\u017anika waloryzacji emerytur i rent o co najmniej 20% realnego wzrostu przeci\u0119tnego wynagrodzenia w poprzednim roku kalendarzowym Rada Ministr\u00f3w ma obowi\u0105zek okre\u015bli\u0107 w terminie 21 dni od dnia zako\u0144czenia negocjacji, w drodze rozporz\u0105dzenia, wysoko\u015b\u0107 tego zwi\u0119kszenia, bior\u0105c pod uwag\u0119 informacje o prognozowanych wielko\u015bciach makroekonomicznych, w tym wielko\u015b\u0107 wska\u017anika inflacji, stanowi\u0105cych podstaw\u0119 do opracowania projektu ustawy bud\u017cetowej na rok nast\u0119pny.\u201d<\/p>\n<p>Rz\u0105d od pocz\u0105tku proponowa\u0142 ustawowe minimum<\/p>\n<p>Ju\u017c na pocz\u0105tku czerwca stanowisko rz\u0105du by\u0142o jasne. Jak przypomniano w uzasadnieniu: \u201eW dniu 9 czerwca 2026 r. Rada Ministr\u00f3w przyj\u0119\u0142a Propozycj\u0119 zwi\u0119kszenia wska\u017anika waloryzacji emerytur i rent w 2027 r., w kt\u00f3rej strona rz\u0105dowa proponuje Radzie Dialogu Spo\u0142ecznego pozostawienie zwi\u0119kszenia wska\u017anika waloryzacji emerytur i rent w 2027 r., na poziomie ustawowego minimum wynosz\u0105cego 20% realnego wzrostu przeci\u0119tnego wynagrodzenia w 2026 r.\u201d Oznacza\u0142o to pozostawienie minimalnego poziomu przewidzianego w ustawie.<\/p>\n<p>Negocjacje prowadzone w Radzie Dialogu Spo\u0142ecznego nie zako\u0144czy\u0142y si\u0119 kompromisem. Jak wskazuje uzasadnienie: \u201eW dniu 23 czerwca 2026 r. odby\u0142o si\u0119 wsp\u00f3lne posiedzenie Zespo\u0142u problemowego ds. bud\u017cetu, wynagrodze\u0144 i \u015bwiadcze\u0144 socjalnych oraz Zespo\u0142u problemowego ds. ubezpiecze\u0144 spo\u0142ecznych Rady Dialogu Spo\u0142ecznego, podczas kt\u00f3rego nie wypracowano wsp\u00f3lnego stanowiska w zakresie wysoko\u015bci zwi\u0119kszenia wska\u017anika waloryzacji emerytur i rent w 2027 r. w cz\u0119\u015bci dotycz\u0105cej realnego wzrostu p\u0142ac.\u201d<\/p>\n<p>To jednak nie zako\u0144czy\u0142o procedury. Jak dodano: \u201eDo przedmiotowego uzgodnienia nie dosz\u0142o r\u00f3wnie\u017c na Plenarnym posiedzeniu Rady Dialogu Spo\u0142ecznego, kt\u00f3re odby\u0142o si\u0119 w dniu 9 lipca br.\u201d<\/p>\n<p>Rada Ministr\u00f3w podj\u0119\u0142a decyzj\u0119<\/p>\n<p>Po braku porozumienia rz\u0105d musia\u0142 samodzielnie okre\u015bli\u0107 wysoko\u015b\u0107 zwi\u0119kszenia wska\u017anika. Jak czytamy w projekcie: \u201eW zwi\u0105zku z nieuzgodnieniem, w ramach Rady Dialogu Spo\u0142ecznego, wysoko\u015bci zwi\u0119kszenia wska\u017anika waloryzacji emerytur i rent w 2027 r. Rada Ministr\u00f3w, bior\u0105c pod uwag\u0119 informacje o prognozowanych wielko\u015bciach makroekonomicznych, w tym wielko\u015b\u0107 wska\u017anika inflacji, stanowi\u0105cych podstaw\u0119 do opracowania projektu ustawy bud\u017cetowej na rok 2027, ustala wysoko\u015b\u0107 zwi\u0119kszenia wska\u017anika waloryzacji emerytur i rent w 2027 r. na ustawowym poziomie wynosz\u0105cym 20% realnego wzrostu przeci\u0119tnego wynagrodzenia w 2026 r.\u201d To w\u0142a\u015bnie ten zapis jest najwa\u017cniejszym elementem ca\u0142ego projektu rozporz\u0105dzenia.<\/p>\n<p>Kiedy rozporz\u0105dzenie wejdzie w \u017cycie?<\/p>\n<p>Projekt przewiduje bardzo szybkie wej\u015bcie nowych przepis\u00f3w w \u017cycie. Jak zapisano: \u201eProjektowane rozporz\u0105dzenie wejdzie w \u017cycie z dniem nast\u0119puj\u0105cym po dniu og\u0142oszenia.\u201d<\/p>\n<p>Autorzy projektu wyja\u015bniaj\u0105 r\u00f3wnie\u017c przyczyny takiego rozwi\u0105zania. \u201eWej\u015bcie w \u017cycie rozporz\u0105dzenia z dniem nast\u0119puj\u0105cym po dniu og\u0142oszenia wynika z ustawowego obowi\u0105zku okre\u015blenia przez Rad\u0119 Ministr\u00f3w w terminie 21 dni od dnia zako\u0144czenia negocjacji, w drodze rozporz\u0105dzenia, wysoko\u015bci zwi\u0119kszenia wska\u017anika waloryzacji emerytur i rent w 2027 r. Termin wej\u015bcia w \u017cycie rozporz\u0105dzenia nie narusza zasad demokratycznego pa\u0144stwa prawnego oraz jest zgodny z zasad\u0105 przyzwoitej legislacji, gdy\u017c nie nak\u0142ada nowych obowi\u0105zk\u00f3w na jego adresat\u00f3w.\u201d<\/p>\n<p>Projekt poza zakresem prawa UE<\/p>\n<p>W uzasadnieniu odniesiono si\u0119 r\u00f3wnie\u017c do kwestii zwi\u0105zanych z prawem Unii Europejskiej oraz procedurami notyfikacyjnymi. Jak wskazano: \u201eProjekt rozporz\u0105dzenia nie jest obj\u0119ty zakresem prawa Unii Europejskiej.\u201d<\/p>\n<p>Ponadto: \u201eProjekt rozporz\u0105dzenia nie podlega obowi\u0105zkowi przedstawienia w\u0142a\u015bciwym organom i instytucjom Unii Europejskiej, w tym Europejskiemu Bankowi Centralnemu, w celu uzyskania opinii, dokonania powiadomienia, konsultacji albo uzgodnienia.\u201d<\/p>\n<p>Autorzy projektu podkre\u015blili tak\u017ce: \u201eProjekt rozporz\u0105dzenia nie zawiera przepis\u00f3w technicznych w rozumieniu przepis\u00f3w rozporz\u0105dzenia Rady Ministr\u00f3w z dnia 23 grudnia 2002 r. w sprawie sposobu funkcjonowania krajowego systemu notyfikacji norm i akt\u00f3w prawnych (Dz. U. poz. 2039, z p\u00f3\u017an. zm.) i w zwi\u0105zku z tym nie podlega notyfikacji.\u201d<\/p>\n<p>Co to oznacza dla emeryt\u00f3w i rencist\u00f3w?<\/p>\n<p>Projekt rozporz\u0105dzenia nie okre\u015bla jeszcze ostatecznego wska\u017anika waloryzacji obowi\u0105zuj\u0105cego od 1 marca 2027 roku. Przes\u0105dza jednak, \u017ce cz\u0119\u015b\u0107 zwi\u0105zana z realnym wzrostem wynagrodze\u0144 zostanie ustalona na minimalnym poziomie przewidzianym w ustawie, czyli 20 proc. realnego wzrostu przeci\u0119tnego wynagrodzenia.<\/p>\n<p>Ostateczny wska\u017anik waloryzacji b\u0119dzie mo\u017cna obliczy\u0107 dopiero po opublikowaniu danych dotycz\u0105cych inflacji oraz realnego wzrostu przeci\u0119tnych wynagrodze\u0144 za 2026 rok. Dopiero wtedy b\u0119dzie wiadomo, o ile dok\u0142adnie wzrosn\u0105 <a class=\"seoMapping\" href=\"https:\/\/www.infor.pl\/prawo\/prawa-seniora\/emerytura\/\" title=\"emerytury\" rel=\"nofollow noopener\" target=\"_blank\">emerytury<\/a> i <a class=\"seoMapping\" href=\"https:\/\/kadry.infor.pl\/tematy\/renty\/\" title=\"renty\" rel=\"nofollow noopener\" target=\"_blank\">renty<\/a> od marca 2027 r.<\/p>\n<p>Projekt rozporz\u0105dzenia Rady Ministr\u00f3w w sprawie wysoko\u015bci zwi\u0119kszenia wska\u017anika waloryzacji emerytur i rent w 2027 r. Numer z wykazu: RD317<\/p>\n","protected":false},"excerpt":{"rendered":"Jest ju\u017c rozporz\u0105dzenie dotycz\u0105ce waloryzacji emerytur i rent w 2027 roku. Dokumentem zajmuje si\u0119 ju\u017c Rada Ministr\u00f3w. Z&hellip;\n","protected":false},"author":2,"featured_media":671727,"comment_status":"","ping_status":"","sticky":false,"template":"","format":"standard","meta":{"footnotes":"","_share_on_mastodon":"0"},"categories":[16],"tags":[113,112,4287,19254,42,38,40,39,41,27472,118399,4058,2622],"class_list":["post-671726","post","type-post","status-publish","format-standard","has-post-thumbnail","category-biznes","tag-biznes","tag-business","tag-emerytury","tag-finanse-osobiste","tag-pl","tag-poland","tag-polish","tag-polska","tag-polski","tag-renty","tag-twoje-pieniadze","tag-waloryzacja","tag-waloryzacja-emerytur"],"share_on_mastodon":{"url":"https:\/\/pubeurope.com\/@pl\/117225629212962034","error":""},"_links":{"self":[{"href":"https:\/\/www.europesays.com\/pl\/wp-json\/wp\/v2\/posts\/671726","targetHints":{"allow":["GET"]}}],"collection":[{"href":"https:\/\/www.europesays.com\/pl\/wp-json\/wp\/v2\/posts"}],"about":[{"href":"https:\/\/www.europesays.com\/pl\/wp-json\/wp\/v2\/types\/post"}],"author":[{"embeddable":true,"href":"https:\/\/www.europesays.com\/pl\/wp-json\/wp\/v2\/users\/2"}],"replies":[{"embeddable":true,"href":"https:\/\/www.europesays.com\/pl\/wp-json\/wp\/v2\/comments?post=671726"}],"version-history":[{"count":0,"href":"https:\/\/www.europesays.com\/pl\/wp-json\/wp\/v2\/posts\/671726\/revisions"}],"wp:featuredmedia":[{"embeddable":true,"href":"https:\/\/www.europesays.com\/pl\/wp-json\/wp\/v2\/media\/671727"}],"wp:attachment":[{"href":"https:\/\/www.europesays.com\/pl\/wp-json\/wp\/v2\/media?parent=671726"}],"wp:term":[{"taxonomy":"category","embeddable":true,"href":"https:\/\/www.europesays.com\/pl\/wp-json\/wp\/v2\/categories?post=671726"},{"taxonomy":"post_tag","embeddable":true,"href":"https:\/\/www.europesays.com\/pl\/wp-json\/wp\/v2\/tags?post=671726"}],"curies":[{"name":"wp","href":"https:\/\/api.w.org\/{rel}","templated":true}]}}