{"id":671938,"date":"2026-09-06T21:28:17","date_gmt":"2026-09-06T21:28:17","guid":{"rendered":"https:\/\/www.europesays.com\/pl\/671938\/"},"modified":"2026-09-06T21:28:17","modified_gmt":"2026-09-06T21:28:17","slug":"koniec-rozmow-ukrainy-z-usa-prezydent-zelenski-ujawnia-co-ustalono-pakiet-zimowy","status":"publish","type":"post","link":"https:\/\/www.europesays.com\/pl\/671938\/","title":{"rendered":"Koniec rozm\u00f3w Ukrainy z USA. Prezydent Ze\u0142enski ujawnia, co ustalono. &#8222;Pakiet zimowy&#8221;"},"content":{"rendered":"<p>W Kijowie zako\u0144czy\u0142y si\u0119 ju\u017c rozmowy mi\u0119dzy delegacj\u0105 ukrai\u0144sk\u0105 pod przewodnictwem Wo\u0142odymyra Ze\u0142enskiego a przedstawicielami Donalda Trumpa, Stevem Witkoffem i Jaredem Kushnerem. Po trzech rundach spotka\u0144 prezydent Ukrainy og\u0142osi\u0142 podczas konferencji prasowej, \u017ce oba kraje ustali\u0142y priorytetowe cele dla ich dalszej wsp\u00f3\u0142pracy. Stwierdzi\u0142 przy tym, \u017ce rozmowy by\u0142y &#8222;bardzo merytoryczne&#8221;.<\/p>\n<p>Dalszy ci\u0105g artyku\u0142u pod materia\u0142em wideoZako\u0144czy\u0142y si\u0119 rozmowy Ukrainy z USA. Wo\u0142odymyr Ze\u0142enski o tym, co ustalono<a href=\"https:\/\/www.onet.pl\/\" title=\"Strona G\u0142\u00f3wna\" aria-label=\"Strona G\u0142\u00f3wna\" data-astro-prefetch=\"tap\" class=\"ods-a-logo-main-desktop\" rel=\"nofollow noopener\" target=\"_blank\"><img src=\"https:\/\/cdn.wiadomosci.onet.pl\/img\/Logo_desktop_Onet.svg\" class=\"ods-a-logo-main-desktop__image\" alt=\"Logo\" width=\"107\" height=\"60\" fetchpriority=\"high\" decoding=\"sync\" style=\"height:60px\"\/><\/a><\/p>\n<p class=\"ods-m-google-article__text\">Czytaj nas cz\u0119\u015bciej w Google<\/p>\n<p><a href=\"https:\/\/google.com\/preferences\/source?q=wiadomosci.onet.pl\" target=\"_blank\" rel=\"noopener noreferrer nofollow\" aria-label=\"Dodaj w Google\" title=\"Dodaj w Google\" class=\"ods-a-button ods-a-button__primary ods-a-button__default ods-a-button-l\">Dodaj w Google<\/a><\/p>\n<p>Jak przekaza\u0142 prezydent Ukrainy, rozmowy z USA koncentrowa\u0142y si\u0119 na przygotowaniu kompleksowego &#8222;pakietu zimowego&#8221;. Ma on obejmowa\u0107 wzmocnienie obrony powietrznej, ochron\u0119 sieci energetycznej, dost\u0119p do ameryka\u0144skiego LNG [skroplony gaz ziemny], a tak\u017ce formalne wznowienie zawieszonych negocjacji pokojowych w sprawie wojny rosyjsko-ukrai\u0144skiej.<\/p>\n<p>Wo\u0142odymyr Ze\u0142enski podkre\u015bli\u0142, \u017ce podczas rozm\u00f3w poruszono r\u00f3wnie\u017c temat powojennego planu odbudowy Ukrainy, opieraj\u0105cego si\u0119 na o\u017cywieniu gospodarczym i solidnych gwarancjach bezpiecze\u0144stwa.<\/p>\n<blockquote class=\"ods-o-quote\">\n<p class=\"ods-o-quote__paragraph\">Po\u015bwi\u0119cili\u015bmy dzi\u015b wystarczaj\u0105co du\u017co uwagi okresowi zimowemu oraz wszystkim wyzwaniom, kt\u00f3re mog\u0105 si\u0119 w tym czasie pojawi\u0107<\/p>\n<\/blockquote>\n<p>\u2014 powiedzia\u0142 Wo\u0142odymyr Ze\u0142enski.<\/p>\n<p>Ukraina &#8222;powoli przegrywa&#8221; wojn\u0119. Diabelsko skuteczna strategia Rosji ma j\u0105 rzuci\u0107 na kolana. &#8222;Cudu nie b\u0119dzie&#8221;<img class=\"ods-a-photo ods-a-photo--background\" src=\"https:\/\/www.europesays.com\/pl\/wp-content\/uploads\/2026\/09\/1788730097_821_jpqk9lBaHR0cHM6Ly9vY2RuLmV1L3B1bHNjbXMvTURBXy81YjU2Y2MxNzllZGM3M2NlOWJmM2I2ODQwZmI5MmZlMy5wbmeRlQLNA.jpeg\" height=\"254\" width=\"450\" alt=\"M\u0119\u017cczyzna obserwuj\u0105cy po\u017car du\u017cego magazynu opon w Buczy po rosyjskim ataku, Ukraina, 29 sierpnia 2026 r.\" loading=\"lazy\" fetchpriority=\"low\" decoding=\"async\"\/><\/p>\n<blockquote class=\"ods-o-quote\">\n<p class=\"ods-o-quote__paragraph\">Je\u015bli wojna wci\u0105\u017c b\u0119dzie trwa\u0142a zim\u0105, liczymy przede wszystkim na &#8222;pakiet zimowy&#8221;, kt\u00f3ry dzisiaj szczeg\u00f3\u0142owo om\u00f3wi\u0142em ze Stevem, Jaredem oraz naszymi europejskimi partnerami<\/p>\n<\/blockquote>\n<p>\u2014 doda\u0142 prezydent Ukrainy.<\/p>\n<blockquote class=\"ods-o-quote\">\n<p class=\"ods-o-quote__paragraph\">Oczywi\u015bcie ca\u0142a ta strategia obronna to &#8222;plan B&#8221;, cho\u0107 obecnie ma ona ogromne znaczenie. &#8222;Plan A&#8221; polega na jak najwi\u0119kszym przyspieszeniu wysi\u0142k\u00f3w dyplomatycznych w celu z\u0142agodzenia napi\u0119cia w stosunkach z Rosj\u0105<\/p>\n<\/blockquote>\n<p>\u2014 zaznaczy\u0142.<\/p>\n<p>Prezydent Ukrainy: musimy zrobi\u0107 wszystko, aby dosz\u0142o do tr\u00f3jstronnych rozm\u00f3w z Rosj\u0105<\/p>\n<p>Podczas konferencji prasowej Wo\u0142odymyr Ze\u0142enski zwr\u00f3ci\u0142 uwag\u0119, \u017ce wys\u0142annicy Donalda Trumpa najpierw spotkali si\u0119 z W\u0142adimirem Putinem, a potem z nim.<\/p>\n<blockquote class=\"ods-o-quote\">\n<p class=\"ods-o-quote__paragraph\">Musimy zrobi\u0107 wszystko, aby dosz\u0142o do tr\u00f3jstronnych rozm\u00f3w z Rosj\u0105. Musimy zobaczy\u0107, co na to powie Rosja<\/p>\n<\/blockquote>\n<p>\u2014 powiedzia\u0142 prezydent Ukrainy.<\/p>\n","protected":false},"excerpt":{"rendered":"W Kijowie zako\u0144czy\u0142y si\u0119 ju\u017c rozmowy mi\u0119dzy delegacj\u0105 ukrai\u0144sk\u0105 pod przewodnictwem Wo\u0142odymyra Ze\u0142enskiego a przedstawicielami Donalda Trumpa, Stevem&hellip;\n","protected":false},"author":2,"featured_media":671939,"comment_status":"","ping_status":"","sticky":false,"template":"","format":"standard","meta":{"footnotes":"","_share_on_mastodon":"0"},"categories":[14],"tags":[61195,32,33,44,27,34,35,28,31,48,45332,25,46,40,41,87,47,80,29,30,415,71,26,309,82,83,84],"class_list":["post-671938","post","type-post","status-publish","format-standard","has-post-thumbnail","category-swiat","tag-bottomfeed_styl","tag-breaking-news","tag-breakingnews","tag-donald_trump","tag-headlines","tag-latest-news","tag-latestnews","tag-naglowki","tag-najwazniejsze-artykuly","tag-nat_styl","tag-negocjacje_pokojowe","tag-news","tag-omp","tag-polish","tag-polski","tag-rosja","tag-screening_general","tag-swiat","tag-top-stories","tag-topstories","tag-ukraina","tag-usa","tag-wiadomosci","tag-wolodymyr_zelenski","tag-world","tag-world-news","tag-worldnews"],"share_on_mastodon":{"url":"https:\/\/pubeurope.com\/@pl\/117226223826950869","error":""},"_links":{"self":[{"href":"https:\/\/www.europesays.com\/pl\/wp-json\/wp\/v2\/posts\/671938","targetHints":{"allow":["GET"]}}],"collection":[{"href":"https:\/\/www.europesays.com\/pl\/wp-json\/wp\/v2\/posts"}],"about":[{"href":"https:\/\/www.europesays.com\/pl\/wp-json\/wp\/v2\/types\/post"}],"author":[{"embeddable":true,"href":"https:\/\/www.europesays.com\/pl\/wp-json\/wp\/v2\/users\/2"}],"replies":[{"embeddable":true,"href":"https:\/\/www.europesays.com\/pl\/wp-json\/wp\/v2\/comments?post=671938"}],"version-history":[{"count":0,"href":"https:\/\/www.europesays.com\/pl\/wp-json\/wp\/v2\/posts\/671938\/revisions"}],"wp:featuredmedia":[{"embeddable":true,"href":"https:\/\/www.europesays.com\/pl\/wp-json\/wp\/v2\/media\/671939"}],"wp:attachment":[{"href":"https:\/\/www.europesays.com\/pl\/wp-json\/wp\/v2\/media?parent=671938"}],"wp:term":[{"taxonomy":"category","embeddable":true,"href":"https:\/\/www.europesays.com\/pl\/wp-json\/wp\/v2\/categories?post=671938"},{"taxonomy":"post_tag","embeddable":true,"href":"https:\/\/www.europesays.com\/pl\/wp-json\/wp\/v2\/tags?post=671938"}],"curies":[{"name":"wp","href":"https:\/\/api.w.org\/{rel}","templated":true}]}}