{"id":67511,"date":"2025-10-25T08:11:07","date_gmt":"2025-10-25T08:11:07","guid":{"rendered":"https:\/\/www.europesays.com\/pl\/67511\/"},"modified":"2025-10-25T08:11:07","modified_gmt":"2025-10-25T08:11:07","slug":"donald-trump-o-relacjach-z-rosja-chcialbym-aby-chiny-nam-pomogly","status":"publish","type":"post","link":"https:\/\/www.europesays.com\/pl\/67511\/","title":{"rendered":"Donald Trump o relacjach z Rosj\u0105. &#8222;Chcia\u0142bym, aby Chiny nam pomog\u0142y&#8221;"},"content":{"rendered":"<ul class=\"UnorderedList_container__nmfSl\">\n<li class=\"UnorderedList_listElement__Py7xi\" data-id=\"ai-summary-link\">Du\u017co czytania, a ma\u0142o czasu? Sprawd\u017a\u00a0skr\u00f3t\u00a0artyku\u0142u<\/li>\n<\/ul>\n<p class=\"Paragraph_desktopParagraph__U31Gm\">G\u0142\u00f3wnym celem podr\u00f3\u017cy Trumpa, pierwszej w jego drugiej kadencji do tego regionu, jest spotkanie z chi\u0144skim przyw\u00f3dc\u0105. Rozmowy, zaplanowane na 30 pa\u017adziernika w Korei Po\u0142udniowej w kuluarach forum Wsp\u00f3lnoty Gospodarczej Azji i Pacyfiku, b\u0119d\u0105 dotyczy\u0107 napi\u0119\u0107 handlowych mi\u0119dzy mocarstwami. B\u0119dzie to pierwsze spotkanie obu przyw\u00f3dc\u00f3w od czasu powrotu Trumpa do Bia\u0142ego Domu.<\/p>\n<p class=\"Paragraph_desktopParagraph__U31Gm\">\u2014 Chcia\u0142bym, aby Chiny pomog\u0142y nam w sprawie Rosji \u2014 o\u015bwiadczy\u0142 prezydent USA, cytowany przez agencj\u0119 Reutera. Chcia\u0142bym, aby Chiny nam pomog\u0142y \u2014 podkre\u015bli\u0142.<\/p>\n<p class=\"VideoPlayerText_videoPlayerText__iDwyz\">Dalszy ci\u0105g materia\u0142u pod wideo<\/p>\n<ul class=\"OchatFollowUps_wrapper__1ry7X\">\n<li class=\"OchatFollowUps_item__Dhyly OchatFollowUps_itemDesktop__R6aBv\">Jakie wsparcie oczekuje Trump od Chin?<\/li>\n<li class=\"OchatFollowUps_item__Dhyly OchatFollowUps_itemDesktop__R6aBv\">Kiedy odb\u0119dzie si\u0119 spotkanie Trumpa z Xi Jinpingiem?<\/li>\n<li class=\"OchatFollowUps_item__Dhyly OchatFollowUps_itemDesktop__R6aBv\">Z kim jeszcze spotka si\u0119 Trump w Azji?<\/li>\n<li class=\"OchatFollowUps_item__Dhyly OchatFollowUps_itemDesktop__R6aBv\">Jakie relacje ma Trump z Kim Dzong Unem?<\/li>\n<\/ul>\n<p class=\"Paragraph_desktopParagraph__U31Gm\">Zapytany przez reporter\u00f3w na pok\u0142adzie Air Force One o mo\u017cliwo\u015b\u0107 spotkania z Kimem, Trump odpar\u0142: \u2014 Chcia\u0142bym, on wie, \u017ce tam jedziemy. Doda\u0142, \u017ce poinformowano stron\u0119 p\u00f3\u0142nocnokorea\u0144sk\u0105 o jego wizycie. Podkre\u015bli\u0142 r\u00f3wnie\u017c dobre relacje z p\u00f3\u0142nocnokorea\u0144skim przyw\u00f3dc\u0105, z kt\u00f3rym ostatni raz spotka\u0142 si\u0119 w 2019 r. podczas swojej pierwszej kadencji. \u2014 Bardzo dobrze si\u0119 z nim dogaduj\u0119 \u2014 stwierdzi\u0142 prezydent.<\/p>\n<p class=\"Paragraph_desktopParagraph__U31Gm\">Harmonogram azjatyckiej wizyty obejmuje r\u00f3wnie\u017c Malezj\u0119 i Japoni\u0119.<\/p>\n<p class=\"Paragraph_desktopParagraph__U31Gm\">W Kuala Lumpur prezydent USA we\u017amie udzia\u0142 w szczycie Stowarzyszenia Narod\u00f3w Azji Po\u0142udniowo-Wschodniej (ASEAN). Z kolei w Tokio spotka si\u0119 z zaprzysi\u0119\u017con\u0105 w tym tygodniu now\u0105 premier Japonii, Sanae Takaichi, z kt\u00f3r\u0105 \u2014 jak sam Trump stwierdzi\u0142 \u2014 ma &#8222;fantastyczne relacje&#8221;.<\/p>\n<p class=\"Paragraph_desktopParagraph__U31Gm\">Takaichi jest protegowan\u0105 zamordowanego premiera Shinzo Abego, kt\u00f3ry nazywany by\u0142 &#8222;zaklinaczem Trumpa&#8221;, poniewa\u017c jako jeden z nielicznych \u015bwiatowych lider\u00f3w potrafi\u0142 skutecznie nawigowa\u0107 w zmiennym stylu dyplomacji Trumpa podczas jego pierwszej kadencji w Bia\u0142ym Domu.<\/p>\n","protected":false},"excerpt":{"rendered":"Du\u017co czytania, a ma\u0142o czasu? Sprawd\u017a\u00a0skr\u00f3t\u00a0artyku\u0142u G\u0142\u00f3wnym celem podr\u00f3\u017cy Trumpa, pierwszej w jego drugiej kadencji do tego regionu,&hellip;\n","protected":false},"author":2,"featured_media":67512,"comment_status":"","ping_status":"","sticky":false,"template":"","format":"standard","meta":{"footnotes":""},"categories":[14],"tags":[17060,32,33,60,58,27,67,8285,34,35,28,31,53,25,52,68,51,55,40,41,62,47,59,80,29,30,65,50,26,82,83,84],"class_list":{"0":"post-67511","1":"post","2":"type-post","3":"status-publish","4":"format-standard","5":"has-post-thumbnail","7":"category-swiat","8":"tag-asean","9":"tag-breaking-news","10":"tag-breakingnews","11":"tag-chiny_chinska_republika_ludowa","12":"tag-donald_trump_prezydent_usa","13":"tag-headlines","14":"tag-intextvideo_splayer","15":"tag-japonia_kraj","16":"tag-latest-news","17":"tag-latestnews","18":"tag-naglowki","19":"tag-najwazniejsze-artykuly","20":"tag-new_header","21":"tag-news","22":"tag-onet3","23":"tag-onet3d","24":"tag-onet3d_2i","25":"tag-phx","26":"tag-polish","27":"tag-polski","28":"tag-rosja_kraj_rosjanin_rosjanie_rosjanka_rosjanki","29":"tag-screening_general","30":"tag-stany_zjednoczone_usa","31":"tag-swiat","32":"tag-top-stories","33":"tag-topstories","34":"tag-update_me","35":"tag-v2021","36":"tag-wiadomosci","37":"tag-world","38":"tag-world-news","39":"tag-worldnews"},"share_on_mastodon":{"url":"","error":"Validation failed: Text character limit of 500 exceeded"},"_links":{"self":[{"href":"https:\/\/www.europesays.com\/pl\/wp-json\/wp\/v2\/posts\/67511","targetHints":{"allow":["GET"]}}],"collection":[{"href":"https:\/\/www.europesays.com\/pl\/wp-json\/wp\/v2\/posts"}],"about":[{"href":"https:\/\/www.europesays.com\/pl\/wp-json\/wp\/v2\/types\/post"}],"author":[{"embeddable":true,"href":"https:\/\/www.europesays.com\/pl\/wp-json\/wp\/v2\/users\/2"}],"replies":[{"embeddable":true,"href":"https:\/\/www.europesays.com\/pl\/wp-json\/wp\/v2\/comments?post=67511"}],"version-history":[{"count":0,"href":"https:\/\/www.europesays.com\/pl\/wp-json\/wp\/v2\/posts\/67511\/revisions"}],"wp:featuredmedia":[{"embeddable":true,"href":"https:\/\/www.europesays.com\/pl\/wp-json\/wp\/v2\/media\/67512"}],"wp:attachment":[{"href":"https:\/\/www.europesays.com\/pl\/wp-json\/wp\/v2\/media?parent=67511"}],"wp:term":[{"taxonomy":"category","embeddable":true,"href":"https:\/\/www.europesays.com\/pl\/wp-json\/wp\/v2\/categories?post=67511"},{"taxonomy":"post_tag","embeddable":true,"href":"https:\/\/www.europesays.com\/pl\/wp-json\/wp\/v2\/tags?post=67511"}],"curies":[{"name":"wp","href":"https:\/\/api.w.org\/{rel}","templated":true}]}}