{"id":67521,"date":"2025-10-25T08:17:09","date_gmt":"2025-10-25T08:17:09","guid":{"rendered":"https:\/\/www.europesays.com\/pl\/67521\/"},"modified":"2025-10-25T08:17:09","modified_gmt":"2025-10-25T08:17:09","slug":"nie-zyje-maciej-adamkiewicz-mial-59-lat-puls-biznesu","status":"publish","type":"post","link":"https:\/\/www.europesays.com\/pl\/67521\/","title":{"rendered":"Nie \u017cyje Maciej Adamkiewicz. Mia\u0142 59 lat &#8211; Puls Biznesu"},"content":{"rendered":"<p data-block-key=\"iq8ts\">&#8222;Wspania\u0142y Cz\u0142owiek o Wielkim Sercu, otwarty na potrzeby drugiego cz\u0142owieka, oddany swojej Rodzinie a przede wszystkim przepe\u0142niony dobrem i \u017cyczliwo\u015bci\u0105&#8221; &#8211; napisano w po\u017cegnalnej notce opublikowanej przez Adamed Pharma.<\/p>\n<p data-block-key=\"ajik\">&#8222;Pozostawi\u0142 po sobie trwa\u0142e dziedzictwo \u2013 nie tylko w postaci dokona\u0144 zawodowych, lecz tak\u017ce w sercach i umys\u0142ach tych, kt\u00f3rzy mieli zaszczyt z nim wsp\u00f3\u0142pracowa\u0107. Jego odej\u015bcie jest ogromn\u0105 strat\u0105 dla ca\u0142ej spo\u0142eczno\u015bci Adamed, polskiej medycyny oraz przemys\u0142u farmaceutycznego&#8221; &#8211; dodano.<\/p>\n<p data-block-key=\"k8gdn\">Maciej Adamkiewicz by\u0142 z wykszta\u0142cenia lekarzem chirurgiem. Pracowa\u0142 m.in. w jednym z warszawskich szpitali, a w 2000 roku, po \u015bmierci swojego ojca, Mariana Adamkiewicza, kt\u00f3ry za\u0142o\u017cy\u0142 Adamed, przej\u0105\u0142 zarz\u0105dzanie firm\u0105. Kilka lat temu wraz z \u017con\u0105 Ma\u0142gorzat\u0105 przeszed\u0142 z zarz\u0105du sp\u00f3\u0142ki do rady nadzorczej.<\/p>\n<p data-block-key=\"6ps7m\">&#8222;Zmiana ta s\u0142u\u017cy skoncentrowaniu ich uwagi przede wszystkim na kwestiach strategicznych i kierunkach rozwoju Adamedu. Jednoczasowo (Adamkiewiczowie &#8211; red.) dokonali kolejnego kroku w procesie sukcesji. Z pozycji rady nadzorczej b\u0119d\u0105 wdra\u017ca\u0107 przysz\u0142ych sukcesor\u00f3w (dzieci) w proces zarz\u0105dzania firm\u0105, aby w perspektywie d\u0142ugookresowej (kilkuletniej) przej\u0119li czynne kierowanie Adamedem&#8221; &#8211; wskazano w komunikacie opublikowanym w grudniu 2020 roku.<\/p>\n<p data-block-key=\"4c869\">W 2025 roku Maciej Adamkiewicz i jego \u017cona zostali sklasyfikowani na 24. pozycji listy najbogatszych Polak\u00f3w magazynu &#8222;Forbes&#8221;. Warto\u015b\u0107 ich maj\u0105tku oszacowano na 2,86 mld z\u0142.<\/p>\n","protected":false},"excerpt":{"rendered":"&#8222;Wspania\u0142y Cz\u0142owiek o Wielkim Sercu, otwarty na potrzeby drugiego cz\u0142owieka, oddany swojej Rodzinie a przede wszystkim przepe\u0142niony dobrem&hellip;\n","protected":false},"author":2,"featured_media":67522,"comment_status":"","ping_status":"","sticky":false,"template":"","format":"standard","meta":{"footnotes":""},"categories":[16],"tags":[113,112,42,38,40,39,41],"class_list":{"0":"post-67521","1":"post","2":"type-post","3":"status-publish","4":"format-standard","5":"has-post-thumbnail","7":"category-biznes","8":"tag-biznes","9":"tag-business","10":"tag-pl","11":"tag-poland","12":"tag-polish","13":"tag-polska","14":"tag-polski"},"share_on_mastodon":{"url":"https:\/\/pubeurope.com\/@pl\/115433822161837647","error":""},"_links":{"self":[{"href":"https:\/\/www.europesays.com\/pl\/wp-json\/wp\/v2\/posts\/67521","targetHints":{"allow":["GET"]}}],"collection":[{"href":"https:\/\/www.europesays.com\/pl\/wp-json\/wp\/v2\/posts"}],"about":[{"href":"https:\/\/www.europesays.com\/pl\/wp-json\/wp\/v2\/types\/post"}],"author":[{"embeddable":true,"href":"https:\/\/www.europesays.com\/pl\/wp-json\/wp\/v2\/users\/2"}],"replies":[{"embeddable":true,"href":"https:\/\/www.europesays.com\/pl\/wp-json\/wp\/v2\/comments?post=67521"}],"version-history":[{"count":0,"href":"https:\/\/www.europesays.com\/pl\/wp-json\/wp\/v2\/posts\/67521\/revisions"}],"wp:featuredmedia":[{"embeddable":true,"href":"https:\/\/www.europesays.com\/pl\/wp-json\/wp\/v2\/media\/67522"}],"wp:attachment":[{"href":"https:\/\/www.europesays.com\/pl\/wp-json\/wp\/v2\/media?parent=67521"}],"wp:term":[{"taxonomy":"category","embeddable":true,"href":"https:\/\/www.europesays.com\/pl\/wp-json\/wp\/v2\/categories?post=67521"},{"taxonomy":"post_tag","embeddable":true,"href":"https:\/\/www.europesays.com\/pl\/wp-json\/wp\/v2\/tags?post=67521"}],"curies":[{"name":"wp","href":"https:\/\/api.w.org\/{rel}","templated":true}]}}