{"id":67527,"date":"2025-10-25T08:20:09","date_gmt":"2025-10-25T08:20:09","guid":{"rendered":"https:\/\/www.europesays.com\/pl\/67527\/"},"modified":"2025-10-25T08:20:09","modified_gmt":"2025-10-25T08:20:09","slug":"boniek-nawet-nie-potrzebowal-slow-tak-podsumowal-blamaz-widzewa-pilka-nozna","status":"publish","type":"post","link":"https:\/\/www.europesays.com\/pl\/67527\/","title":{"rendered":"Boniek nawet nie potrzebowa\u0142 s\u0142\u00f3w. Tak podsumowa\u0142 blama\u017c Widzewa Pi\u0142ka no\u017cna"},"content":{"rendered":"<p class=\"art_paragraph\">Widzew \u0141\u00f3d\u017a latem dokona\u0142 wielkich wzmocnie\u0144. Sprowadzono pi\u0142karzy z innych ligowych klub\u00f3w: Mariusza Fornalczyka i Sebastiana Bergiera, gwiazdy I <a href=\"https:\/\/www.sport.pl\/pilka\/0,65044.html#anchorLink\" rel=\"nofollow noopener\" target=\"_blank\">ligi<\/a>: Angela Baen\u0119 i ciekawych zawodnik\u00f3w zza <a href=\"https:\/\/wiadomosci.gazeta.pl\/granica#anchorLink\" rel=\"nofollow noopener\" target=\"_blank\">granicy<\/a>: Samuela Akere. \u017beljko Sopi\u0107 szybko jednak po\u017cegna\u0142 si\u0119 z posad\u0105. Na kilka mecz\u00f3w dru\u017cyn\u0119 obj\u0105\u0142 Patryk Czubak, a w przerwie reprezentacyjnej w \u0141odzi powitano trzeciego w tym sezonie <a href=\"https:\/\/www.sport.pl\/pilka\/7,65044,32188904,stalo-sie-wieczysta-z-absolutnym-hitem-transferowym-trener.html#anchorLink\" rel=\"nofollow noopener\" target=\"_blank\">trenera<\/a>: Igora Jovicevicia. Chorwat wygra\u0142 w debiucie, ale ma ju\u017c za sob\u0105 pierwsz\u0105 kompromitacj\u0119. Zareagowa\u0142 Zbigniew Boniek.<\/p>\n<p>\n    Zobacz wideo Kosecki mocno o Lewandowskim: Tiki-taka ko\u0144czy\u0142a si\u0119 niestety na Robercie\n  <\/p>\n<p> Boniek si\u0119 nie kry\u0142. Nie potrzebowa\u0142 nawet s\u0142\u00f3w<\/p>\n<p class=\"art_paragraph\">By\u0142y prezes PZPN ch\u0119tnie komentuje wydarzenia zwi\u0105zane z Widzewem. Jest jego by\u0142ym pi\u0142karzem i nigdy nie ukrywa\u0142 przywi\u0105zania i sympatii. Tym razem nie potrzebowa\u0142 s\u0142\u00f3w, by podsumowa\u0107 to, co zdarzy\u0142o si\u0119 w pi\u0105tkowy wiecz\u00f3r.<\/p>\n<p class=\"art_paragraph\">Widzew przegra\u0142 w Lublinie z Motorem a\u017c 0:3, a Boniek po zako\u0144czonym <a href=\"https:\/\/www.sport.pl\/euro\/7,154862,31079522,kto-dzis-gra-na-euro-2024-jakie-mecze-dzisiaj-piatek-21-czerwca.html#anchorLink\" rel=\"nofollow noopener\" target=\"_blank\">meczu<\/a> doda\u0142 wymowny wpis z emotikonami twarzy, roni\u0105cych \u0142zy.\u00a0<\/p>\n<p class=\"art_paragraph\">Dla Widzewa by\u0142a to ju\u017c si\u00f3dma pora\u017cka w tym sezonie. Nikt nie przegra\u0142 wi\u0119kszej liczby spotka\u0144 od \u0142odzian. Kibice chcieliby wielkich rzeczy, a do lideruj\u0105cej Jagiellonii &#8211; i to jeszcze przed jej meczem &#8211; Widzew traci osiem punkt\u00f3w. A jak wygl\u0105da\u0142o spotkanie z Motorem?<\/p>\n<p class=\"art_paragraph\">&#8222;Efekt nowej miot\u0142y najwyra\u017aniej przesta\u0142 dzia\u0142a\u0107 w Widzewie \u0141\u00f3d\u017a ju\u017c po drugim spotkaniu pod wodz\u0105 Igora Jovicevicia. Chocia\u017c po pierwszej po\u0142owie Mariusz Fornalczyk twierdzi\u0142 inaczej, to go\u015bcie byli w pi\u0105tek apatyczni i nie stwarzali wielkiego zagro\u017cenia w ofensywie. Za to Motor Lublin, kt\u00f3ry wygra\u0142 3:0, mia\u0142 dw\u00f3ch bohater\u00f3w: Micha\u0142a Kr\u00f3la oraz Karola Czubaka. Ich akcja przy drugim golu zako\u0144czy\u0142a si\u0119 bramk\u0105, kt\u00f3rej nie powstydzi\u0142yby si\u0119 najwi\u0119ksze gwiazdy futbolu!&#8221; &#8211; <a href=\"https:\/\/www.sport.pl\/pilka\/7,65039,32351657,pogrom-i-gol-pieta-w-meczu-ekstraklasy-tego-nikt-sie-nie-spodziewal.html\" class=\"art_link\" rel=\"dofollow noopener\" target=\"_blank\">tak spotkanie relacjonowa\u0142 Szymon Szczepanik ze Sport.pl.<\/a><\/p>\n<p class=\"art_paragraph\">Widzew \u0141\u00f3d\u017a zajmuje \u00f3sme miejsce w tabeli ekstraklasy. Ju\u017c w najbli\u017csz\u0105 \u015brod\u0119 zmierzy si\u0119 w meczu Pucharu Polski z Zag\u0142\u0119biem Lubin. W niedziel\u0119 2 listopada zagra w ligowym klasyku z Legi\u0105 Warszawa. Oba te mecze odb\u0119d\u0105 si\u0119 w \u0141odzi.<\/p>\n","protected":false},"excerpt":{"rendered":"Widzew \u0141\u00f3d\u017a latem dokona\u0142 wielkich wzmocnie\u0144. Sprowadzono pi\u0142karzy z innych ligowych klub\u00f3w: Mariusza Fornalczyka i Sebastiana Bergiera, gwiazdy&hellip;\n","protected":false},"author":2,"featured_media":67528,"comment_status":"","ping_status":"","sticky":false,"template":"","format":"standard","meta":{"footnotes":""},"categories":[5],"tags":[32,33,36,37,27,34,35,28,31,25,42,38,40,39,41,29,30,26],"class_list":{"0":"post-67527","1":"post","2":"type-post","3":"status-publish","4":"format-standard","5":"has-post-thumbnail","7":"category-naglowki","8":"tag-breaking-news","9":"tag-breakingnews","10":"tag-featured-news","11":"tag-featurednews","12":"tag-headlines","13":"tag-latest-news","14":"tag-latestnews","15":"tag-naglowki","16":"tag-najwazniejsze-artykuly","17":"tag-news","18":"tag-pl","19":"tag-poland","20":"tag-polish","21":"tag-polska","22":"tag-polski","23":"tag-top-stories","24":"tag-topstories","25":"tag-wiadomosci"},"share_on_mastodon":{"url":"https:\/\/pubeurope.com\/@pl\/115433834108134277","error":""},"_links":{"self":[{"href":"https:\/\/www.europesays.com\/pl\/wp-json\/wp\/v2\/posts\/67527","targetHints":{"allow":["GET"]}}],"collection":[{"href":"https:\/\/www.europesays.com\/pl\/wp-json\/wp\/v2\/posts"}],"about":[{"href":"https:\/\/www.europesays.com\/pl\/wp-json\/wp\/v2\/types\/post"}],"author":[{"embeddable":true,"href":"https:\/\/www.europesays.com\/pl\/wp-json\/wp\/v2\/users\/2"}],"replies":[{"embeddable":true,"href":"https:\/\/www.europesays.com\/pl\/wp-json\/wp\/v2\/comments?post=67527"}],"version-history":[{"count":0,"href":"https:\/\/www.europesays.com\/pl\/wp-json\/wp\/v2\/posts\/67527\/revisions"}],"wp:featuredmedia":[{"embeddable":true,"href":"https:\/\/www.europesays.com\/pl\/wp-json\/wp\/v2\/media\/67528"}],"wp:attachment":[{"href":"https:\/\/www.europesays.com\/pl\/wp-json\/wp\/v2\/media?parent=67527"}],"wp:term":[{"taxonomy":"category","embeddable":true,"href":"https:\/\/www.europesays.com\/pl\/wp-json\/wp\/v2\/categories?post=67527"},{"taxonomy":"post_tag","embeddable":true,"href":"https:\/\/www.europesays.com\/pl\/wp-json\/wp\/v2\/tags?post=67527"}],"curies":[{"name":"wp","href":"https:\/\/api.w.org\/{rel}","templated":true}]}}