{"id":67562,"date":"2025-10-25T08:45:10","date_gmt":"2025-10-25T08:45:10","guid":{"rendered":"https:\/\/www.europesays.com\/pl\/67562\/"},"modified":"2025-10-25T08:45:10","modified_gmt":"2025-10-25T08:45:10","slug":"znika-18-sklepow-carrefoura-w-polsce","status":"publish","type":"post","link":"https:\/\/www.europesays.com\/pl\/67562\/","title":{"rendered":"Znika 18 sklep\u00f3w Carrefoura w Polsce"},"content":{"rendered":"<ul>&#13;<\/p>\n<li>Carrefour zamkn\u0105\u0142 18 sklep\u00f3w w Polsce w 2025 roku.<\/li>\n<p>&#13;<\/p>\n<li>G\u0142\u00f3wnie zamykane s\u0105 osiedlowe sklepy convenience.<\/li>\n<p>&#13;<\/p>\n<li>Carrefour mo\u017ce przygotowywa\u0107 si\u0119 do sprzeda\u017cy w Polsce.<\/li>\n<p>&#13;\n<\/ul>\n<p>Sie\u0107 Carrefour kontynuuje restrukturyzacj\u0119 swojej dzia\u0142alno\u015bci w Polsce. Z danych zaprezentowanych w raportach kwartalnych grupy wynika, \u017ce w ci\u0105gu trzech kwarta\u0142\u00f3w 2025 roku liczba sklep\u00f3w dzia\u0142aj\u0105cych pod szyldem francuskiego detalisty w naszym kraju zmniejszy\u0142a si\u0119 o 18 plac\u00f3wek.<\/p>\n<p>        <a href=\"https:\/\/www.dlahandlu.pl\/detal-hurt\/28-lat-na-polskim-rynku-co-dalej-z-carrefourem,161800.html\" class=\"read-more-box-img-cnt\" rel=\"nofollow noopener\" target=\"_blank\"><br \/>\n        \t            <img decoding=\"async\" loading=\"lazy\" src=\"https:\/\/www.europesays.com\/pl\/wp-content\/uploads\/2025\/10\/090562_r0_300.jpg\" alt=\"28 lat na polskim rynku. Co dalej z Carrefourem?\" class=\"read-more-box-img\"\/><br \/>\n                    <\/a><\/p>\n<p>759 sklep\u00f3w Carrefour w Polsce<\/p>\n<p>Na koniec trzeciego kwarta\u0142u Carrefour mia\u0142 w Polsce 759 sklep\u00f3w, wobec 777 na pocz\u0105tku roku. Najwi\u0119ksze ci\u0119cia dotkn\u0119\u0142y segment convenience \u2013 czyli ma\u0142ych, osiedlowych sklep\u00f3w. Tylko w tym formacie uby\u0142o 14 punkt\u00f3w.<\/p>\n<p>Liczba sklep\u00f3w Carrefour Polska:<\/p>\n<p>I kwarta\u0142 2025:<\/p>\n<p>II kwarta\u0142 2025:<\/p>\n<p>Jak wynika z analizy raport\u00f3w Carrefour Group, trend spadkowy utrzymuje si\u0119 od pocz\u0105tku roku \u2013 w ka\u017cdym kwartale sie\u0107 zmniejsza\u0142a skal\u0119 dzia\u0142alno\u015bci o oko\u0142o 9 sklep\u00f3w.<\/p>\n<p>Sie\u0107 Carrefour w Polsce w III kw. br. osi\u0105gn\u0119\u0142a przychody ze sprzeda\u017cy na poziomie 569 mln euro. W Polsce sprzeda\u017c spad\u0142a o 1,3% LFL.<\/p>\n<p>Carrefour zadebiutowa\u0142 w Polsce w 1997 roku, otwieraj\u0105c pierwszy hipermarket w \u0141odzi.<\/p>\n<p>Przegl\u0105d aktyw\u00f3w w Polsce<\/p>\n<p>Wed\u0142ug doniesie\u0144 medialnych, Carrefour rozpocz\u0105\u0142 przygotowania do sprzeda\u017cy swojej dzia\u0142alno\u015bci w Polsce. Jak napisa\u0142 francuski portal La Lettre, koncern za po\u015brednictwem banku inwestycyjnego JP Morgan otworzy\u0142 tzw. data room, w kt\u00f3rym udost\u0119pniono informacje dotycz\u0105ce oko\u0142o 800 sklep\u00f3w i 40 centr\u00f3w handlowych. <\/p>\n","protected":false},"excerpt":{"rendered":"&#13; Carrefour zamkn\u0105\u0142 18 sklep\u00f3w w Polsce w 2025 roku. &#13; G\u0142\u00f3wnie zamykane s\u0105 osiedlowe sklepy convenience. &#13;&hellip;\n","protected":false},"author":2,"featured_media":67563,"comment_status":"","ping_status":"","sticky":false,"template":"","format":"standard","meta":{"footnotes":""},"categories":[16],"tags":[113,112,42,38,40,39,41],"class_list":{"0":"post-67562","1":"post","2":"type-post","3":"status-publish","4":"format-standard","5":"has-post-thumbnail","7":"category-biznes","8":"tag-biznes","9":"tag-business","10":"tag-pl","11":"tag-poland","12":"tag-polish","13":"tag-polska","14":"tag-polski"},"share_on_mastodon":{"url":"https:\/\/pubeurope.com\/@pl\/115433932370663269","error":""},"_links":{"self":[{"href":"https:\/\/www.europesays.com\/pl\/wp-json\/wp\/v2\/posts\/67562","targetHints":{"allow":["GET"]}}],"collection":[{"href":"https:\/\/www.europesays.com\/pl\/wp-json\/wp\/v2\/posts"}],"about":[{"href":"https:\/\/www.europesays.com\/pl\/wp-json\/wp\/v2\/types\/post"}],"author":[{"embeddable":true,"href":"https:\/\/www.europesays.com\/pl\/wp-json\/wp\/v2\/users\/2"}],"replies":[{"embeddable":true,"href":"https:\/\/www.europesays.com\/pl\/wp-json\/wp\/v2\/comments?post=67562"}],"version-history":[{"count":0,"href":"https:\/\/www.europesays.com\/pl\/wp-json\/wp\/v2\/posts\/67562\/revisions"}],"wp:featuredmedia":[{"embeddable":true,"href":"https:\/\/www.europesays.com\/pl\/wp-json\/wp\/v2\/media\/67563"}],"wp:attachment":[{"href":"https:\/\/www.europesays.com\/pl\/wp-json\/wp\/v2\/media?parent=67562"}],"wp:term":[{"taxonomy":"category","embeddable":true,"href":"https:\/\/www.europesays.com\/pl\/wp-json\/wp\/v2\/categories?post=67562"},{"taxonomy":"post_tag","embeddable":true,"href":"https:\/\/www.europesays.com\/pl\/wp-json\/wp\/v2\/tags?post=67562"}],"curies":[{"name":"wp","href":"https:\/\/api.w.org\/{rel}","templated":true}]}}