{"id":68719,"date":"2025-10-26T03:40:15","date_gmt":"2025-10-26T03:40:15","guid":{"rendered":"https:\/\/www.europesays.com\/pl\/68719\/"},"modified":"2025-10-26T03:40:15","modified_gmt":"2025-10-26T03:40:15","slug":"pilny-komunikat-dla-klientow-biedronki-prosimy-o-zniszczenie-lub-zwrot-produktu-rmf-fm","status":"publish","type":"post","link":"https:\/\/www.europesays.com\/pl\/68719\/","title":{"rendered":"Pilny komunikat dla klient\u00f3w Biedronki. \u201eProsimy o zniszczenie lub zwrot produktu\u201d :: RMF FM"},"content":{"rendered":"<p>Biedronka pilnie apeluje do klient\u00f3w o pozbycie si\u0119 sprzedawanego wcze\u015bniej w jej sklepach produktu, kt\u00f3ry jest wycofywany z rynku. W wyrobie marki Soko\u0142\u00f3w wykryto niebezpieczn\u0105 dla zdrowia bakteri\u0119 E. coli. Spo\u017cycie mo\u017ce prowadzi\u0107 do powa\u017cnego zatrucia pokarmowego.<\/p>\n<p><img decoding=\"async\" alt=\"\" src=\"https:\/\/www.europesays.com\/pl\/wp-content\/uploads\/2025\/10\/024a1f0f53b6a55c8356a3164bd101d4.jpg\" class=\"w-100\"\/><\/p>\n<p>Biedronka z pilnym komunikatem, fot. Shutterstock<\/p>\n<p>&#13;<br \/>\n\t<a href=\"https:\/\/www.rmf.fm\/magazyn\/tag,Biedronka.html\" rel=\"nofollow noopener\" target=\"_blank\">Biedronka<\/a> \u2013 pilny komunikat dla klient\u00f3w<\/p>\n<p>&#13;<br \/>\n\tZ Biedronki wycofywany jest <a href=\"https:\/\/www.rmf.fm\/styl-zycia\/zdrowie\/news,84635,e-coli-w-wyrobach-sokolow-pilne-ostrzezenie.html\" target=\"_blank\" rel=\"nofollow noopener\">jeden z wyrob\u00f3w Soko\u0142\u00f3w, w kt\u00f3rych wykryto Escherichia coli (STEC)<\/a>. Wcze\u015bniej o stwierdzeniu bakterii produkuj\u0105cej toksyn\u0119 Shiga w dw\u00f3ch produktach tej marki informowa\u0142 G\u0142\u00f3wny Inspektorat Sanitarny. W sklepach sieci Biedronka sprzedawana by\u0142a ska\u017cona partia metki cebulowej Soko\u0142\u00f3w, oznaczonej numerem 8225281102 i terminem trwa\u0142o\u015bci do 24.10.2025.<\/p>\n<p>&#13;<br \/>\n\tW opublikowanym na stronie internetowej Biedronki o\u015bwiadczeniu producent podkre\u015bli\u0142: \u201eDecyzja podyktowana jest dba\u0142o\u015bci\u0105 o najwy\u017csze standardy bezpiecze\u0144stwa produkt\u00f3w i ma na celu wyeliminowanie ryzyka spo\u017cycia niezgodnego produktu przez konsument\u00f3w\u201d, przepraszaj\u0105c konsument\u00f3w: \u201ePragniemy przeprosi\u0107 za wszelkie niedogodno\u015bci zwi\u0105zane z zaistnia\u0142\u0105 sytuacj\u0105 i zapewni\u0107, \u017ce dobro naszych konsument\u00f3w i bezpiecze\u0144stwo \u017cywno\u015bci s\u0105 dla nas absolutnymi priorytetami\u201d.<\/p>\n<p>\t<a href=\"https:\/\/www.rmf.fm\/styl-zycia\/zdrowie\/news,84635,e-coli-w-wyrobach-sokolow-pilne-ostrzezenie.html\" rel=\"nofollow noopener\" target=\"_blank\"><img decoding=\"async\" src=\"https:\/\/www.europesays.com\/pl\/wp-content\/uploads\/2025\/10\/29b5d5e7c57a824d077a17c1ad312ff8.jpg\" width=\"290\"\/><\/a><a href=\"https:\/\/www.rmf.fm\/styl-zycia\/zdrowie\/news,84635,e-coli-w-wyrobach-sokolow-pilne-ostrzezenie.html\" rel=\"nofollow noopener\" target=\"_blank\">E. coli w wyrobach Soko\u0142\u00f3w. Pilne ostrze\u017cenie<\/a><\/p>\n<p>W dw\u00f3ch produktach marki Soko\u0142\u00f3w stwierdzono obecno\u015b\u0107 bakterii Escherichia coli. Spo\u017cycie wskazanych wyrob\u00f3w mo\u017ce prowadzi\u0107 do ci\u0119\u017ckich zatru\u0107 pokarmowych. \u201eNie spo\u017cywa\u0107\u201d \u2013 alarmuje konsument\u00f3w G\u0142\u00f3wny Inspektorat Sanitarny.<\/p>\n<p>\n&#13;<br \/>\n\tBiedronka \u2013 klienci proszeni o wyrzucenie lub zwrot<\/p>\n<p>&#13;<br \/>\n\tSka\u017conego bakteri\u0105 <a href=\"https:\/\/www.rmf.fm\/magazyn\/tag,E.%20coli.html\" rel=\"nofollow noopener\" target=\"_blank\">E. coli<\/a> produktu nie nale\u017cy spo\u017cywa\u0107, gdy\u017c mo\u017ce to prowadzi\u0107 do zatrucia pokarmowego. W opublikowanym przez Biedronk\u0119 komunikacie klientom zalecono pozbycie si\u0119 kwestionowanego towaru Soko\u0142\u00f3w:<\/p>\n<blockquote><p>&#13;<\/p>\n<p>&#13;<br \/>\n\t\tOsoby, kt\u00f3re zakupi\u0142y produkt, proszone s\u0105 o jego zniszczenie lub zwr\u00f3cenie do najbli\u017cszego sklepu, w kt\u00f3rym zosta\u0142 zakupiony.<\/p>\n<p>&#13;\n<\/p><\/blockquote>\n<p>&#13;<br \/>\n\tProdukt zwr\u00f3cony wraz z opakowaniem koniecznym do identyfikacji partii zostanie ca\u0142kowicie zrefundowany. O to samo proszeni s\u0105 klienci Lidla, w kt\u00f3rym sprzedawany by\u0142 inny artyku\u0142 Soko\u0142\u00f3w z wykryt\u0105 bakteri\u0105 E. coli \u2013 tatar wo\u0142owy. Poni\u017cej szczeg\u00f3\u0142owe informacje na ten temat:<\/p>\n<p><a href=\"https:\/\/www.rmf.fm\/magazyn\/news,84620,pilny-komunikat-lidla-nie-spozywac-wykryto-grozna-bakterie.html\" rel=\"nofollow noopener\" target=\"_blank\"><img decoding=\"async\" src=\"https:\/\/www.europesays.com\/pl\/wp-content\/uploads\/2025\/10\/ae5d7a4f56aefcc853b8dee510c8759a.jpg\" width=\"290\"\/><\/a><a href=\"https:\/\/www.rmf.fm\/magazyn\/news,84620,pilny-komunikat-lidla-nie-spozywac-wykryto-grozna-bakterie.html\" rel=\"nofollow noopener\" target=\"_blank\">Pilny komunikat Lidla. \u201eNie spo\u017cywa\u0107\u201d. Wykryto gro\u017an\u0105 bakteri\u0119<\/a><\/p>\n<p>Sie\u0107 sklep\u00f3w Lidl informuje o stwierdzeniu obecno\u015bci bakterii E. coli w wyrobie mi\u0119snym z Soko\u0142owa. Klienci pod \u017cadnym pozorem nie powinni go spo\u017cywa\u0107. Produkt nale\u017cy wyrzuci\u0107 lub zwr\u00f3ci\u0107 do sklepu.<\/p>\n<p><\/p>\n","protected":false},"excerpt":{"rendered":"Biedronka pilnie apeluje do klient\u00f3w o pozbycie si\u0119 sprzedawanego wcze\u015bniej w jej sklepach produktu, kt\u00f3ry jest wycofywany z&hellip;\n","protected":false},"author":2,"featured_media":68720,"comment_status":"","ping_status":"","sticky":false,"template":"","format":"standard","meta":{"footnotes":""},"categories":[5],"tags":[1528,17277,17278,32,33,17280,36,37,27,34,35,28,31,25,42,38,40,39,41,17279,29,30,26,3360],"class_list":{"0":"post-68719","1":"post","2":"type-post","3":"status-publish","4":"format-standard","5":"has-post-thumbnail","7":"category-naglowki","8":"tag-biedronka","9":"tag-biedronka-komunikat","10":"tag-biedronka-wycofanie","11":"tag-breaking-news","12":"tag-breakingnews","13":"tag-e-coli","14":"tag-featured-news","15":"tag-featurednews","16":"tag-headlines","17":"tag-latest-news","18":"tag-latestnews","19":"tag-naglowki","20":"tag-najwazniejsze-artykuly","21":"tag-news","22":"tag-pl","23":"tag-poland","24":"tag-polish","25":"tag-polska","26":"tag-polski","27":"tag-sokolow-wycofanie","28":"tag-top-stories","29":"tag-topstories","30":"tag-wiadomosci","31":"tag-wycofanie"},"share_on_mastodon":{"url":"https:\/\/pubeurope.com\/@pl\/115438395390897310","error":""},"_links":{"self":[{"href":"https:\/\/www.europesays.com\/pl\/wp-json\/wp\/v2\/posts\/68719","targetHints":{"allow":["GET"]}}],"collection":[{"href":"https:\/\/www.europesays.com\/pl\/wp-json\/wp\/v2\/posts"}],"about":[{"href":"https:\/\/www.europesays.com\/pl\/wp-json\/wp\/v2\/types\/post"}],"author":[{"embeddable":true,"href":"https:\/\/www.europesays.com\/pl\/wp-json\/wp\/v2\/users\/2"}],"replies":[{"embeddable":true,"href":"https:\/\/www.europesays.com\/pl\/wp-json\/wp\/v2\/comments?post=68719"}],"version-history":[{"count":0,"href":"https:\/\/www.europesays.com\/pl\/wp-json\/wp\/v2\/posts\/68719\/revisions"}],"wp:featuredmedia":[{"embeddable":true,"href":"https:\/\/www.europesays.com\/pl\/wp-json\/wp\/v2\/media\/68720"}],"wp:attachment":[{"href":"https:\/\/www.europesays.com\/pl\/wp-json\/wp\/v2\/media?parent=68719"}],"wp:term":[{"taxonomy":"category","embeddable":true,"href":"https:\/\/www.europesays.com\/pl\/wp-json\/wp\/v2\/categories?post=68719"},{"taxonomy":"post_tag","embeddable":true,"href":"https:\/\/www.europesays.com\/pl\/wp-json\/wp\/v2\/tags?post=68719"}],"curies":[{"name":"wp","href":"https:\/\/api.w.org\/{rel}","templated":true}]}}