{"id":68738,"date":"2025-10-26T04:54:13","date_gmt":"2025-10-26T04:54:13","guid":{"rendered":"https:\/\/www.europesays.com\/pl\/68738\/"},"modified":"2025-10-26T04:54:13","modified_gmt":"2025-10-26T04:54:13","slug":"biedronka-i-lidl-wycofuja-produkty-polskiej-firmy-gis-ostrzega-przed-grozna-bakteria-e-coli","status":"publish","type":"post","link":"https:\/\/www.europesays.com\/pl\/68738\/","title":{"rendered":"Biedronka i Lidl wycofuj\u0105 produkty polskiej firmy, GIS ostrzega przed gro\u017an\u0105 bakteri\u0105 E. coli"},"content":{"rendered":"<p>    Biedronka wycofuje metk\u0119 cebulow\u0105 Soko\u0142\u00f3w<\/p>\n<p class=\"hyphenate \" data-text-len=\"302\" data-scroll=\"paragraph_3\">W Biedronce sprzedawana by\u0142a ska\u017cona partia metki cebulowej Soko\u0142\u00f3w, oznaczona numerem 8225281102 i terminem trwa\u0142o\u015bci do 24.10.2025. Produkt zosta\u0142 wycofany po tym, jak G\u0142\u00f3wny Inspektorat Sanitarny potwierdzi\u0142 obecno\u015b\u0107 bakterii produkuj\u0105cej toksyn\u0119 Shiga w dw\u00f3ch produktach tej marki.<\/p>\n<p class=\"hyphenate \" data-text-len=\"411\" data-scroll=\"paragraph_5\">W o\u015bwiadczeniu opublikowanym na stronie Biedronki producent podkre\u015bli\u0142, \u017ce decyzja o wycofaniu jest podyktowana trosk\u0105 o najwy\u017csze standardy bezpiecze\u0144stwa \u017cywno\u015bci. Jednocze\u015bnie firma przeprosi\u0142a klient\u00f3w za niedogodno\u015bci i zapewni\u0142a, \u017ce dobro <a href=\"https:\/\/serwisy.gazetaprawna.pl\/poradnik-konsumenta\" id=\"a2dc17af-4d4c-488d-847e-471a08b17ee2\" title=\"Konsument\" rel=\"nofollow noopener\" target=\"_blank\">konsument\u00f3w<\/a> jest absolutnym priorytetem.<\/p>\n<blockquote class=\"quotation\">\n<p>Osoby, kt\u00f3re zakupi\u0142y produkt, proszone s\u0105 o jego zniszczenie lub zwr\u00f3cenie do najbli\u017cszego sklepu. Produkt wraz z opakowaniem koniecznym do identyfikacji partii zostanie ca\u0142kowicie zrefundowany<\/p>\n<\/blockquote>\n<p class=\"hyphenate \" data-text-len=\"24\" data-scroll=\"paragraph_7\">\u2013 czytamy w komunikacie.<\/p>\n<p>    Lidl wycofuje tatara wo\u0142owego Soko\u0142\u00f3w<\/p>\n<p class=\"hyphenate \" data-text-len=\"242\" data-scroll=\"paragraph_9\">Podobne ostrze\u017cenie wyda\u0142a sie\u0107 Lidl, kt\u00f3ra poinformowa\u0142a o wycofaniu tatara wo\u0142owego marki Soko\u0142\u00f3w. W ska\u017conej partii, oznaczonej numerem 8525281202 i terminem trwa\u0142o\u015bci do 24.10.2025, wykryto obecno\u015b\u0107 bakterii E. coli STEC.<\/p>\n<p class=\"hyphenate \" data-text-len=\"172\" data-scroll=\"paragraph_10\">Ska\u017cony produkt by\u0142 dost\u0119pny w wybranych sklepach w siedmiu wojew\u00f3dztwach: ma\u0142opolskim, mazowieckim, podkarpackim, podlaskim, \u015bl\u0105skim, \u015bwi\u0119tokrzyskim i warmi\u0144sko-mazurskim.<\/p>\n<blockquote class=\"quotation\">\n<p>W zwi\u0105zku ze stwierdzon\u0105 niezgodno\u015bci\u0105 mikrobiologiczn\u0105 podj\u0119li\u015bmy decyzj\u0119 o wycofaniu produktu. Decyzja podyktowana jest dba\u0142o\u015bci\u0105 o najwy\u017csze standardy bezpiecze\u0144stwa produkt\u00f3w i ma na celu wyeliminowanie ryzyka spo\u017cycia niezgodnego produktu przez <a href=\"https:\/\/www.gazetaprawna.pl\/tagi\/konsument\" id=\"532c7caa-1ca2-4b9a-b864-812bc57dad7c\" title=\"Konsument\" rel=\"nofollow noopener\" target=\"_blank\">konsument\u00f3w<\/a><\/p>\n<\/blockquote>\n<p class=\"hyphenate \" data-text-len=\"31\" data-scroll=\"paragraph_12\">\u2013 napisano w komunikacie Lidla.<\/p>\n<p class=\"hyphenate \" data-text-len=\"191\" data-scroll=\"paragraph_13\">Klienci, kt\u00f3rzy zakupili ska\u017cony produkt, proszeni s\u0105 o jego wyrzucenie lub zwrot do sklepu, przy czym opakowanie jest niezb\u0119dne do identyfikacji partii i otrzymania pe\u0142nego zwrotu pieni\u0119dzy.<\/p>\n<p>    Apel do konsument\u00f3w<\/p>\n<p class=\"hyphenate \" data-text-len=\"221\" data-scroll=\"paragraph_15\">Obie sieci podkre\u015blaj\u0105, \u017ce produkt\u00f3w nie nale\u017cy spo\u017cywa\u0107, gdy\u017c mo\u017ce to prowadzi\u0107 do zatrucia pokarmowego. Jednocze\u015bnie zapewniaj\u0105, \u017ce dobro i bezpiecze\u0144stwo konsument\u00f3w s\u0105 dla nich absolutnym priorytetem.<\/p>\n<p class=\"hyphenate \" data-text-len=\"332\" data-scroll=\"paragraph_16\">\u201ePragniemy przeprosi\u0107 za wszelkie niedogodno\u015bci zwi\u0105zane z zaistnia\u0142\u0105 sytuacj\u0105 i zapewni\u0107, \u017ce bezpiecze\u0144stwo \u017cywno\u015bci oraz <a rel=\"nofollow noopener\" href=\"https:\/\/www.zdrowiego.pl\/\" id=\"726b260f-0066-49bf-880d-3b0976da88b7\" title=\"Zdrowie\" target=\"_blank\">zdrowie<\/a> naszych klient\u00f3w s\u0105 dla nas najwa\u017cniejsze\u201d \u2013 czytamy w o\u015bwiadczeniach Biedronki i Lidla.<\/p>\n<p>    Najcz\u0119stsze pytania o wycofanie produkt\u00f3w Soko\u0142\u00f3w (FAQ)<\/p>\n<p class=\"hyphenate \" data-text-len=\"189\" data-scroll=\"paragraph_18\"> Dlaczego produkty Soko\u0142\u00f3w zosta\u0142y wycofane ze <a href=\"https:\/\/www.gazetaprawna.pl\/tagi\/sprzedaz\" id=\"08c17a92-a505-4272-80a9-b6527e523dd9\" title=\"Sprzeda\u017c\" rel=\"nofollow noopener\" target=\"_blank\">sprzeda\u017cy<\/a>?<\/p>\n<p class=\"hyphenate \" data-text-len=\"346\" data-scroll=\"paragraph_19\">Decyzja o wycofaniu zosta\u0142a podj\u0119ta po wykryciu w niekt\u00f3rych partiach produkt\u00f3w bakterii Escherichia coli (STEC), kt\u00f3ra mo\u017ce by\u0107 gro\u017ana dla zdrowia. Producent, w porozumieniu z sieciami Biedronka i Lidl oraz G\u0142\u00f3wnym Inspektoratem Sanitarnym, zdecydowa\u0142 o natychmiastowym usuni\u0119ciu wskazanych partii z obrotu w trosce o bezpiecze\u0144stwo konsument\u00f3w.<\/p>\n<p class=\"hyphenate \" data-text-len=\"54\" data-scroll=\"paragraph_20\"> Kt\u00f3re produkty s\u0105 obj\u0119te wycofaniem?<\/p>\n<p class=\"hyphenate \" data-text-len=\"17\" data-scroll=\"paragraph_21\">Z rynku wycofano:<\/p>\n<ul data-scroll=\"bullet\">\n<li class=\"firstListItem\">Metk\u0119 cebulow\u0105 Soko\u0142\u00f3w \u2013 numer partii 8225281102, termin przydatno\u015bci do 24.10.2025, sprzedawan\u0105 w sklepach Biedronka.<\/li>\n<li class=\"firstListItem\">Tatara wo\u0142owego Soko\u0142\u00f3w \u2013 numer partii 8525281202, termin przydatno\u015bci do 24.10.2025, sprzedawanego w wybranych sklepach Lidl.<\/li>\n<\/ul>\n<p class=\"hyphenate \" data-text-len=\"68\" data-scroll=\"paragraph_23\">Czy spo\u017cycie tych produkt\u00f3w mo\u017ce by\u0107 niebezpieczne?<\/p>\n<p class=\"hyphenate \" data-text-len=\"223\" data-scroll=\"paragraph_24\">Tak. Spo\u017cycie produkt\u00f3w zawieraj\u0105cych bakterie E. coli mo\u017ce prowadzi\u0107 do zatrucia pokarmowego, a w skrajnych przypadkach \u2013 do powa\u017cnych powik\u0142a\u0144 zdrowotnych, zw\u0142aszcza u dzieci, os\u00f3b starszych i os\u00f3b z obni\u017con\u0105 odporno\u015bci\u0105.<\/p>\n<p class=\"hyphenate \" data-text-len=\"65\" data-scroll=\"paragraph_25\">Co zrobi\u0107, je\u015bli mam produkt z wycofanej partii?<\/p>\n<p class=\"hyphenate \" data-text-len=\"213\" data-scroll=\"paragraph_26\">Nie nale\u017cy go spo\u017cywa\u0107. Produkt nale\u017cy wyrzuci\u0107 lub zwr\u00f3ci\u0107 do sklepu, w kt\u00f3rym zosta\u0142 zakupiony (Biedronka lub Lidl). Zwrotowi powinno towarzyszy\u0107 oryginalne opakowanie, kt\u00f3re pozwoli zidentyfikowa\u0107 numer partii.<\/p>\n<p class=\"hyphenate \" data-text-len=\"52\" data-scroll=\"paragraph_27\">Czy mog\u0119 liczy\u0107 na zwrot pieni\u0119dzy?<\/p>\n<p class=\"hyphenate \" data-text-len=\"268\" data-scroll=\"paragraph_28\">Tak. Zar\u00f3wno Biedronka, jak i Lidl poinformowa\u0142y, \u017ce <a href=\"https:\/\/www.gazetaprawna.pl\/tagi\/klienci\" id=\"56a31c11-99fc-4e68-aca9-b782303ba8dd\" title=\"Klienci\" rel=\"nofollow noopener\" target=\"_blank\">klienci<\/a> otrzymaj\u0105 pe\u0142ny zwrot koszt\u00f3w zakupu wycofanego produktu po jego zwr\u00f3ceniu wraz z opakowaniem.<\/p>\n<p class=\"hyphenate \" data-text-len=\"65\" data-scroll=\"paragraph_29\">Czy wszystkie produkty Soko\u0142\u00f3w s\u0105 niebezpieczne?<\/p>\n<p class=\"hyphenate \" data-text-len=\"176\" data-scroll=\"paragraph_30\">Nie. Wycofanie dotyczy wy\u0142\u0105cznie konkretnych partii dw\u00f3ch produkt\u00f3w: metki cebulowej i tatara wo\u0142owego. Pozosta\u0142e wyroby marki Soko\u0142\u00f3w s\u0105 bezpieczne i dopuszczone do sprzeda\u017cy.<\/p>\n<p class=\"hyphenate \" data-text-len=\"65\" data-scroll=\"paragraph_31\">W jakich regionach sprzedawano ska\u017cone produkty?<\/p>\n<p class=\"hyphenate \" data-scroll=\"paragraph_32\">Wed\u0142ug komunikatu, ska\u017cone produkty by\u0142y dost\u0119pne w sklepach na terenie siedmiu wojew\u00f3dztw: ma\u0142opolskiego, mazowieckiego, podkarpackiego, podlaskiego, \u015bl\u0105skiego, \u015bwi\u0119tokrzyskiego oraz warmi\u0144sko-mazurskiego.<\/p>\n","protected":false},"excerpt":{"rendered":"Biedronka wycofuje metk\u0119 cebulow\u0105 Soko\u0142\u00f3w W Biedronce sprzedawana by\u0142a ska\u017cona partia metki cebulowej Soko\u0142\u00f3w, oznaczona numerem 8225281102 i&hellip;\n","protected":false},"author":2,"featured_media":68739,"comment_status":"","ping_status":"","sticky":false,"template":"","format":"standard","meta":{"footnotes":""},"categories":[16],"tags":[113,112,42,38,40,39,41],"class_list":{"0":"post-68738","1":"post","2":"type-post","3":"status-publish","4":"format-standard","5":"has-post-thumbnail","7":"category-biznes","8":"tag-biznes","9":"tag-business","10":"tag-pl","11":"tag-poland","12":"tag-polish","13":"tag-polska","14":"tag-polski"},"share_on_mastodon":{"url":"https:\/\/pubeurope.com\/@pl\/115438686224763231","error":""},"_links":{"self":[{"href":"https:\/\/www.europesays.com\/pl\/wp-json\/wp\/v2\/posts\/68738","targetHints":{"allow":["GET"]}}],"collection":[{"href":"https:\/\/www.europesays.com\/pl\/wp-json\/wp\/v2\/posts"}],"about":[{"href":"https:\/\/www.europesays.com\/pl\/wp-json\/wp\/v2\/types\/post"}],"author":[{"embeddable":true,"href":"https:\/\/www.europesays.com\/pl\/wp-json\/wp\/v2\/users\/2"}],"replies":[{"embeddable":true,"href":"https:\/\/www.europesays.com\/pl\/wp-json\/wp\/v2\/comments?post=68738"}],"version-history":[{"count":0,"href":"https:\/\/www.europesays.com\/pl\/wp-json\/wp\/v2\/posts\/68738\/revisions"}],"wp:featuredmedia":[{"embeddable":true,"href":"https:\/\/www.europesays.com\/pl\/wp-json\/wp\/v2\/media\/68739"}],"wp:attachment":[{"href":"https:\/\/www.europesays.com\/pl\/wp-json\/wp\/v2\/media?parent=68738"}],"wp:term":[{"taxonomy":"category","embeddable":true,"href":"https:\/\/www.europesays.com\/pl\/wp-json\/wp\/v2\/categories?post=68738"},{"taxonomy":"post_tag","embeddable":true,"href":"https:\/\/www.europesays.com\/pl\/wp-json\/wp\/v2\/tags?post=68738"}],"curies":[{"name":"wp","href":"https:\/\/api.w.org\/{rel}","templated":true}]}}