{"id":68760,"date":"2025-10-26T06:06:11","date_gmt":"2025-10-26T06:06:11","guid":{"rendered":"https:\/\/www.europesays.com\/pl\/68760\/"},"modified":"2025-10-26T06:06:11","modified_gmt":"2025-10-26T06:06:11","slug":"makabryczne-nagranie-z-wypadku-w-rumunii","status":"publish","type":"post","link":"https:\/\/www.europesays.com\/pl\/68760\/","title":{"rendered":"Makabryczne nagranie z wypadku w Rumunii"},"content":{"rendered":"<p>Dwie osoby zgin\u0119\u0142y w makabrycznym wypadku, do kt\u00f3rego dosz\u0142o w Rumunii. Ci\u0119\u017car\u00f3wka wpad\u0142a w po\u015blizg, a naczepa znalaz\u0142a si\u0119 w poprzek drogi i niemal dos\u0142ownie &#8222;\u015bci\u0119\u0142a&#8221; nadje\u017cd\u017caj\u0105cy z naprzeciwka samoch\u00f3d osobowy. Na razie nie wiadomo, czy to nadmierna pr\u0119dko\u015b\u0107 by\u0142a przyczyn\u0105 tragedii, czy te\u017c fatalne warunki pogodowe, ale lokalne media ku przestrodze opublikowa\u0142y nagranie, na kt\u00f3rym wida\u0107 moment uderzenia.<\/p>\n<p>                         &#13;<br \/>\n        &#13;<\/p>\n<p>                                        &#13;<br \/>\n                        &#13;<br \/>\n                            <img decoding=\"async\" src=\"https:\/\/www.europesays.com\/pl\/wp-content\/uploads\/2025\/10\/000LTB5CA5YDXL76-C123-F4.jpg\" title=\"Ci\u0119\u017car\u00f3wka w po\u015blizgu &quot;zmiot\u0142a&quot; osob\u00f3wk\u0119. Nagranie ku przestrodze\" alt=\"Tragiczny wypadek w Rumunii \/Shutterstock\/screen: BIT TV, Youtube \/Shutterstock\" class=\"img-responsive\"\/>&#13;<\/p>\n<p>                            &#13;<\/p>\n<p>      &#13;<br \/>\n                            Tragiczny wypadek w Rumunii&#13;<br \/>\n                                    \/Shutterstock\/screen: BIT TV, Youtube \/Shutterstock  &#13;\n                                    <\/p>\n<p>&#13;<\/p>\n<p>Do tragedii dosz\u0142o na drodze E85 w\u00a0miejscowo\u015bci Cristesti w\u00a0Rumunii w\u00a0pi\u0105tek. Na nagraniu, kt\u00f3re udost\u0119pni\u0142y lokalne media wida\u0107, \u017ce gdy dosz\u0142o do wypadku, pada\u0142 deszcz. Tir wpad\u0142 w\u00a0po\u015blizg, czego pok\u0142osiem by\u0142o to, \u017ce naczepa znalaz\u0142a si\u0119 w\u00a0poprzek jezdni. Uderzy\u0142a w\u00a0ni\u0105 osob\u00f3wka, kt\u00f3r\u0105 podr\u00f3\u017cowa\u0142y dwie osoby. Z\u00a0auta zosta\u0142y strz\u0119py.\u00a0<\/p>\n<p>Dwie osoby podr\u00f3\u017cuj\u0105ce samochodem osobowym zosta\u0142y wydobyte z\u00a0wraku z\u00a0pomoc\u0105 ekip ratunkowych. Zespo\u0142y medyczne stwierdzi\u0142y zgon \u2013 powiedzia\u0142 rzecznik Inspektoratu ds. Sytuacji Nadzwyczajnych w\u00a0Jassach w\u00a0p\u00f3\u0142nocno-wschodniej Rumunii, kpt. Georgic\u0103 Onofreiasa, cytowany przez Radio Rom\u00e2nia Ia\u0219i.\u00a0<\/p>\n<p>Udost\u0119pniono nagranie, na kt\u00f3rym wida\u0107 moment uderzenia, maj\u0105ce by\u0107 przestrog\u0105, aby szczeg\u00f3lnie o\u00a0tej porze roku, gdy cz\u0119sto jest mokro i\u00a0\u015blisko, zachowa\u0107 szczeg\u00f3ln\u0105 czujno\u015b\u0107 i\u00a0zdj\u0105\u0107 nog\u0119 z\u00a0gazu.\u00a0<\/p>\n<p>    &#13;<br \/>\n        Wideo youtube&#13;<\/p>\n<p>&#13;<br \/>\n                 &#13;\n                <\/p>\n<p>        &#13;<br \/>\n        &#13;<\/p>\n<ul class=\"bullet\">\n<li>B\u0105d\u017a na bie\u017c\u0105co. Wi\u0119cej najnowszych informacji znajdziesz na\u00a0<a href=\"https:\/\/www.rmf24.pl\/\" target=\"_blank\" rel=\"noreferrer noopener nofollow\">RMF24.pl<\/a>.<\/li>\n<\/ul>\n","protected":false},"excerpt":{"rendered":"Dwie osoby zgin\u0119\u0142y w makabrycznym wypadku, do kt\u00f3rego dosz\u0142o w Rumunii. Ci\u0119\u017car\u00f3wka wpad\u0142a w po\u015blizg, a naczepa znalaz\u0142a&hellip;\n","protected":false},"author":2,"featured_media":68761,"comment_status":"","ping_status":"","sticky":false,"template":"","format":"standard","meta":{"footnotes":""},"categories":[12],"tags":[32,33,36,37,27,34,35,28,31,25,42,38,40,39,41,29,30,26],"class_list":{"0":"post-68760","1":"post","2":"type-post","3":"status-publish","4":"format-standard","5":"has-post-thumbnail","7":"category-polska","8":"tag-breaking-news","9":"tag-breakingnews","10":"tag-featured-news","11":"tag-featurednews","12":"tag-headlines","13":"tag-latest-news","14":"tag-latestnews","15":"tag-naglowki","16":"tag-najwazniejsze-artykuly","17":"tag-news","18":"tag-pl","19":"tag-poland","20":"tag-polish","21":"tag-polska","22":"tag-polski","23":"tag-top-stories","24":"tag-topstories","25":"tag-wiadomosci"},"share_on_mastodon":{"url":"https:\/\/pubeurope.com\/@pl\/115438969463363520","error":""},"_links":{"self":[{"href":"https:\/\/www.europesays.com\/pl\/wp-json\/wp\/v2\/posts\/68760","targetHints":{"allow":["GET"]}}],"collection":[{"href":"https:\/\/www.europesays.com\/pl\/wp-json\/wp\/v2\/posts"}],"about":[{"href":"https:\/\/www.europesays.com\/pl\/wp-json\/wp\/v2\/types\/post"}],"author":[{"embeddable":true,"href":"https:\/\/www.europesays.com\/pl\/wp-json\/wp\/v2\/users\/2"}],"replies":[{"embeddable":true,"href":"https:\/\/www.europesays.com\/pl\/wp-json\/wp\/v2\/comments?post=68760"}],"version-history":[{"count":0,"href":"https:\/\/www.europesays.com\/pl\/wp-json\/wp\/v2\/posts\/68760\/revisions"}],"wp:featuredmedia":[{"embeddable":true,"href":"https:\/\/www.europesays.com\/pl\/wp-json\/wp\/v2\/media\/68761"}],"wp:attachment":[{"href":"https:\/\/www.europesays.com\/pl\/wp-json\/wp\/v2\/media?parent=68760"}],"wp:term":[{"taxonomy":"category","embeddable":true,"href":"https:\/\/www.europesays.com\/pl\/wp-json\/wp\/v2\/categories?post=68760"},{"taxonomy":"post_tag","embeddable":true,"href":"https:\/\/www.europesays.com\/pl\/wp-json\/wp\/v2\/tags?post=68760"}],"curies":[{"name":"wp","href":"https:\/\/api.w.org\/{rel}","templated":true}]}}