{"id":68777,"date":"2025-10-26T06:22:07","date_gmt":"2025-10-26T06:22:07","guid":{"rendered":"https:\/\/www.europesays.com\/pl\/68777\/"},"modified":"2025-10-26T06:22:07","modified_gmt":"2025-10-26T06:22:07","slug":"real-madryt-fc-barcelona-gdzie-obejrzec-el-clasico-transmisja-na-zywo-tv","status":"publish","type":"post","link":"https:\/\/www.europesays.com\/pl\/68777\/","title":{"rendered":"Real Madryt &#8211; FC Barcelona. Gdzie obejrze\u0107 El Clasico? [TRANSMISJA NA \u017bYWO, TV]"},"content":{"rendered":"<p class=\"typography ids-typeset-body ids-typeset-body--preset-large link paragraph ids-paragraph ids-paragraph--default\">Mecz Real Madryt &#8211; FC Barcelona zostanie rozegrany dzisiaj o godzinie 16:15 w ramach 10. kolejki <a href=\"https:\/\/sport.interia.pl\/pilka-nozna\/la-liga\" target=\"_blank\" rel=\"nofollow noopener\">La Liga<\/a>. Transmisj\u0119 na \u017cywo z &#8222;El Clasico&#8221; b\u0119dzie mo\u017cna obejrze\u0107 na kana\u0142ach Eleven Sports 1 oraz CANAL+ Sport. Z kolei stream online b\u0119dzie dost\u0119pny na stronie internetowej elevensports.pl oraz platformach Polsat Box Go i CANAL+ Online. Relacja tekstowa i wynik w Interii Sport.<\/p>\n<p>Real Madryt \u2013 FC Barcelona 2-5. SKR\u00d3T. WIDEO (Eleven Sports)Eleven SportsEleven Sports<\/p>\n<p>Real Madryt &#8211; FC Barcelona. Bilans, ostatnie wyniki i sytuacja kadrowa<\/p>\n<p class=\"typography ids-typeset-body ids-typeset-body--preset-large link paragraph ids-paragraph ids-paragraph--default\">Real Madryt b\u0119dzie chcia\u0142 zrewan\u017cowa\u0107 si\u0119 w tym &#8222;El Clasico&#8221; za ostatni\u0105 kl\u0119sk\u0119 przed w\u0142asn\u0105 publiczno\u015bci\u0105. W ostatnim &#8222;Klasyku&#8221; FC Barcelona wygra\u0142a 4:0, a dzisiejszy mecz tak\u017ce zostanie rozegrany na Estadio Santiago Bernabeu.<\/p>\n<p class=\"typography ids-typeset-body ids-typeset-body--preset-large link paragraph ids-paragraph ids-paragraph--default\">Poza tym Real jest w do\u015b\u0107 dobrej sytuacji kadrowej. Poza kontuzjami Daniego Carvajala, Trenta Alexandra-Arnolda, Antonio Ruedigera i Ferlanda Mendy&#8217;ego, Xabi Alonso b\u0119dzie mia\u0142 do dyspozycji wszystkich zawodnik\u00f3w.<\/p>\n<p class=\"typography ids-typeset-body ids-typeset-body--preset-large link paragraph ids-paragraph ids-paragraph--default\">FC Barcelona podejdzie do &#8222;El Clasico&#8221; po dw\u00f3ch wygranych meczach. Najpierw &#8222;Blaugrana&#8221; pokona\u0142a 2:1 Giron\u0119, <a href=\"https:\/\/sport.interia.pl\/pilka-nozna\/liga-mistrzow\/news-szalony-mecz-barcelony-czerwona-kartka-i-hat-trick-gwiazdora,nId,22433824\" target=\"_blank\" rel=\"nofollow noopener\">a nast\u0119pnie a\u017c 6:1 Olympiakos Pireus w Lidze Mistrz\u00f3w<\/a>. To by\u0142y dwa bardzo wa\u017cne spotkania dla &#8222;Barcy&#8221;, kt\u00f3ra wcze\u015bniej dozna\u0142a dw\u00f3ch pora\u017cek, w tym bardzo bolesnej, bo 1:4 z Sevill\u0105.<\/p>\n<p class=\"typography ids-typeset-body ids-typeset-body--preset-large link paragraph ids-paragraph ids-paragraph--default\">Hansi Flick jest w znacznie bardziej skomplikowanej sytuacji, ni\u017c Xabi Alonso. Niemiecki szkoleniowiec nie b\u0119dzie m\u00f3g\u0142 skorzysta\u0107 bowiem ze znacznie wi\u0119kszej liczby pi\u0142karzy. Kontuzjowani s\u0105: Joan Garcia, Marc-Andre Ter Stegen, Andreas Christensen, Gavi, Dani Olmo, Raphinha oraz oczywi\u015bcie Robert Lewandowski. <a href=\"https:\/\/sport.interia.pl\/pilka-nozna\/la-liga\/news-sensacyjne-wiesci-z-barcelony-oficjalnie-flick-zostal-wykluc,nId,22434090\" target=\"_blank\" rel=\"nofollow noopener\">Na dodatek Flick b\u0119dzie musia\u0142 ogl\u0105da\u0107 &#8222;El Clasico&#8221; z trybun<\/a>, poniewa\u017c w ostatnim meczu ligowym z Giron\u0105 obejrza\u0142 dwie \u017c\u00f3\u0142te kartki, a w konsekwencji czerwon\u0105 za swoje zachowanie.<\/p>\n<p class=\"typography ids-typeset-body ids-typeset-body--preset-large link paragraph ids-paragraph ids-paragraph--default\">Real Madryt nie potrafi wygra\u0107 z FC Barcelon\u0105 ju\u017c od czterech spotka\u0144. To oraz ostatnia ligowa kl\u0119ska u siebie z &#8222;Barc\u0105&#8221; sprawiaj\u0105, \u017ce &#8222;Kr\u00f3lewscy&#8221; powinni by\u0107 podw\u00f3jnie zmotywowani. Forma gospodarzy zdaje si\u0119 rosn\u0105\u0107, a dodatkowo sprzyja im trudna sytuacja kadrowa &#8222;Blaugrany&#8221;. Tyle \u017ce ostatnie zwyci\u0119stwa Barcelony w &#8222;Klasykach&#8221; sprawiaj\u0105, \u017ce tak naprawd\u0119 w dzisiejszej konfrontacji trudno jest wskaza\u0107 faworyta.<\/p>\n<p class=\"typography ids-typeset-body ids-typeset-body--preset-large link paragraph ids-paragraph ids-paragraph--default\">Bilans Klasyk\u00f3w we wszystkich rozgrywkach, to \u0142\u0105cznie 261 mecz\u00f3w, na kt\u00f3re sk\u0142ada si\u0119 105 zwyci\u0119stw Realu Madryt i 104 FC Barcelony. Natomiast bior\u0105c pod uwag\u0119 tylko mecze ligowe, to odby\u0142o si\u0119 190 takich spotka\u0144, w kt\u00f3rych 79 razy triumfowa\u0142 Real, a 76 Barcelona.<\/p>\n<p>Real Madryt &#8211; FC Barcelona. La Liga. Gdzie i o kt\u00f3rej obejrze\u0107 El Clasico? [TRANSMISJA NA \u017bYWO, TV]<\/p>\n<p class=\"typography ids-typeset-body ids-typeset-body--preset-large link paragraph ids-paragraph ids-paragraph--default\">Mecz Real Madryt &#8211; FC Barcelona zostanie rozegrany dzisiaj o godzinie 16:15 w ramach 10. kolejki La Liga. Relacja tekstowa i wynik w Interii Sport.<\/p>\n<p class=\"typography ids-typeset-body ids-typeset-body--preset-large link paragraph ids-paragraph ids-paragraph--default\">Transmisj\u0119 na \u017cywo z &#8222;El Clasico&#8221; b\u0119dzie mo\u017cna obejrze\u0107 na kana\u0142ach Eleven Sports 1 oraz CANAL+ Sport. Z kolei stream online b\u0119dzie dost\u0119pny na stronie internetowej elevensports.pl oraz platformach Polsat Box Go i CANAL+ Online.<\/p>\n<ul class=\"typography ids-typeset-body ids-typeset-body--preset-small ids-list list-new--article-list ids-list--unordered ids-list--size-small \" datatype=\"disc\">\n<li class=\"ids-list-item ids-list-item__content brief-list-item\"><a class=\"ids-undecorated-link link ids-link \" data-spons=\"false\" href=\"https:\/\/sport.interia.pl\/pilka-nozna\/la-liga\/news-wokol-jana-urbana-wybuchlo-szalenstwo-nie-zostala-mi-nawet-k,nId,22435363\" rel=\"nofollow noopener\" target=\"_blank\">Wok\u00f3\u0142 Jana Urbana wybuch\u0142o szale\u0144stwo. &#8222;Nie zosta\u0142a mi nawet koszulka&#8221;<\/a><\/li>\n<li class=\"ids-list-item ids-list-item__content brief-list-item\"><a class=\"ids-undecorated-link link ids-link \" data-spons=\"false\" href=\"https:\/\/sport.interia.pl\/robert-lewandowski\/news-przelom-ws-transferu-lewandowskiego-gigant-ruszyl-do-akcji-w,nId,22435424\" rel=\"nofollow noopener\" target=\"_blank\">Prze\u0142om ws. transferu Lewandowskiego. Gigant ruszy\u0142 do akcji, w Barcelonie ju\u017c wiedz\u0105<\/a><\/li>\n<\/ul>\n<p><img decoding=\"async\" type=\"image\" link=\"\" author=\"THOMAS COEX\" source=\"AFP\" attachmentident=\"000LSW0OYHGV0G9X\" class=\"ids-image-holder__img\" loading=\"lazy\" alt=\"pi\u0142karz w bia\u0142ym stroju Realu Madryt rozpo\u015bciera r\u0119ce triumfalnie na stadionie w otoczeniu innych zawodnik\u00f3w swojej dru\u017cyny, w tle t\u0142um kibic\u00f3w\" title=\"Jude Bellingham zapewni\u0142 zwyci\u0119stwo Realowi nad Juventusem\" width=\"4208\" height=\"2800\" src=\"https:\/\/www.europesays.com\/pl\/wp-content\/uploads\/2025\/10\/000LSW0OYHGV0G9X-C322-F4.webp.webp\"\/><\/p>\n<p>Jude Bellingham zapewni\u0142 zwyci\u0119stwo Realowi nad JuventusemTHOMAS COEXAFP<\/p>\n<p><img decoding=\"async\" type=\"image\" link=\"\" author=\"JOSEP LAGO\" source=\"AFP\" attachmentident=\"000LP3N6IC5QA88I\" class=\"ids-image-holder__img\" loading=\"lazy\" alt=\"Grupa pi\u0142karzy w strojach klubowych \u015bwi\u0119tuje zdobycie bramki poprzez podniesione r\u0119ce oraz wzajemne przytulania, widoczne s\u0105 numery na koszulkach i nazwiska zawodnik\u00f3w.\" title=\"FC Barcelona celebruj\u0105ca bramk\u0119 w meczu z PSG (1.10.2025)\" width=\"4021\" height=\"2681\" src=\"https:\/\/www.europesays.com\/pl\/wp-content\/uploads\/2025\/10\/1760819232_383_000LP3N6IC5QA88I-C322-F4.webp.webp\"\/><\/p>\n<p>FC Barcelona celebruj\u0105ca bramk\u0119 w meczu z PSG (1.10.2025)JOSEP LAGOAFP<\/p>\n<p><a class=\"ids-undecorated-link source ids-page-info--source__link\" href=\"https:\/\/www.interia.pl\" rel=\"nofollow noopener\" target=\"_blank\"><img decoding=\"async\" type=\"image\" attachmentident=\"0009A60QQ5I2TYF7\" class=\"ids-image-holder__img\" loading=\"lazy\" alt=\"\" title=\"\" height=\"24px\" src=\"https:\/\/www.europesays.com\/pl\/wp-content\/uploads\/2025\/10\/1761306854_307_0009A60QQ5I2TYF7-C202-F4.webp.webp\"\/><\/a><\/p>\n<p>Masz sugestie, uwagi albo widzisz b\u0142\u0105d? Napisz do nas<\/p>\n","protected":false},"excerpt":{"rendered":"Mecz Real Madryt &#8211; FC Barcelona zostanie rozegrany dzisiaj o godzinie 16:15 w ramach 10. kolejki La Liga.&hellip;\n","protected":false},"author":2,"featured_media":68778,"comment_status":"","ping_status":"","sticky":false,"template":"","format":"standard","meta":{"footnotes":""},"categories":[24],"tags":[42,38,40,39,41,127,126],"class_list":{"0":"post-68777","1":"post","2":"type-post","3":"status-publish","4":"format-standard","5":"has-post-thumbnail","7":"category-sport","8":"tag-pl","9":"tag-poland","10":"tag-polish","11":"tag-polska","12":"tag-polski","13":"tag-sport","14":"tag-sports"},"share_on_mastodon":{"url":"https:\/\/pubeurope.com\/@pl\/115439032578198904","error":""},"_links":{"self":[{"href":"https:\/\/www.europesays.com\/pl\/wp-json\/wp\/v2\/posts\/68777","targetHints":{"allow":["GET"]}}],"collection":[{"href":"https:\/\/www.europesays.com\/pl\/wp-json\/wp\/v2\/posts"}],"about":[{"href":"https:\/\/www.europesays.com\/pl\/wp-json\/wp\/v2\/types\/post"}],"author":[{"embeddable":true,"href":"https:\/\/www.europesays.com\/pl\/wp-json\/wp\/v2\/users\/2"}],"replies":[{"embeddable":true,"href":"https:\/\/www.europesays.com\/pl\/wp-json\/wp\/v2\/comments?post=68777"}],"version-history":[{"count":0,"href":"https:\/\/www.europesays.com\/pl\/wp-json\/wp\/v2\/posts\/68777\/revisions"}],"wp:featuredmedia":[{"embeddable":true,"href":"https:\/\/www.europesays.com\/pl\/wp-json\/wp\/v2\/media\/68778"}],"wp:attachment":[{"href":"https:\/\/www.europesays.com\/pl\/wp-json\/wp\/v2\/media?parent=68777"}],"wp:term":[{"taxonomy":"category","embeddable":true,"href":"https:\/\/www.europesays.com\/pl\/wp-json\/wp\/v2\/categories?post=68777"},{"taxonomy":"post_tag","embeddable":true,"href":"https:\/\/www.europesays.com\/pl\/wp-json\/wp\/v2\/tags?post=68777"}],"curies":[{"name":"wp","href":"https:\/\/api.w.org\/{rel}","templated":true}]}}