{"id":6886,"date":"2025-09-20T18:48:15","date_gmt":"2025-09-20T18:48:15","guid":{"rendered":"https:\/\/www.europesays.com\/pl\/6886\/"},"modified":"2025-09-20T18:48:15","modified_gmt":"2025-09-20T18:48:15","slug":"sobel-powrocil-na-scene-po-nieszczesliwym-wypadku-uwage-zwraca-reka-na-temblaku-wideo","status":"publish","type":"post","link":"https:\/\/www.europesays.com\/pl\/6886\/","title":{"rendered":"Sobel powr\u00f3ci\u0142 na scen\u0119 po nieszcz\u0119\u015bliwym wypadku. Uwag\u0119 zwraca r\u0119ka na temblaku [WIDEO]"},"content":{"rendered":"<p class=\"ods-c-paragraph\"><a href=\"https:\/\/plejada.pl\/newsy\/kim-jest-sobel-w-rozmowie-z-kuba-wojewodzkim-przyznal-sie-do-nalogu\/lp3tzvv\" id=\"2684e788-38f7-4586-88e7-94f8d385bffe\" rel=\"nofollow noopener\" target=\"_blank\">Sobel<\/a> jaki\u015b czas temu poinformowa\u0142, \u017ce w wyniku <a href=\"https:\/\/plejada.pl\/newsy\/sobel-niespodziewanie-odwolal-koncerty-mialem-powazny-wypadek\/ns7jdfx\" id=\"193ae4b6-1924-4f55-a4a2-00188f8554b3\" rel=\"nofollow noopener\" target=\"_blank\">nieszcz\u0119\u015bliwego wypadku, kt\u00f3ry wydarzy\u0142 si\u0119 w jego domu<\/a>, dozna\u0142 z\u0142amania barku, a tak\u017ce problem\u00f3w neurologicznych wynikaj\u0105cych z upadku. Z tego powodu musia\u0142 odwo\u0142a\u0107 koncerty zaplanowane w Kielcach, Ostr\u00f3dzie oraz Gda\u0144sku. Sobel zaznaczy\u0142 w\u00f3wczas, \u017ce najwa\u017cniejsze jest podj\u0119cie odpowiedniego leczenia, kt\u00f3re rozpocz\u0105\u0142 w prywatnej klinice, aby przyspieszy\u0107 proces powrotu do zdrowia.<\/p>\n<p>Dalszy ci\u0105g artyku\u0142u pod materia\u0142em wideo<\/p>\n<p> Jaki uraz dozna\u0142 Sobel? <\/p>\n<p> Kiedy Sobel powr\u00f3ci\u0142 na scen\u0119? <\/p>\n<p> Jakie koncerty Sobel musia\u0142 odwo\u0142a\u0107? <\/p>\n<p> Kto wyst\u0119powa\u0142 razem z Soblem na koncertcie? <\/p>\n<p>  Sobel zaskoczy\u0142 fan\u00f3w sanah. Pojawi\u0142 si\u0119 na scenie z r\u0119k\u0105 na temblaku<\/p>\n<p class=\"ods-c-paragraph\">Raper zapewnia\u0142 swoich fan\u00f3w, \u017ce mimo przykrego zaj\u015bcia, odwo\u0142ane koncerty w Gda\u0144sku, Ostr\u00f3dzie oraz Kielcach nie zostan\u0105 ca\u0142kowicie odwo\u0142ane, a jedynie prze\u0142o\u017cone na p\u00f3\u017aniejsze terminy.<\/p>\n<p class=\"ods-c-paragraph\">Wszystko wskazuje na to, \u017ce artysta powraca do formy. W pi\u0105tek 19 wrze\u015bnia odby\u0142 si\u0119 koncert sanah na PGE Narodowym, podczas kt\u00f3rego na scenie z artystk\u0105 wyst\u0105pi\u0142o wielu zaproszonych go\u015bci. Jednym z nich by\u0142 Sobel, kt\u00f3ry za\u015bpiewa\u0142 razem z wokalistk\u0105 jeden z ich najwi\u0119kszych przeboj\u00f3w &#8222;Cze\u015b\u0107, jak si\u0119 masz?&#8221;. <\/p>\n<p class=\"ods-c-paragraph\">Uwag\u0119 publiczno\u015bci przyku\u0142a stylizacja artysty, kt\u00f3ry wyst\u0105pi\u0142 w lu\u017anych spodniach i kurtce. Jeden z r\u0119kaw\u00f3w zwisa\u0142 lu\u017ano wzd\u0142u\u017c jego cia\u0142a, co wskazuje na to, \u017ce artysta wci\u0105\u017c trzyma r\u0119k\u0119 na temblaku. Powr\u00f3t na scen\u0119 zrobi\u0142 na nim tak ogromne wra\u017cenie, \u017ce w pewnym momencie, zapomnia\u0142 tekstu, co wyra\u017anie go rozbawi\u0142o.<\/p>\n<p class=\"ods-c-paragraph\">Jego wyst\u0119p by\u0142 pod ogromnym znakiem zapytania, o czym informowa\u0142 fan\u00f3w za pomoc\u0105 swojej platformy. Jak podkre\u015bli\u0142 artysta, jego w\u0105tpliwo\u015bci rozwia\u0142a pr\u00f3ba generalna, podczas kt\u00f3rej mia\u0142 stwierdzi\u0107, czy jest w stanie wyst\u0105pi\u0107. Wszystko jednak posz\u0142o po jego my\u015bli i ostatecznie wyst\u0105pi\u0142 podczas koncertu w Warszawie w ramach trasy &#8222;sanah na stadionach&#8221;.<\/p>\n<p class=\"ods-c-paragraph\">Przypomnijmy, \u017ce koncert sanah na PGE Narodowym zosta\u0142 wyprzedany i przyci\u0105gn\u0105\u0142 a\u017c 65 tys. fan\u00f3w. W\u015br\u00f3d zaproszonych go\u015bci na scenie pojawili si\u0119: <a href=\"https:\/\/plejada.pl\/natalia-szroeder\" id=\"b960b0c5-0d42-4023-8b48-97d23d98d94c\" rel=\"nofollow noopener\" target=\"_blank\">Natalia Szroeder<\/a>, Mela Koteluk, Kuba Badach, <a href=\"https:\/\/plejada.pl\/michal-bajor-aktor\" id=\"f785aa95-b21d-483e-827c-9f6b9b931382\" rel=\"nofollow noopener\" target=\"_blank\">Micha\u0142 Bajor<\/a>, Kasia Kowalska czy Alicja Majewska.<\/p>\n<p><img decoding=\"async\" src=\"https:\/\/www.europesays.com\/pl\/wp-content\/uploads\/2025\/09\/UWZk9lBaHR0cHM6Ly9vY2RuLmV1L3B1bHNjbXMvTURBXy9hZDZiYTAzYjM4ODg3Mzk5YmM5MmQ3NjRkOWE5NTA1My5qcGeRlQLNB.jpeg\" height=\"682\" width=\"940\" alt=\"sanah\" loading=\"lazy\" class=\"ods-c-image__img ods-c-image__img--viewport-width\"\/><\/p>\n<p>sanahMagic Records<\/p>\n<p class=\"ods-c-paragraph\">Dzi\u0119kujemy, \u017ce przeczyta\u0142a\u015b\/e\u015b nasz artyku\u0142 do ko\u0144ca. W serwisie Plejada.pl ka\u017cdego dnia piszemy o najwa\u017cniejszych wydarzeniach show-biznesowych. B\u0105d\u017a na bie\u017c\u0105co! <a rel=\"nofollow noopener\" href=\"https:\/\/news.google.com\/publications\/CAAiEF0PeAlb7W1llpV_mwV2rL4qFAgKIhBdD3gJW-1tZZaVf5sFdqy-?hl=pl&amp;gl=PL&amp;ceid=PL%3Apl\" id=\"9583eac6-e70c-43a5-b241-59cbded7634f\" target=\"_blank\">Obserwuj<\/a> Plejad\u0119 w Wiadomo\u015bciach Google. Odwied\u017a nas tak\u017ce na <a rel=\"nofollow noopener\" href=\"https:\/\/www.facebook.com\/plejadapl\" id=\"2616ba22-be50-4f10-94c5-0dd1b30580cd\" target=\"_blank\">Facebooku<\/a>, <a rel=\"nofollow noopener\" href=\"https:\/\/www.instagram.com\/plejadapl\/\" id=\"6108a136-7b85-410b-92c8-0f4f4c0f00fe\" target=\"_blank\">Instagramie<\/a>, <a rel=\"nofollow noopener\" href=\"https:\/\/www.youtube.com\/c\/plejada\" id=\"ba345dc8-d1a2-4ca4-a828-7aa295881bfb\" target=\"_blank\">YouTubie<\/a> oraz <a rel=\"nofollow noopener\" href=\"https:\/\/www.tiktok.com\/@plejada_pl\" id=\"07ea5771-83a9-4bf0-8b6a-86480121deff\" target=\"_blank\">TikToku<\/a>.<\/p>\n<p class=\"ods-c-paragraph\">Chcesz podzieli\u0107 si\u0119 ciekawym newsem lub zaproponowa\u0107 temat? Skontaktuj si\u0119 z nami, pisz\u0105c maila na adres: <a rel=\"nofollow noopener\" href=\"https:\/\/plejada.pl\/newsy\/sobel-powrocil-na-scene-po-nieszczesliwym-wypadku-uwage-zwraca-reka-na-temblaku-wideo\/mailto:plejada@redakcjaonet.pl\" id=\"315106ab-3db3-49b1-8be1-4aad88a0e0bd\" target=\"_blank\">plejada@redakcjaon<\/a><a href=\"https:\/\/et.pl\" id=\"20c09c66-3629-4012-b0db-00c401910c5c\" rel=\"nofollow noopener\" target=\"_blank\">et.pl<\/a>.<\/p>\n<p><script async src=\"\/\/www.instagram.com\/embed.js\"><\/script><script async src=\"\/\/www.tiktok.com\/embed.js\"><\/script><\/p>\n","protected":false},"excerpt":{"rendered":"Sobel jaki\u015b czas temu poinformowa\u0142, \u017ce w wyniku nieszcz\u0119\u015bliwego wypadku, kt\u00f3ry wydarzy\u0142 si\u0119 w jego domu, dozna\u0142 z\u0142amania&hellip;\n","protected":false},"author":2,"featured_media":6887,"comment_status":"","ping_status":"","sticky":false,"template":"","format":"standard","meta":{"footnotes":""},"categories":[22],"tags":[122,48,125,46,2922,42,38,40,39,41,123,2593,47,3038],"class_list":{"0":"post-6886","1":"post","2":"type-post","3":"status-publish","4":"format-standard","5":"has-post-thumbnail","7":"category-rozrywka","8":"tag-entertainment","9":"tag-nat_styl","10":"tag-newsy","11":"tag-omp","12":"tag-pge_narodowy","13":"tag-pl","14":"tag-poland","15":"tag-polish","16":"tag-polska","17":"tag-polski","18":"tag-rozrywka","19":"tag-sanah","20":"tag-screening_general","21":"tag-sobel_piosenkarz"},"share_on_mastodon":{"url":"","error":""},"_links":{"self":[{"href":"https:\/\/www.europesays.com\/pl\/wp-json\/wp\/v2\/posts\/6886","targetHints":{"allow":["GET"]}}],"collection":[{"href":"https:\/\/www.europesays.com\/pl\/wp-json\/wp\/v2\/posts"}],"about":[{"href":"https:\/\/www.europesays.com\/pl\/wp-json\/wp\/v2\/types\/post"}],"author":[{"embeddable":true,"href":"https:\/\/www.europesays.com\/pl\/wp-json\/wp\/v2\/users\/2"}],"replies":[{"embeddable":true,"href":"https:\/\/www.europesays.com\/pl\/wp-json\/wp\/v2\/comments?post=6886"}],"version-history":[{"count":0,"href":"https:\/\/www.europesays.com\/pl\/wp-json\/wp\/v2\/posts\/6886\/revisions"}],"wp:featuredmedia":[{"embeddable":true,"href":"https:\/\/www.europesays.com\/pl\/wp-json\/wp\/v2\/media\/6887"}],"wp:attachment":[{"href":"https:\/\/www.europesays.com\/pl\/wp-json\/wp\/v2\/media?parent=6886"}],"wp:term":[{"taxonomy":"category","embeddable":true,"href":"https:\/\/www.europesays.com\/pl\/wp-json\/wp\/v2\/categories?post=6886"},{"taxonomy":"post_tag","embeddable":true,"href":"https:\/\/www.europesays.com\/pl\/wp-json\/wp\/v2\/tags?post=6886"}],"curies":[{"name":"wp","href":"https:\/\/api.w.org\/{rel}","templated":true}]}}