{"id":68862,"date":"2025-10-26T07:12:10","date_gmt":"2025-10-26T07:12:10","guid":{"rendered":"https:\/\/www.europesays.com\/pl\/68862\/"},"modified":"2025-10-26T07:12:10","modified_gmt":"2025-10-26T07:12:10","slug":"reprezentacja-polski-wspiera-adriana-wyjatkowa-koszulka-na-licytacji","status":"publish","type":"post","link":"https:\/\/www.europesays.com\/pl\/68862\/","title":{"rendered":"Reprezentacja Polski wspiera Adriana. Wyj\u0105tkowa koszulka na licytacji"},"content":{"rendered":"<p class=\"ods-c-paragraph \">\u2014 Kochani, nasza walka o zdrowie nadal trwa, ale nie poddajemy si\u0119. Dzi\u0119kujemy wam za ca\u0142e dotychczasowe wsparcie, a jest to naprawd\u0119 wielka rzecz \u2014 powiedzia\u0142a para na Instagramie w najnowszej rolce.<\/p>\n<p>Dalszy ci\u0105g artyku\u0142u pod materia\u0142em wideo<\/p>\n<p> Jaki przedmiot mo\u017cna wylicytowa\u0107? <\/p>\n<p> Kto zebra\u0142 podpisy na koszulce? <\/p>\n<p> Na co trafi kwota z licytacji? <\/p>\n<p> Gdzie uruchomiono grup\u0119 licytacyjn\u0105? <\/p>\n<p>  &#8222;Mamy dla was co\u015b naprawd\u0119 wyj\u0105tkowego&#8221;<\/p>\n<p class=\"ods-c-paragraph \">Poinformowali te\u017c, \u017ce uruchomili grup\u0119 licytacyjn\u0105 na Facebooku, gdzie mo\u017cna wylicytowa\u0107 r\u00f3\u017cne ciekawe przedmioty i us\u0142ugi.<\/p>\n<p class=\"ods-c-paragraph \">\u2014 Ale dzisiaj mamy dla was co\u015b naprawd\u0119 wyj\u0105tkowego, ale tak bardzo wyj\u0105tkowego \u2014 zobaczcie sami \u2014 przekazali, po czym Kamil pokaza\u0142 oprawion\u0105 w ramk\u0119 koszulk\u0119 z podpisami.<\/p>\n<p class=\"ods-c-paragraph \">\u2014 Jest to treningowa koszulka naszej reprezentacji Polski w pi\u0142k\u0119 no\u017cn\u0105, wraz z podpisami, kt\u00f3re zebra\u0142 nasz szczecinianin, Kamil Grosicki. Znajdziecie tutaj podpisy z ostatniego zgrupowania z pocz\u0105tku pa\u017adziernika i z dw\u00f3ch mecz\u00f3w, kt\u00f3re by\u0142y rozgrywane. Kamil Grosicki oczywi\u015bcie, Jan Bednarek, Robert Lewandowski i ca\u0142a reszta dru\u017cyny \u2014 m\u00f3wili przej\u0119ci.<\/p>\n<p class=\"ods-c-paragraph \">Para zach\u0119ci\u0142a do licytacji, i doda\u0142a, \u017ce ca\u0142a wylicytowana kwota trafi na rzecz leczenia Adriana.<\/p>\n<p class=\"ods-c-paragraph \">\u2014 Mamy nadziej\u0119, \u017ce ta koszulka znajdziecie nied\u0142ugo nowy dom u kogo\u015b z wielkim sercem \u2014 zako\u0144czy\u0142a Anita.<\/p>\n<p class=\"ods-c-paragraph \">Zobacz tak\u017ce: <\/p>\n","protected":false},"excerpt":{"rendered":"\u2014 Kochani, nasza walka o zdrowie nadal trwa, ale nie poddajemy si\u0119. Dzi\u0119kujemy wam za ca\u0142e dotychczasowe wsparcie,&hellip;\n","protected":false},"author":2,"featured_media":68863,"comment_status":"","ping_status":"","sticky":false,"template":"","format":"standard","meta":{"footnotes":""},"categories":[22],"tags":[1942,122,48,2036,46,4897,42,38,40,39,41,123,47,4767,17315],"class_list":{"0":"post-68862","1":"post","2":"type-post","3":"status-publish","4":"format-standard","5":"has-post-thumbnail","7":"category-rozrywka","8":"tag-celebryci","9":"tag-entertainment","10":"tag-nat_styl","11":"tag-nowotwory","12":"tag-omp","13":"tag-perso_tst0","14":"tag-pl","15":"tag-poland","16":"tag-polish","17":"tag-polska","18":"tag-polski","19":"tag-rozrywka","20":"tag-screening_general","21":"tag-slub_od_pierwszego_wejrzenia","22":"tag-zbiorka"},"share_on_mastodon":{"url":"https:\/\/pubeurope.com\/@pl\/115439228914873997","error":""},"_links":{"self":[{"href":"https:\/\/www.europesays.com\/pl\/wp-json\/wp\/v2\/posts\/68862","targetHints":{"allow":["GET"]}}],"collection":[{"href":"https:\/\/www.europesays.com\/pl\/wp-json\/wp\/v2\/posts"}],"about":[{"href":"https:\/\/www.europesays.com\/pl\/wp-json\/wp\/v2\/types\/post"}],"author":[{"embeddable":true,"href":"https:\/\/www.europesays.com\/pl\/wp-json\/wp\/v2\/users\/2"}],"replies":[{"embeddable":true,"href":"https:\/\/www.europesays.com\/pl\/wp-json\/wp\/v2\/comments?post=68862"}],"version-history":[{"count":0,"href":"https:\/\/www.europesays.com\/pl\/wp-json\/wp\/v2\/posts\/68862\/revisions"}],"wp:featuredmedia":[{"embeddable":true,"href":"https:\/\/www.europesays.com\/pl\/wp-json\/wp\/v2\/media\/68863"}],"wp:attachment":[{"href":"https:\/\/www.europesays.com\/pl\/wp-json\/wp\/v2\/media?parent=68862"}],"wp:term":[{"taxonomy":"category","embeddable":true,"href":"https:\/\/www.europesays.com\/pl\/wp-json\/wp\/v2\/categories?post=68862"},{"taxonomy":"post_tag","embeddable":true,"href":"https:\/\/www.europesays.com\/pl\/wp-json\/wp\/v2\/tags?post=68862"}],"curies":[{"name":"wp","href":"https:\/\/api.w.org\/{rel}","templated":true}]}}