{"id":69135,"date":"2025-10-26T10:41:13","date_gmt":"2025-10-26T10:41:13","guid":{"rendered":"https:\/\/www.europesays.com\/pl\/69135\/"},"modified":"2025-10-26T10:41:13","modified_gmt":"2025-10-26T10:41:13","slug":"motor-lublin-zegna-waznego-zawodnika-przechodzi-do-ligowego-rywala","status":"publish","type":"post","link":"https:\/\/www.europesays.com\/pl\/69135\/","title":{"rendered":"Motor Lublin \u017cegna wa\u017cnego zawodnika! Przechodzi do ligowego rywala"},"content":{"rendered":"<p>Orlen Oil Motor Lublin po\u017cegna\u0142 w sobot\u0119 swojego wieloletniego zawodnika. Teraz 26-latek zasili szeregi ich rywala w PGE Ekstralidze.            <\/p>\n<p><a target=\"_blank\" href=\"\"><br \/>\n<img decoding=\"async\" src=\"\" alt=\"\" style=\"margin-bottom:15px\"\/><br \/>\n<\/a><\/p>\n<p>Orlen Oil Motor Lublin tegoroczne rozgrywki PGE Ekstraligi zako\u0144czy\u0142 z pewnym niedosytem. Podopieczni Macieja Kuciapy podchodzili do rozgrywek w roli faworyta do z\u0142otego medalu. Ostatecznie jednak przysz\u0142o im zadowoli\u0107 si\u0119 srebrem. Pierwsze miejsce zgarn\u0105\u0142 bowiem Pres Toru\u0144, kt\u00f3ry pokona\u0142 \u201eKozio\u0142ki\u201d w wielkim finale. Teraz w zespole z Lublina zajd\u0105 ogromne zmiany. Z dru\u017cyn\u0105 \u017cegna si\u0119 trzech wa\u017cnych zawodnik\u00f3w. Jednemu z nich klub podzi\u0119kowa\u0142 w sobot\u0119 na swoim oficjalnym profilu.<\/p>\n<p>Motor Lublin po\u017cegna\u0142 26-latka<\/p>\n<p>Lublinianie w ostatnich latach dominowali polski \u017cu\u017cel. Od 2022 do 2024 roku Motor zdoby\u0142 trzy z\u0142ote medale Dru\u017cynowych Mistrzostw Polski. Tym samym zesp\u00f3\u0142 zapisa\u0142 si\u0119 na zawsze w historii naszego krajowego speedwaya. Jednym z zawodnik\u00f3w, kt\u00f3rzy przyczynili si\u0119 do tych trzech zwyci\u0119stw, by\u0142 Dominik Kubera. Popularny \u201eDomin\u201d w pe\u0142ni wykorzysta\u0142 szans\u0119 od lubelskiej dru\u017cyny. W jej barwach na dobre sta\u0142 si\u0119 czo\u0142owym polskim seniorem. Nic nie mo\u017ce jednak wiecznie trwa\u0107, a 26-letni \u017cu\u017clowiec w przysz\u0142ym sezonie b\u0119dzie startowa\u0142 dla innego zespo\u0142u.<\/p>\n<p>W sobot\u0119 na oficjalnym profilu Orlen Oil Motoru Lublin w mediach spo\u0142eczno\u015bciowych pojawi\u0142 si\u0119 post, w kt\u00f3rym klub podzi\u0119kowa\u0142 Kuberze za wsp\u00f3lne pi\u0119\u0107 lat \u2013 Po pi\u0119ciu latach pe\u0142nych walki, rado\u015bci i sukces\u00f3w Dominik Kubera \u017cegna si\u0119 z Motorem. Domin, dzi\u0119kujemy za wszystko, za punkty, emocje i serce zostawione na torze! \u2013 mo\u017cemy przeczyta\u0107. W komentarzach nie brakuje kolejnych podzi\u0119kowa\u0144 od lubelskich kibic\u00f3w, kt\u00f3rzy z pewno\u015bci\u0105 b\u0119d\u0105 dobrze wspomina\u0107 26-latka.<\/p>\n<p>Napi\u0119ta sytuacja z prezesem K\u0119p\u0105<\/p>\n<p>Ostatnio jednak poznali\u015bmy kulisy rozstania Kubery z lubelskim zespo\u0142em. Wszystko za spraw\u0105 serialu Canal+ pt. \u201eJazda o z\u0142oto. \u017bu\u017cel na pods\u0142uchu\u201d. W produkcji zapoznali\u015bmy si\u0119 ze stanowiskiem zar\u00f3wno Jakuba K\u0119by jak i Dominika Kubery. <a href=\"https:\/\/speedwaynews.pl\/zuzel\/kulisy-odejscia-kubery-z-lublina-mocne-slowa-zawodnika-i-prezesa-kepy\" rel=\"nofollow noopener\" target=\"_blank\">Prezes Motoru Lublin nie kry\u0142 tego, \u017ce nie by\u0142 zadowolony z tego, jak przebieg\u0142a ca\u0142a sytuacja<\/a>. Mo\u017cna wi\u0119c przypuszcza\u0107, \u017ce obaj panowie rozstaj\u0105 si\u0119 w napi\u0119tej atmosferze.<\/p>\n<p>Kubera zasili rywala Motoru<\/p>\n<p>Dominik Kubera ma ju\u017c nowy klub na przysz\u0142oroczny sezon PGE Ekstraligi. 26-latek zasili szeregi Stelmet Falubazu Zielona G\u00f3ra, kt\u00f3ry b\u0119dzie rywalizowa\u0142 o popraw\u0119 rezultatu z tego roku. Ju\u017c jaki\u015b czas temu tak\u0105 informacj\u0119 potwierdzi\u0142 prezes zielonog\u00f3rskiego klubu Adam Goli\u0144ski. Z kolei Orlen Oil Motor Lublin si\u0119gnie po innego krajowego seniora, kt\u00f3ry b\u0119dzie startowa\u0142 w Speedway Grand Prix. Do Koziego Grodu trafi\u0107 ma bowiem Kacper Woryna.<\/p>\n<p><img data-lazyloaded=\"1\" fetchpriority=\"high\" decoding=\"async\" width=\"1175\" height=\"800\" src=\"https:\/\/www.europesays.com\/pl\/wp-content\/uploads\/2025\/10\/DSC_4505_wynik.jpg\" alt=\"\" class=\"wp-image-326057\"  data-\/>Dominik KuberaAby nie przegapi\u0107 najciekawszych artyku\u0142\u00f3w kliknij obserwuj speedwaynews.pl na Google News<br \/>\n<a target=\"_blank\" href=\"https:\/\/news.google.com\/publications\/CAAiEKvF4ca6fzDOt8g5DGS1iLgqFAgKIhCrxeHGun8wzrfIOQxktYi4?hl=pl&amp;gl=PL&amp;ceid=PL%3Apl\" rel=\"nofollow noopener\"><\/p>\n<p>Obserwuj nas!<br \/>\n<\/a><\/p>\n","protected":false},"excerpt":{"rendered":"Orlen Oil Motor Lublin po\u017cegna\u0142 w sobot\u0119 swojego wieloletniego zawodnika. Teraz 26-latek zasili szeregi ich rywala w PGE&hellip;\n","protected":false},"author":2,"featured_media":69136,"comment_status":"","ping_status":"","sticky":false,"template":"","format":"standard","meta":{"footnotes":"","_share_on_mastodon":"0"},"categories":[24],"tags":[3416,2164,1334,42,38,40,39,41,882,127,126,4938,174],"class_list":["post-69135","post","type-post","status-publish","format-standard","has-post-thumbnail","category-sport","tag-dominik-kubera","tag-orlen-oil-motor-lublin","tag-pge-ekstraliga","tag-pl","tag-poland","tag-polish","tag-polska","tag-polski","tag-speedway","tag-sport","tag-sports","tag-stelmet-falubaz-zielona-gora","tag-zuzel"],"share_on_mastodon":{"url":"https:\/\/pubeurope.com\/@pl\/115440050766368141","error":""},"_links":{"self":[{"href":"https:\/\/www.europesays.com\/pl\/wp-json\/wp\/v2\/posts\/69135","targetHints":{"allow":["GET"]}}],"collection":[{"href":"https:\/\/www.europesays.com\/pl\/wp-json\/wp\/v2\/posts"}],"about":[{"href":"https:\/\/www.europesays.com\/pl\/wp-json\/wp\/v2\/types\/post"}],"author":[{"embeddable":true,"href":"https:\/\/www.europesays.com\/pl\/wp-json\/wp\/v2\/users\/2"}],"replies":[{"embeddable":true,"href":"https:\/\/www.europesays.com\/pl\/wp-json\/wp\/v2\/comments?post=69135"}],"version-history":[{"count":0,"href":"https:\/\/www.europesays.com\/pl\/wp-json\/wp\/v2\/posts\/69135\/revisions"}],"wp:featuredmedia":[{"embeddable":true,"href":"https:\/\/www.europesays.com\/pl\/wp-json\/wp\/v2\/media\/69136"}],"wp:attachment":[{"href":"https:\/\/www.europesays.com\/pl\/wp-json\/wp\/v2\/media?parent=69135"}],"wp:term":[{"taxonomy":"category","embeddable":true,"href":"https:\/\/www.europesays.com\/pl\/wp-json\/wp\/v2\/categories?post=69135"},{"taxonomy":"post_tag","embeddable":true,"href":"https:\/\/www.europesays.com\/pl\/wp-json\/wp\/v2\/tags?post=69135"}],"curies":[{"name":"wp","href":"https:\/\/api.w.org\/{rel}","templated":true}]}}