{"id":69143,"date":"2025-10-26T10:46:12","date_gmt":"2025-10-26T10:46:12","guid":{"rendered":"https:\/\/www.europesays.com\/pl\/69143\/"},"modified":"2025-10-26T10:46:12","modified_gmt":"2025-10-26T10:46:12","slug":"zgineli-na-miejscu-porazajace-nagranie-z-rumunii-o2-pl","status":"publish","type":"post","link":"https:\/\/www.europesays.com\/pl\/69143\/","title":{"rendered":"Zgin\u0119li na miejscu. Pora\u017caj\u0105ce nagranie z Rumunii &#8211; o2.pl"},"content":{"rendered":"<ol>\n<li><a href=\"https:\/\/news.google.com\/rss\/articles\/CBMipAFBVV95cUxPY2tZQ2xNQnptX0NfQnZ5TVltV1VUcXREbHZEa0wxdkp4QXZ2YXAtQUh4RHBfR3c2NkNMbUtpTDJJYTRWT3ZJWGVFRlpoUHd3Q3U0YzRmTXB1T3lVa3FvZGM4OFZ2Y0wzQ2dEYjhPbngyd19IczFSZHhqMTJjcHI4dE0zWDl5dU1LSnRfTWVRdG9mc1NxYS1UZVVBbWEyUE1ZeXRiMw?oc=5\" target=\"_blank\" rel=\"nofollow noopener\">Zgin\u0119li na miejscu. Pora\u017caj\u0105ce nagranie z Rumunii<\/a>&nbsp;&nbsp;o2.pl<\/li>\n<li><a href=\"https:\/\/news.google.com\/rss\/articles\/CBMiugFBVV95cUxQakh2RkhzVENzTUFpMlk4dXItZjFUbFF3WDJ6aTJDMmtmUFhQaG9FMm1RdHI2OHNhZW5EUjhTck4tdW5VWGYyRHF2eXFhaklyVXFCOC1lRGJkcERQb051djdmSnVkYlNUTEZlSEs2SUtHMk9BbDJHc1ZOX0xKZ1Zya1pWTXRwWGFzS1ZNV2hWWUZYcGpfS3RJTU1mN2NfWURjY3JjcWtpdzhfMmxWWmxoMHV4MEtXQTYtUXc?oc=5\" target=\"_blank\" rel=\"nofollow noopener\">Przera\u017caj\u0105cy wypadek. Ci\u0119\u017car\u00f3wka zmia\u017cd\u017cy\u0142a samoch\u00f3d. Nagranie ku przestrodze<\/a>&nbsp;&nbsp;Wydarzenia Interia<\/li>\n<li><a href=\"https:\/\/news.google.com\/rss\/articles\/CBMirwFBVV95cUxPOVRWb3BocVREOUZVYnp3VUVXaDMyZjVvY0tTbjhVc2ljSm9VVlVKLUJVY2w3cVg4Tjk1enpnTG9YMFVqRTFwMUIwRlgwVzhtMTFjampYbzlqeXVpS1B3RUx4TTF0clVHdWtPRzRFNlBJMUlGdEdUNGZzU19Fa05MRV9rNV93cUhwT0gtYmhwSUM3eGw4OGpRdlBpQnZuWTVwc3pHc0VEN1ZfRWx1Qkh3?oc=5\" target=\"_blank\" rel=\"nofollow noopener\">Ci\u0119\u017car\u00f3wka w po\u015blizgu &#8222;zmiot\u0142a&#8221; osob\u00f3wk\u0119. Nagranie ku przestrodze<\/a>&nbsp;&nbsp;RMF24<\/li>\n<li><a href=\"https:\/\/news.google.com\/rss\/articles\/CBMivAFBVV95cUxQbHkybW5jOGRLU28zbEhrM3pQUWw4azYtc3pkRGFjUHFpSVhveTBxaG91TWdncXlJcTB2S1FtcGkxWlpBbkh3dWV1WkVvcnllblRpR1NSS0F4Z0tWa3JKbzBJQTlFclpHWEZCQ0ZjZXlQT2RJQWZoSGl5LTlQTDNYamxjUXd6TFNST1NQVFlyb3ZiX1BWQWpGV1pjMExCUGtSTWE3QUgxYlF2UlRxWkhpUzZNTV9IY0JFdERZcA?oc=5\" target=\"_blank\" rel=\"nofollow noopener\">Naczepa zmiot\u0142a osob\u00f3wk\u0119 z drogi. Zgin\u0105\u0142 samorz\u0105dowiec i chory na raka<\/a>&nbsp;&nbsp;Motoryzacja Interia<\/li>\n<\/ol>\n","protected":false},"excerpt":{"rendered":"Zgin\u0119li na miejscu. Pora\u017caj\u0105ce nagranie z Rumunii&nbsp;&nbsp;o2.pl Przera\u017caj\u0105cy wypadek. Ci\u0119\u017car\u00f3wka zmia\u017cd\u017cy\u0142a samoch\u00f3d. Nagranie ku przestrodze&nbsp;&nbsp;Wydarzenia Interia Ci\u0119\u017car\u00f3wka w&hellip;\n","protected":false},"author":2,"featured_media":69144,"comment_status":"","ping_status":"","sticky":false,"template":"","format":"standard","meta":{"footnotes":""},"categories":[12],"tags":[32,33,36,37,27,34,35,28,31,25,42,38,40,39,41,29,30,26],"class_list":{"0":"post-69143","1":"post","2":"type-post","3":"status-publish","4":"format-standard","5":"has-post-thumbnail","7":"category-polska","8":"tag-breaking-news","9":"tag-breakingnews","10":"tag-featured-news","11":"tag-featurednews","12":"tag-headlines","13":"tag-latest-news","14":"tag-latestnews","15":"tag-naglowki","16":"tag-najwazniejsze-artykuly","17":"tag-news","18":"tag-pl","19":"tag-poland","20":"tag-polish","21":"tag-polska","22":"tag-polski","23":"tag-top-stories","24":"tag-topstories","25":"tag-wiadomosci"},"share_on_mastodon":{"url":"https:\/\/pubeurope.com\/@pl\/115440070621593996","error":""},"_links":{"self":[{"href":"https:\/\/www.europesays.com\/pl\/wp-json\/wp\/v2\/posts\/69143","targetHints":{"allow":["GET"]}}],"collection":[{"href":"https:\/\/www.europesays.com\/pl\/wp-json\/wp\/v2\/posts"}],"about":[{"href":"https:\/\/www.europesays.com\/pl\/wp-json\/wp\/v2\/types\/post"}],"author":[{"embeddable":true,"href":"https:\/\/www.europesays.com\/pl\/wp-json\/wp\/v2\/users\/2"}],"replies":[{"embeddable":true,"href":"https:\/\/www.europesays.com\/pl\/wp-json\/wp\/v2\/comments?post=69143"}],"version-history":[{"count":0,"href":"https:\/\/www.europesays.com\/pl\/wp-json\/wp\/v2\/posts\/69143\/revisions"}],"wp:featuredmedia":[{"embeddable":true,"href":"https:\/\/www.europesays.com\/pl\/wp-json\/wp\/v2\/media\/69144"}],"wp:attachment":[{"href":"https:\/\/www.europesays.com\/pl\/wp-json\/wp\/v2\/media?parent=69143"}],"wp:term":[{"taxonomy":"category","embeddable":true,"href":"https:\/\/www.europesays.com\/pl\/wp-json\/wp\/v2\/categories?post=69143"},{"taxonomy":"post_tag","embeddable":true,"href":"https:\/\/www.europesays.com\/pl\/wp-json\/wp\/v2\/tags?post=69143"}],"curies":[{"name":"wp","href":"https:\/\/api.w.org\/{rel}","templated":true}]}}