{"id":69517,"date":"2025-10-26T15:21:06","date_gmt":"2025-10-26T15:21:06","guid":{"rendered":"https:\/\/www.europesays.com\/pl\/69517\/"},"modified":"2025-10-26T15:21:06","modified_gmt":"2025-10-26T15:21:06","slug":"real-madryt-fc-barcelona-relacja-na-zywo-przeglad-sportowy-onet","status":"publish","type":"post","link":"https:\/\/www.europesays.com\/pl\/69517\/","title":{"rendered":"Real Madryt &#8211; FC Barcelona [RELACJA NA \u017bYWO] &#8211; Przegl\u0105d Sportowy Onet"},"content":{"rendered":"<ol>\n<li><a href=\"https:\/\/news.google.com\/rss\/articles\/CBMitwFBVV95cUxNNklMVnZ0MzV1eGpUU0o2YVZtTmpCMDl3ekNxRnFCWk1xSlZCcDBqTUFUaTAtY2FuUmNhUGs2SlM3X2VWNnFvVGpab1p6ZEhqXzRqWE1sWXRadndlZGFXbEpGTk9ZRlFDdk91RTlKZ2RBNm5wTm1fVzRnSG41TU8xU2phdUp5SWx3Z09GcG1mbFdpZU9tZElydzFEX3pER05qNm5ZOFoxRTd1cm5pVWFzRDlXTUpJZjA?oc=5\" target=\"_blank\" rel=\"nofollow noopener\">Real Madryt &#8211; FC Barcelona [RELACJA NA \u017bYWO]<\/a>&nbsp;&nbsp;Przegl\u0105d Sportowy Onet<\/li>\n<li><a href=\"https:\/\/news.google.com\/rss\/articles\/CBMif0FVX3lxTE5FajVqZm54U2JGLVR1U2tnNkJQeTF2Y2x6YVgtbGx4X0hQNU5INl95MVVmMUtydG9rRjJuMHNRdTBhRlBVOUxJR3hNZDhlT2I0R3Fka0FacGV5aWg5LTZlOU41WVI1VjZQRGZDNEtWdWR1aVhKYXZjMkhMaWlVUTg?oc=5\" target=\"_blank\" rel=\"nofollow noopener\">Znamy sk\u0142ady na El Clasico!<\/a>&nbsp;&nbsp;SportoweFakty<\/li>\n<li><a href=\"https:\/\/news.google.com\/rss\/articles\/CBMi1gFBVV95cUxQUllmZ1MzOWliNG5oWDN0T1V3NWJUOG1xZnpFZW1lc1VobHVWdEZCcGpTZTRiTW9VbXQtZjNDcHZXdEEtNmZzdTNlVHBXcF9XMGN0cThsY0tXdmNoMWlSQzR5VjFaRExPSEtyY0dzdW52S0c4ZkN3VzV4cGdXLUdVNElXTDc0Y3praXJTSlJnc3RueVpSbFB3V1B1aW9obGRXRWZneHhTODRPb3AxT1dCbFJhLTM3djV1UnNpTHg5QUhxamhpeUNjR2xfWVhSaXQ5S2FjR2ln?oc=5\" target=\"_blank\" rel=\"nofollow noopener\">Wszystko jasne w sprawie Wojciecha Szcz\u0119snego! Oto sk\u0142ad Barcelony na El Clasico<\/a>&nbsp;&nbsp;Przegl\u0105d Sportowy Onet<\/li>\n<li><a href=\"https:\/\/news.google.com\/rss\/articles\/CBMirgFBVV95cUxPcFEtOUViLXhSazFFMm1KMnFWTkN2TTZaMmdldEpCUzlxUGtJMXJTbExtQVBDZC04MWJHYVVlcWpRR2NoZjJiTFR4dW9IRmNNWW53ekZlcDBEWTlHTVFxWktwZ2dQcGlFbGt5d05mT19pRUNBVW5fOElpTDI5Z2RkVDJwNVpmOElHa2tnNE1vVEtoRTV3RWt5akdYWkllMkJMSUJIY2tJNU1wOHlVbHc?oc=5\" target=\"_blank\" rel=\"nofollow noopener\">FC Barcelona og\u0142osi\u0142a sk\u0142ad na mecz z Realem. Jest decyzja ws. Szcz\u0119snego Pi\u0142ka no\u017cna<\/a>&nbsp;&nbsp;Sport.pl<\/li>\n<li><a href=\"https:\/\/news.google.com\/rss\/articles\/CBMipAFBVV95cUxNWXlwdE1XMHZGSUlfaFVUWVc5eWRrMWxnRHpDMHdlV21KeUhiNFg0MWJXazl3aHkzSjFramc2ZDhfbVl3eTYzdk9wNFE5eDdrNW1yd3luNDBrVUhqVmUzN25VMU5DMlhWRExTNmxMbVlPamV1UFJzRlVCalhzV21RUFNMNVhKOVVDeEFkaEZSOGZtOHBDcDlOVlNYMzVseTZ0R0dSUw?oc=5\" target=\"_blank\" rel=\"nofollow noopener\">Real Madryt &#8211; FC Barcelona. Relacja live i wynik na \u017cywo<\/a>&nbsp;&nbsp;www.polsatsport.pl<\/li>\n<\/ol>\n","protected":false},"excerpt":{"rendered":"Real Madryt &#8211; FC Barcelona [RELACJA NA \u017bYWO]&nbsp;&nbsp;Przegl\u0105d Sportowy Onet Znamy sk\u0142ady na El Clasico!&nbsp;&nbsp;SportoweFakty Wszystko jasne w&hellip;\n","protected":false},"author":2,"featured_media":69518,"comment_status":"","ping_status":"","sticky":false,"template":"","format":"standard","meta":{"footnotes":"","_share_on_mastodon":"0"},"categories":[24],"tags":[14850,303,2960,188,948,42,38,40,39,41,136,10977,128,2961,47,127,135,126],"class_list":["post-69517","post","type-post","status-publish","format-standard","has-post-thumbnail","category-sport","tag-betfan_relacje_laliga","tag-fc_barcelona","tag-la_liga","tag-liveblog","tag-pilka_nozna","tag-pl","tag-poland","tag-polish","tag-polska","tag-polski","tag-ps_detal_new","tag-ps_sts_tst0","tag-psv2","tag-real_madryt","tag-screening_general","tag-sport","tag-sport_sport","tag-sports"],"share_on_mastodon":{"url":"https:\/\/pubeurope.com\/@pl\/115441151698198151","error":""},"_links":{"self":[{"href":"https:\/\/www.europesays.com\/pl\/wp-json\/wp\/v2\/posts\/69517","targetHints":{"allow":["GET"]}}],"collection":[{"href":"https:\/\/www.europesays.com\/pl\/wp-json\/wp\/v2\/posts"}],"about":[{"href":"https:\/\/www.europesays.com\/pl\/wp-json\/wp\/v2\/types\/post"}],"author":[{"embeddable":true,"href":"https:\/\/www.europesays.com\/pl\/wp-json\/wp\/v2\/users\/2"}],"replies":[{"embeddable":true,"href":"https:\/\/www.europesays.com\/pl\/wp-json\/wp\/v2\/comments?post=69517"}],"version-history":[{"count":0,"href":"https:\/\/www.europesays.com\/pl\/wp-json\/wp\/v2\/posts\/69517\/revisions"}],"wp:featuredmedia":[{"embeddable":true,"href":"https:\/\/www.europesays.com\/pl\/wp-json\/wp\/v2\/media\/69518"}],"wp:attachment":[{"href":"https:\/\/www.europesays.com\/pl\/wp-json\/wp\/v2\/media?parent=69517"}],"wp:term":[{"taxonomy":"category","embeddable":true,"href":"https:\/\/www.europesays.com\/pl\/wp-json\/wp\/v2\/categories?post=69517"},{"taxonomy":"post_tag","embeddable":true,"href":"https:\/\/www.europesays.com\/pl\/wp-json\/wp\/v2\/tags?post=69517"}],"curies":[{"name":"wp","href":"https:\/\/api.w.org\/{rel}","templated":true}]}}