{"id":69521,"date":"2025-10-26T15:26:08","date_gmt":"2025-10-26T15:26:08","guid":{"rendered":"https:\/\/www.europesays.com\/pl\/69521\/"},"modified":"2025-10-26T15:26:08","modified_gmt":"2025-10-26T15:26:08","slug":"tusk-apeluje-odwolajcie-te-niemadra-decyzje-pis-u","status":"publish","type":"post","link":"https:\/\/www.europesays.com\/pl\/69521\/","title":{"rendered":"Tusk apeluje. &#8222;Odwo\u0142ajcie t\u0119 niem\u0105dr\u0105 decyzj\u0119 PiS-u&#8221;"},"content":{"rendered":"<p>Premier Donald Tusk podczas niedzielnej konwencji Koalicji Obywatelskiej skierowa\u0142 apel do wszystkich ugrupowa\u0144 politycznych o\u00a0zniesienie decyzji Prawa i\u00a0Sprawiedliwo\u015bci dotycz\u0105cej ograniczenia liczby kadencji w\u00a0samorz\u0105dach. W\u00a0wyst\u0105pieniu podkre\u015bli\u0142, jak wa\u017cna jest niezale\u017cno\u015b\u0107 w\u0142adz lokalnych od decyzji partyjnych.<\/p>\n<p>Podczas wydarzenia, kt\u00f3re odby\u0142o si\u0119 w\u00a0Centrum Nauki Kopernik, premier odni\u00f3s\u0142 si\u0119 do historii wprowadzenia wybor\u00f3w bezpo\u015brednich dla w\u00f3jt\u00f3w, burmistrz\u00f3w i\u00a0prezydent\u00f3w miast. Wspomnia\u0142 o\u00a0swoim udziale w\u00a0tym procesie:<\/p>\n<p>&#8211; Akurat to ja wywalczy\u0142em, \u017ce w\u00f3jt, burmistrz i\u00a0prezydent miasta s\u0105 wybierani w\u00a0Polsce w\u00a0wyborach bezpo\u015brednich. \u017be to ludzie, wyborcy, a\u00a0nie partie, nie jakie\u015b mafie, nie jakie\u015b grupy interesu, tylko ludzie w\u00a0powszechnych wyborach wybieraj\u0105 swojego w\u00f3jta, swoj\u0105 pani\u0105 burmistrz, pani\u0105 czy pana prezydent miasta &#8211;\u00a0podkre\u015bli\u0142 Donald Tusk.<\/p>\n","protected":false},"excerpt":{"rendered":"Premier Donald Tusk podczas niedzielnej konwencji Koalicji Obywatelskiej skierowa\u0142 apel do wszystkich ugrupowa\u0144 politycznych o\u00a0zniesienie decyzji Prawa i\u00a0Sprawiedliwo\u015bci&hellip;\n","protected":false},"author":2,"featured_media":69522,"comment_status":"","ping_status":"","sticky":false,"template":"","format":"standard","meta":{"footnotes":""},"categories":[12],"tags":[32,33,36,37,27,34,35,28,31,25,42,38,40,39,41,29,30,26],"class_list":{"0":"post-69521","1":"post","2":"type-post","3":"status-publish","4":"format-standard","5":"has-post-thumbnail","7":"category-polska","8":"tag-breaking-news","9":"tag-breakingnews","10":"tag-featured-news","11":"tag-featurednews","12":"tag-headlines","13":"tag-latest-news","14":"tag-latestnews","15":"tag-naglowki","16":"tag-najwazniejsze-artykuly","17":"tag-news","18":"tag-pl","19":"tag-poland","20":"tag-polish","21":"tag-polska","22":"tag-polski","23":"tag-top-stories","24":"tag-topstories","25":"tag-wiadomosci"},"share_on_mastodon":{"url":"https:\/\/pubeurope.com\/@pl\/115441171687953346","error":""},"_links":{"self":[{"href":"https:\/\/www.europesays.com\/pl\/wp-json\/wp\/v2\/posts\/69521","targetHints":{"allow":["GET"]}}],"collection":[{"href":"https:\/\/www.europesays.com\/pl\/wp-json\/wp\/v2\/posts"}],"about":[{"href":"https:\/\/www.europesays.com\/pl\/wp-json\/wp\/v2\/types\/post"}],"author":[{"embeddable":true,"href":"https:\/\/www.europesays.com\/pl\/wp-json\/wp\/v2\/users\/2"}],"replies":[{"embeddable":true,"href":"https:\/\/www.europesays.com\/pl\/wp-json\/wp\/v2\/comments?post=69521"}],"version-history":[{"count":0,"href":"https:\/\/www.europesays.com\/pl\/wp-json\/wp\/v2\/posts\/69521\/revisions"}],"wp:featuredmedia":[{"embeddable":true,"href":"https:\/\/www.europesays.com\/pl\/wp-json\/wp\/v2\/media\/69522"}],"wp:attachment":[{"href":"https:\/\/www.europesays.com\/pl\/wp-json\/wp\/v2\/media?parent=69521"}],"wp:term":[{"taxonomy":"category","embeddable":true,"href":"https:\/\/www.europesays.com\/pl\/wp-json\/wp\/v2\/categories?post=69521"},{"taxonomy":"post_tag","embeddable":true,"href":"https:\/\/www.europesays.com\/pl\/wp-json\/wp\/v2\/tags?post=69521"}],"curies":[{"name":"wp","href":"https:\/\/api.w.org\/{rel}","templated":true}]}}