{"id":69729,"date":"2025-10-26T18:36:09","date_gmt":"2025-10-26T18:36:09","guid":{"rendered":"https:\/\/www.europesays.com\/pl\/69729\/"},"modified":"2025-10-26T18:36:09","modified_gmt":"2025-10-26T18:36:09","slug":"zmarnowal-karnego-dwa-razy-szok-w-hicie-i-ligi-i-ta-odpowiedz-wisly-krakow","status":"publish","type":"post","link":"https:\/\/www.europesays.com\/pl\/69729\/","title":{"rendered":"Zmarnowa\u0142 karnego dwa razy! Szok w hicie I ligi. I ta odpowied\u017a Wis\u0142y Krak\u00f3w"},"content":{"rendered":"<p class=\"Paragraph_desktopParagraph__Fd2e9\">Niedzielne starcie wcale nie musia\u0142o by\u0107 spacerkiem dla lideruj\u0105cej Wis\u0142y Krak\u00f3w. Na Reymonta przyjecha\u0142a bowiem Stal Rzesz\u00f3w, a zatem dru\u017cyna radz\u0105ca sobie nadspodziewanie dobrze w trwaj\u0105cym sezonie Betclic 1 Ligi. Dru\u017cyna prowadzona przez Marka Zuba przed pierwszym gwizdkiem zajmowa\u0142a si\u00f3dme miejsce w tabeli, znajduj\u0105c si\u0119 tu\u017c pod stref\u0105 bara\u017cow\u0105.<\/p>\n<p class=\"Paragraph_desktopParagraph__Fd2e9\">Ale zadanie rzeszowian by\u0142o bardzo trudne, bo w Krakowie musieli rzuci\u0107 wyzwanie dru\u017cynie, kt\u00f3ra w tym sezonie przegra\u0142a ledwie jeden raz. Faworyt tego spotkania m\u00f3g\u0142 by\u0107 tylko jeden, a niedzielny mecz nie m\u00f3g\u0142 rozpocz\u0105\u0107 si\u0119 dla niego lepiej. Na pierwsz\u0105 fantastyczn\u0105 okazj\u0119 przysz\u0142o nam bowiem czeka\u0107 ledwie cztery minuty.<\/p>\n<p class=\"VideoPlayerText_videoPlayerText__zrtJk\">Dalszy ci\u0105g materia\u0142u pod wideo<\/p>\n<p>Genialny pocz\u0105tek Wis\u0142y Krak\u00f3w! Cztery minuty<\/p>\n<p class=\"Paragraph_desktopParagraph__Fd2e9\">W pole karne z prawej strony boiska pi\u0142k\u0119 do\u015brodkowa\u0142 Maciej Kuziemka. Do futbol\u00f3wki dopad\u0142 Julius Ertlthaler, kt\u00f3ry poprawi\u0142 sobie jeszcze pozycj\u0119 do strza\u0142u i pewnym uderzeniem pokona\u0142 Swiatos\u0142awa Waniwskiego. Bia\u0142a Gwiazda bardzo szybko wypracowa\u0142a sobie przewag\u0119, a teraz mog\u0142a pracowa\u0107 nad tym, by j\u0105 podwy\u017cszy\u0107.<\/p>\n<p class=\"Paragraph_desktopParagraph__Fd2e9\">I do tego w\u0142a\u015bnie d\u0105\u017cy\u0142a \u2014 kolejne minuty sta\u0142y pod znakiem dominacji Wis\u0142y, kt\u00f3ra raz za razem naciska\u0142a w okolicach pola karnego Stali, ale do przerwy wi\u0119cej bramek ju\u017c nie ogl\u0105dali\u015bmy.<\/p>\n<p class=\"Paragraph_desktopParagraph__Fd2e9\">W drugiej po\u0142owie Wis\u0142a atakowa\u0142a dalej, ale pierwsza wy\u015bmienita okazja nale\u017ca\u0142a do Stali Rzesz\u00f3w. Go\u015bcie otrzymali bowiem rzut karny, ale bohaterem Wis\u0142y zosta\u0142 Patryk Letkiewicz, kt\u00f3ry obroni\u0142 uderzenie Jonathana Juniora. Co ciekawe, s\u0119dzia nakaza\u0142 powt\u00f3rk\u0119 tego uderzenia, ale Junior&#8230; uderzy\u0142 tym razem niecelnie w spos\u00f3b wr\u0119cz komiczny.<\/p>\n<p class=\"Paragraph_desktopParagraph__Fd2e9\">Stal wci\u0105\u017c by\u0142a w pot\u0119\u017cnych tarapatach, a cztery minuty p\u00f3\u017aniej otrzyma\u0142a kolejny cios. Pi\u0142ka z lewej strony boiska trafi\u0142a pod nogi Angela Rodado, kt\u00f3ry z kilkunastu metr\u00f3w strzeli\u0142 gola na 2:0. Niewykorzystana wymarzona sytuacja zem\u015bci\u0142a si\u0119 na rzeszowianach b\u0142yskawicznie, a Wis\u0142a by\u0142a o ma\u0142y krok od zwyci\u0119stwa. Pozosta\u0142o utrzyma\u0107 koncentracj\u0119 przez kolejne kilkana\u015bcie minut.<\/p>\n<p>Cios za cios! Gor\u0105co w ko\u0144c\u00f3wce meczu Wis\u0142y<\/p>\n<p class=\"Paragraph_desktopParagraph__Fd2e9\">To zadanie szybko okaza\u0142o si\u0119 bardzo trudne. A to dlatego, \u017ce ledwie kilka minut p\u00f3\u017aniej Stal zareagowa\u0142a, zdobywaj\u0105c bramk\u0119 kontaktow\u0105. Bohaterem zosta\u0142 Seif Darwish, rezerwowy, kt\u00f3ry wszed\u0142 na muraw\u0119 ledwo dwie minuty wcze\u015bniej. \u015awietnie odnalaz\u0142 si\u0119 z pi\u0142k\u0105 w polu karnym i uderzy\u0142 z p\u00f3\u0142obrotu, sprawiaj\u0105c ogromny k\u0142opot Letkiewiczowi.<\/p>\n<p class=\"Paragraph_desktopParagraph__Fd2e9\">Ale Wis\u0142a odpowiedzia\u0142a w najlepszy mo\u017cliwy spos\u00f3b, a przynajmniej tak si\u0119 wydawa\u0142o. Po dograniu Angela Rodado z lewej strony boiska dosz\u0142o do rykoszetu, a pi\u0142ka lecia\u0142a w kierunku bramki. Waniwski pope\u0142ni\u0142 bolesny b\u0142\u0105d, wypuszczaj\u0105c pi\u0142k\u0119 z r\u0105k, a z metra do pustej bramki akcj\u0119 zako\u0144czy\u0142 Marko Bozic. S\u0119dzia nie uzna\u0142 jednak tego gola, wi\u0119c Bia\u0142a Gwiazda wci\u0105\u017c musia\u0142a dr\u017ce\u0107. Powodem by\u0142o zagranie r\u0119k\u0105 Bozicia.<\/p>\n<p class=\"Paragraph_desktopParagraph__Fd2e9\">I cho\u0107 do ko\u0144ca by\u0142o nerwowo, a Stal regularnie wchodzi\u0142a w pole karne Wis\u0142y, wi\u0119cej korzystnych sytuacji ju\u017c nie mia\u0142a. Go\u015bcie mog\u0105 dzi\u015b ju\u017c tylko \u017ca\u0142owa\u0107, \u017ce nie uda\u0142o si\u0119 wykorzysta\u0107 a\u017c dw\u00f3ch szans z rzutu karnego, bo gdyby nie ta sytuacja, ca\u0142y mecz m\u00f3g\u0142 u\u0142o\u017cy\u0107 si\u0119 dla nich zupe\u0142nie inaczej.<\/p>\n","protected":false},"excerpt":{"rendered":"Niedzielne starcie wcale nie musia\u0142o by\u0107 spacerkiem dla lideruj\u0105cej Wis\u0142y Krak\u00f3w. Na Reymonta przyjecha\u0142a bowiem Stal Rzesz\u00f3w, a&hellip;\n","protected":false},"author":2,"featured_media":69730,"comment_status":"","ping_status":"","sticky":false,"template":"","format":"standard","meta":{"footnotes":"","_share_on_mastodon":"0"},"categories":[5],"tags":[2352,32,33,36,37,27,7229,67,34,35,28,31,25,549,42,38,40,39,41,136,10977,128,47,135,9408,29,30,26,130,2354],"class_list":["post-69729","post","type-post","status-publish","format-standard","has-post-thumbnail","category-naglowki","tag-1_liga","tag-breaking-news","tag-breakingnews","tag-featured-news","tag-featurednews","tag-headlines","tag-i_liga","tag-intextvideo_splayer","tag-latest-news","tag-latestnews","tag-naglowki","tag-najwazniejsze-artykuly","tag-news","tag-pber","tag-pl","tag-poland","tag-polish","tag-polska","tag-polski","tag-ps_detal_new","tag-ps_sts_tst0","tag-psv2","tag-screening_general","tag-sport_sport","tag-stal_rzeszow","tag-top-stories","tag-topstories","tag-wiadomosci","tag-wiadomosci_sportowe","tag-wisla_krakow"],"share_on_mastodon":{"url":"https:\/\/pubeurope.com\/@pl\/115441918631420924","error":""},"_links":{"self":[{"href":"https:\/\/www.europesays.com\/pl\/wp-json\/wp\/v2\/posts\/69729","targetHints":{"allow":["GET"]}}],"collection":[{"href":"https:\/\/www.europesays.com\/pl\/wp-json\/wp\/v2\/posts"}],"about":[{"href":"https:\/\/www.europesays.com\/pl\/wp-json\/wp\/v2\/types\/post"}],"author":[{"embeddable":true,"href":"https:\/\/www.europesays.com\/pl\/wp-json\/wp\/v2\/users\/2"}],"replies":[{"embeddable":true,"href":"https:\/\/www.europesays.com\/pl\/wp-json\/wp\/v2\/comments?post=69729"}],"version-history":[{"count":0,"href":"https:\/\/www.europesays.com\/pl\/wp-json\/wp\/v2\/posts\/69729\/revisions"}],"wp:featuredmedia":[{"embeddable":true,"href":"https:\/\/www.europesays.com\/pl\/wp-json\/wp\/v2\/media\/69730"}],"wp:attachment":[{"href":"https:\/\/www.europesays.com\/pl\/wp-json\/wp\/v2\/media?parent=69729"}],"wp:term":[{"taxonomy":"category","embeddable":true,"href":"https:\/\/www.europesays.com\/pl\/wp-json\/wp\/v2\/categories?post=69729"},{"taxonomy":"post_tag","embeddable":true,"href":"https:\/\/www.europesays.com\/pl\/wp-json\/wp\/v2\/tags?post=69729"}],"curies":[{"name":"wp","href":"https:\/\/api.w.org\/{rel}","templated":true}]}}