{"id":69827,"date":"2025-10-26T19:58:11","date_gmt":"2025-10-26T19:58:11","guid":{"rendered":"https:\/\/www.europesays.com\/pl\/69827\/"},"modified":"2025-10-26T19:58:11","modified_gmt":"2025-10-26T19:58:11","slug":"przelom-przed-trump-xi-usa-i-chiny-unikna-wojny-handlowej","status":"publish","type":"post","link":"https:\/\/www.europesays.com\/pl\/69827\/","title":{"rendered":"Prze\u0142om przed Trump-Xi. USA i Chiny unikn\u0105 wojny handlowej?"},"content":{"rendered":"\n<p>&#13;<br \/>\nSekretarz skarbu USA Scott Bessent powiedzia\u0142 w\u00a0niedziel\u0119, \u017ce\u00a0uda\u0142o si\u0119 wypracowa\u0107 &#8222;bardzo istotne porozumienie&#8221; na\u00a0&#8222;konstruktywnym&#8221; spotkaniu z\u00a0wicepremierem Chin He Lifengiem. Politycy rozmawiali w\u00a0Kuala Lumpur, stolicy Malezji. Porozumienie ma\u00a0umo\u017cliwi\u0107 unikni\u0119cie 100-procentowych ce\u0142 ameryka\u0144skich na\u00a0towary z\u00a0Pa\u0144stwa \u015arodka i\u00a0op\u00f3\u017ani\u0107 chi\u0144skie kontrole eksportowe w\u00a0zakresie pierwiastk\u00f3w ziem rzadkich. Chi\u0144skie kontrole i\u00a0ameryka\u0144skie c\u0142a maj\u0105 zacz\u0105\u0107 obowi\u0105zywa\u0107 od\u00a01 listopada. &#13;\n<\/p>\n<p>&#8222;Wojna handlowa&#8221; nie\u00a0rozgorzeje? <\/p>\n<p>&#13;<br \/>\nTo reakcja na\u00a0bezprecedensowy ruch Pekinu. Ot\u00f3\u017c Pa\u0144stwo \u015arodka og\u0142osi\u0142o, \u017ce\u00a0<a href=\"https:\/\/dorzeczy.pl\/swiat\/790869\/trump-sie-wsciekl-grozi-chinom-odwetem-i-clami.html\" rel=\"nofollow noopener\" target=\"_blank\">zaostrza kontrole<\/a> nad eksportem produkt\u00f3w zwi\u0105zanych z\u00a0metalami ziem rzadkich, co\u00a0stanowi olbrzymie wyzwanie USA i\u00a0Europy. Ekspert ds. Chin prof. Bogdan G\u00f3ralczyk oceni\u0142, \u017ce\u00a0Chiny zagra\u0142y w\u00a0tej sprawie jak prawdziwe \u015bwiatowe mocarstwo. W\u00a0tym tygodniu w\u0142a\u015bnie m.in. o\u00a0tym w\u00a0Korei Po\u0142udniowej osobi\u015bcie rozmawia\u0107 b\u0119d\u0105 Donald Trump i\u00a0Chin Xi Jinping. &#13;\n<\/p>\n<p>&#13;<br \/>\nPrezydent USA rozpocz\u0105\u0142 w\u00a0niedziel\u0119 podr\u00f3\u017c do\u00a0Azji, w\u00a0ramach kt\u00f3rej we\u017amie udzia\u0142 w\u00a0szczycie Stowarzyszenia Narod\u00f3w Azji Po\u0142udniowo-Wschodniej (ASEAN). Administracja Trumpa komunikuje, \u017ce\u00a0chce on zako\u0144czy\u0107 &#8222;wojn\u0119 handlow\u0105&#8221; mi\u0119dzy USA a\u00a0Chinami. Po\u00a0ASEAN Trump uda si\u0119 na\u00a0spotkanie Wsp\u00f3lnoty Gospodarczej Azji i\u00a0Pacyfiku (APEC), gdzie porozmawia z\u00a0przyw\u00f3dc\u0105 Chin. &#13;\n<\/p>\n<p>Trump bliski porozumienia z\u00a0Chinami? <\/p>\n<p>&#13;<br \/>\nW wywiadzie na\u00a0antenie NBC &#8222;Meet the\u00a0Press&#8221; Bessent powiedzia\u0142, \u017ce\u00a0porozumienie osi\u0105gni\u0119te w\u00a0Kuala Lumpur w\u00a0Malezji \u2013\u00a0gdzie prezydent USA podpisa\u0142 szereg um\u00f3w handlowych \u2013\u00a0pozwoli prezydentowi Trumpowi i\u00a0Xi Jinpingowi om\u00f3wi\u0107 w\u00a0przysz\u0142ym tygodniu dalsz\u0105 wsp\u00f3\u0142prac\u0119 handlow\u0105 i\u00a0opanowa\u0107 sytuacj\u0119. Porozumienie mia\u0142oby prowadzi\u0107 do\u00a0bardziej zr\u00f3wnowa\u017conego handlu mi\u0119dzy Stanami Zjednoczonymi a\u00a0Chinami. Amerykanie chc\u0105 m.in., by\u00a0Chi\u0144czycy kupowali od\u00a0nich soj\u0119 i\u00a0inne produkty rolne oraz\u00a0na\u00a0powa\u017cnie wzi\u0119\u0142y si\u0119 za\u00a0walk\u0119 fentanylem, kt\u00f3ry nap\u0142ywa stamt\u0105d do\u00a0Stan\u00f3w. &#13;\n<\/p>\n<p>&#13;<br \/>\nZapytany, czy\u00a0spodziewa si\u0119, \u017ce\u00a0Waszyngton zrealizuje <a href=\"https:\/\/dorzeczy.pl\/ekonomia\/791016\/trump-naklada-dodatkowe-cla-na-chiny.html\" rel=\"nofollow noopener\" target=\"_blank\">gro\u017ab\u0119 Trumpa dotycz\u0105c\u0105 na\u0142o\u017cenia 100 proc. ce\u0142<\/a> na\u00a0chi\u0144skie towary, Bessent odpowiedzia\u0142: &#8222;Nie, nie\u00a0spodziewam si\u0119 tego, a\u00a0ponadto oczekuj\u0119, \u017ce\u00a0uzyskamy pewnego rodzaju odroczenie kontroli eksportu pierwiastk\u00f3w ziem rzadkich, o\u00a0kt\u00f3rym m\u00f3wi\u0105 Chi\u0144czycy&#8221;. Bessent doda\u0142, \u017ce\u00a0ostateczne warunki na\u00a0pewno zostan\u0105 ustalone przez obu przyw\u00f3dc\u00f3w. &#13;\n<\/p>\n<p>&#13;<br \/>\nSpotkanie Trumpa z Xi w Korei Po\u0142udniowej na\u00a0marginesie szczytu APEC jest zaplanowane na\u00a030 pa\u017adziernika. &#13;\n<\/p>\n<p>&#13;<br \/>\nCzytaj te\u017c:<br \/><a href=\"https:\/\/dorzeczy.pl\/swiat\/797166\/postanowienia-plenum-partii-w-chinach-potezne-plany-pekinu.html\" rel=\"follow nofollow noopener\" data-schema=\"DORZECZY\" data-image=\"https:\/\/img.dorzeczy.pl\/_thumb\/59\/21\/0a039d809b5fe5e0d356f2268058.jpeg\" target=\"_blank\">Postanowienia plenum w\u00a0Chinach. Pot\u0119\u017cne plany Pekinu<\/a>&#13;<\/p>\n","protected":false},"excerpt":{"rendered":"&#13; Sekretarz skarbu USA Scott Bessent powiedzia\u0142 w\u00a0niedziel\u0119, \u017ce\u00a0uda\u0142o si\u0119 wypracowa\u0107 &#8222;bardzo istotne porozumienie&#8221; na\u00a0&#8222;konstruktywnym&#8221; spotkaniu z\u00a0wicepremierem Chin&hellip;\n","protected":false},"author":2,"featured_media":69828,"comment_status":"","ping_status":"","sticky":false,"template":"","format":"standard","meta":{"footnotes":"","_share_on_mastodon":"0"},"categories":[14],"tags":[32,33,85,98,105,111,27,34,35,17520,28,31,25,103,102,40,41,17522,80,29,30,597,95,17521,71,26,13036,82,83,84,17519],"class_list":["post-69827","post","type-post","status-publish","format-standard","has-post-thumbnail","category-swiat","tag-breaking-news","tag-breakingnews","tag-chiny","tag-dorzeczy","tag-ekonomia","tag-grzegorz-grzymowicz","tag-headlines","tag-latest-news","tag-latestnews","tag-metale","tag-naglowki","tag-najwazniejsze-artykuly","tag-news","tag-obserwator-mediow","tag-opinie","tag-polish","tag-polski","tag-scott-bessent","tag-swiat","tag-top-stories","tag-topstories","tag-trump","tag-umowa","tag-umowa-handlowa","tag-usa","tag-wiadomosci","tag-wojna-handlowa","tag-world","tag-world-news","tag-worldnews","tag-ziem-rzadkich"],"share_on_mastodon":{"url":"https:\/\/pubeurope.com\/@pl\/115442240976129962","error":""},"_links":{"self":[{"href":"https:\/\/www.europesays.com\/pl\/wp-json\/wp\/v2\/posts\/69827","targetHints":{"allow":["GET"]}}],"collection":[{"href":"https:\/\/www.europesays.com\/pl\/wp-json\/wp\/v2\/posts"}],"about":[{"href":"https:\/\/www.europesays.com\/pl\/wp-json\/wp\/v2\/types\/post"}],"author":[{"embeddable":true,"href":"https:\/\/www.europesays.com\/pl\/wp-json\/wp\/v2\/users\/2"}],"replies":[{"embeddable":true,"href":"https:\/\/www.europesays.com\/pl\/wp-json\/wp\/v2\/comments?post=69827"}],"version-history":[{"count":0,"href":"https:\/\/www.europesays.com\/pl\/wp-json\/wp\/v2\/posts\/69827\/revisions"}],"wp:featuredmedia":[{"embeddable":true,"href":"https:\/\/www.europesays.com\/pl\/wp-json\/wp\/v2\/media\/69828"}],"wp:attachment":[{"href":"https:\/\/www.europesays.com\/pl\/wp-json\/wp\/v2\/media?parent=69827"}],"wp:term":[{"taxonomy":"category","embeddable":true,"href":"https:\/\/www.europesays.com\/pl\/wp-json\/wp\/v2\/categories?post=69827"},{"taxonomy":"post_tag","embeddable":true,"href":"https:\/\/www.europesays.com\/pl\/wp-json\/wp\/v2\/tags?post=69827"}],"curies":[{"name":"wp","href":"https:\/\/api.w.org\/{rel}","templated":true}]}}