{"id":69890,"date":"2025-10-26T20:43:08","date_gmt":"2025-10-26T20:43:08","guid":{"rendered":"https:\/\/www.europesays.com\/pl\/69890\/"},"modified":"2025-10-26T20:43:08","modified_gmt":"2025-10-26T20:43:08","slug":"trener-barcelony-oglasza-w-sprawie-roberta-lewandowskiego-po-el-clasico-jasne-deklaracja-przeglad-sportowy-onet","status":"publish","type":"post","link":"https:\/\/www.europesays.com\/pl\/69890\/","title":{"rendered":"Trener Barcelony og\u0142asza w sprawie Roberta Lewandowskiego po El Clasico. Jasne deklaracja &#8211; Przegl\u0105d Sportowy Onet"},"content":{"rendered":"<ol>\n<li><a href=\"https:\/\/news.google.com\/rss\/articles\/CBMi1AFBVV95cUxQbW9oaDJSemNId0R3ZG9RTlA3dzBETWVMVFN6ODBFUVdWejJfbXoyNUNSbVlIZEN3VHlTRFpVUnlQQnd1OGUzVkw5QUdyWmpVdmlSSkp1azNLa05qZ3Z2bFNaczlsOVhlUE5TOHQwckJYN3pjZ1hQa29aSTdqZmNKSERLVEJFenNzQUtQQmpMRElneklwODZuSktZQmo2X0xvR3VxdHI5aU9lbGFJdXBTWnA1S0VQSlhBdzA4b2NCLXdDVUpuV193YmFWblUzNEUwMHNQMw?oc=5\" target=\"_blank\" rel=\"nofollow noopener\">Trener Barcelony og\u0142asza w sprawie Roberta Lewandowskiego po El Clasico. Jasne deklaracja<\/a>&nbsp;&nbsp;Przegl\u0105d Sportowy Onet<\/li>\n<li><a href=\"https:\/\/news.google.com\/rss\/articles\/CBMiwAFBVV95cUxPYVRBQjI4STRxLXRzUFl0a256MzJ3Q3ZwTlR0RVUwRWphRFVfTUZwTDZUZjBzcll4VzR2UkljSXJYN1Fvby1VQ0RJWGFBTjRocW1iNEtMWmRwTkh0WEc3UzhyMFhZUlFiam9BTHM2dUJleGJsVEl4TFFpb3NMSUFWYVFNbVk4MWVRcGNIQVBRUkZyZXIzb0FFUFE3a3J0NGo5LWRxUzI4NmxlSUdHbTdKbDlGNWxKMFhOUnZIR01aNm4?oc=5\" target=\"_blank\" rel=\"nofollow noopener\">Zero punkt\u00f3w Barcelony, zero goli Lewandowskiego. Trzy mecze do wymazania<\/a>&nbsp;&nbsp;Sport Interia<\/li>\n<li><a href=\"https:\/\/news.google.com\/rss\/articles\/CBMiuwFBVV95cUxQZmRITkZhamt3RGdETWR0cVpZSk9qc2l2a21Qc1UyR1lMQUZ3enV6V1M2b09KSGthcG1UM0tjVVA2a3VXbWd2LTBvMi12QVFMaUxINEFDTVI1YmlRbmlWT2dyTWhLSkZ3amNUZG5hOG0xMGIyZEhvSFFpcFFjWDhLcUFwU2wwbU9pb1oxR0dlVnpWUWlpbElQWWR0TFczX2dfUkdEc25yWVRTRGIyUGItMFd5QnJSbVl6WDRj?oc=5\" target=\"_blank\" rel=\"nofollow noopener\">Przyzna\u0142 to szczerze: &#8222;brakuje nam Lewandowskiego&#8221;<\/a>&nbsp;&nbsp;SportoweFakty<\/li>\n<li><a href=\"https:\/\/news.google.com\/rss\/articles\/CBMirAFBVV95cUxPWlhmODRqYmhNTklURzlZc3VjY3pZS1AtTXFaZWhWYjctREdhU25RbUdLRnVNb1NhR3VHdllRMHdiektMc0tsSjcxRVNIcEZBeUg5WUhCaWtWX1hiNEJOdmc5RTBQTGU2eTBEXzVubFo2VWVVZ0xqcF94cGhJNVFoZE5jV3F4YlctN29iSXdBazM5cHAwV3MxSGd3MlBSZGJINWdTMnpTU0NRa25Q?oc=5\" target=\"_blank\" rel=\"nofollow noopener\">Flick nie pojawi\u0142 si\u0119 na konferencji po El Clasico. Nagle pad\u0142o: 'Lewandowski&#8217; Pi\u0142ka no\u017cna<\/a>&nbsp;&nbsp;Sport.pl<\/li>\n<li><a href=\"https:\/\/news.google.com\/rss\/articles\/CBMirAFBVV95cUxOV2xHaFkyZFNpbkdRaWRCUUNJNlpscy1CZFZsMFdDSGNfU0E4QVBpTHc0VmF5VVJaamNQc2JrdWk5U1pnS0ktRmNsUzE0Qmp4elFmQldaaGlTalkzQ1BFRk5wdElWeThlSFphVk11MnRkN2tnakh0dlp4eldFdTZLX2djckdoOGlrdmVnM0hBbC0weEkycFVGWTNMMjJlckNheEhyejJrckZhX05R?oc=5\" target=\"_blank\" rel=\"nofollow noopener\">Asystent Flicka oceni\u0142 Yamala. Pad\u0142o nazwisko Lewandowskiego<\/a>&nbsp;&nbsp;Meczyki.pl<\/li>\n<\/ol>\n","protected":false},"excerpt":{"rendered":"Trener Barcelony og\u0142asza w sprawie Roberta Lewandowskiego po El Clasico. Jasne deklaracja&nbsp;&nbsp;Przegl\u0105d Sportowy Onet Zero punkt\u00f3w Barcelony, zero&hellip;\n","protected":false},"author":2,"featured_media":69891,"comment_status":"","ping_status":"","sticky":false,"template":"","format":"standard","meta":{"footnotes":"","_share_on_mastodon":"0"},"categories":[24],"tags":[303,67,2051,746,42,38,40,39,41,136,10977,128,2961,300,47,127,135,126,1789],"class_list":["post-69890","post","type-post","status-publish","format-standard","has-post-thumbnail","category-sport","tag-fc_barcelona","tag-intextvideo_splayer","tag-laliga","tag-lysy","tag-pl","tag-poland","tag-polish","tag-polska","tag-polski","tag-ps_detal_new","tag-ps_sts_tst0","tag-psv2","tag-real_madryt","tag-robert_lewandowski","tag-screening_general","tag-sport","tag-sport_sport","tag-sports","tag-wojciech_szczesny"],"share_on_mastodon":{"url":"https:\/\/pubeurope.com\/@pl\/115442417833042592","error":""},"_links":{"self":[{"href":"https:\/\/www.europesays.com\/pl\/wp-json\/wp\/v2\/posts\/69890","targetHints":{"allow":["GET"]}}],"collection":[{"href":"https:\/\/www.europesays.com\/pl\/wp-json\/wp\/v2\/posts"}],"about":[{"href":"https:\/\/www.europesays.com\/pl\/wp-json\/wp\/v2\/types\/post"}],"author":[{"embeddable":true,"href":"https:\/\/www.europesays.com\/pl\/wp-json\/wp\/v2\/users\/2"}],"replies":[{"embeddable":true,"href":"https:\/\/www.europesays.com\/pl\/wp-json\/wp\/v2\/comments?post=69890"}],"version-history":[{"count":0,"href":"https:\/\/www.europesays.com\/pl\/wp-json\/wp\/v2\/posts\/69890\/revisions"}],"wp:featuredmedia":[{"embeddable":true,"href":"https:\/\/www.europesays.com\/pl\/wp-json\/wp\/v2\/media\/69891"}],"wp:attachment":[{"href":"https:\/\/www.europesays.com\/pl\/wp-json\/wp\/v2\/media?parent=69890"}],"wp:term":[{"taxonomy":"category","embeddable":true,"href":"https:\/\/www.europesays.com\/pl\/wp-json\/wp\/v2\/categories?post=69890"},{"taxonomy":"post_tag","embeddable":true,"href":"https:\/\/www.europesays.com\/pl\/wp-json\/wp\/v2\/tags?post=69890"}],"curies":[{"name":"wp","href":"https:\/\/api.w.org\/{rel}","templated":true}]}}