{"id":70159,"date":"2025-10-27T05:18:07","date_gmt":"2025-10-27T05:18:07","guid":{"rendered":"https:\/\/www.europesays.com\/pl\/70159\/"},"modified":"2025-10-27T05:18:07","modified_gmt":"2025-10-27T05:18:07","slug":"wyniki-wyborow-w-argentynie-sojusznik-trumpa-moze-liczyc-na-wsparcie-parlamentu","status":"publish","type":"post","link":"https:\/\/www.europesays.com\/pl\/70159\/","title":{"rendered":"Wyniki wybor\u00f3w w Argentynie. Sojusznik Trumpa mo\u017ce liczy\u0107 na wsparcie parlamentu"},"content":{"rendered":"<ul class=\"UnorderedList_container__nmfSl\">\n<li class=\"UnorderedList_listElement__Py7xi\" data-id=\"ai-summary-link\">Du\u017co czytania, a ma\u0142o czasu? Sprawd\u017a\u00a0skr\u00f3t\u00a0artyku\u0142u<\/li>\n<\/ul>\n<p class=\"Paragraph_desktopParagraph__U31Gm\">W wyborach do Izby Deputowanych w skali kraju partia Mileia, Wolno\u015b\u0107 Post\u0119puje (LLA), uzyska\u0142a prawie 41 proc. g\u0142os\u00f3w, podczas gdy jej g\u0142\u00f3wny przeciwnik, opozycyjna koalicja Si\u0142a Ojczyzny (FP), reprezentuj\u0105ca lewicowy ruch peronistowski, zdoby\u0142a nieca\u0142e 25 proc.<\/p>\n<p class=\"Paragraph_desktopParagraph__U31Gm\">Dziennik &#8222;La Nacion&#8221; oceni\u0142 te wyniki jako &#8222;przekonuj\u0105ce zwyci\u0119stwo&#8221; partii rz\u0105dz\u0105cej, a portal Infobae nazwa\u0142 je &#8222;kategorycznym triumfem&#8221; rz\u0105du. Wed\u0142ug dziennika &#8222;Clarin&#8221; przewaga LLA jest wi\u0119ksza od przewidywa\u0144.<\/p>\n<p class=\"VideoPlayerText_videoPlayerText__iDwyz\">Dalszy ci\u0105g materia\u0142u pod wideo<\/p>\n<ul class=\"OchatFollowUps_wrapper__1ry7X\">\n<li class=\"OchatFollowUps_item__Dhyly OchatFollowUps_itemDesktop__R6aBv\">Jakie by\u0142y wyniki wybor\u00f3w w Argentynie?<\/li>\n<li class=\"OchatFollowUps_item__Dhyly OchatFollowUps_itemDesktop__R6aBv\">Ile g\u0142os\u00f3w zdoby\u0142a partia Mileia?<\/li>\n<li class=\"OchatFollowUps_item__Dhyly OchatFollowUps_itemDesktop__R6aBv\">Kto by\u0142 g\u0142\u00f3wnym przeciwnikiem Mileia w wyborach?<\/li>\n<li class=\"OchatFollowUps_item__Dhyly OchatFollowUps_itemDesktop__R6aBv\">Jakie reformy planuje wprowadzi\u0107 Javier Milei?<\/li>\n<\/ul>\n<p class=\"Paragraph_desktopParagraph__U31Gm\">Komentatorzy podkre\u015blaj\u0105, \u017ce wzmocnienie reprezentacji w Kongresie u\u0142atwi Mileiowi wprowadzanie szeroko zakrojonych reform, wspieranych retorycznie i finansowo przez administracj\u0119 prezydenta USA Donalda Trumpa. Milei okre\u015blany jest jako jeden z najwi\u0119kszych sojusznik\u00f3w ideologicznych Trumpa w Ameryce \u0141aci\u0144skiej.<\/p>\n<p class=\"Paragraph_desktopParagraph__U31Gm\">W stolicy kraju, Buenos Aires, kandydat LLA pokona\u0142 rywala z FP r\u00f3\u017cnic\u0105 20 punkt\u00f3w procentowych. Wst\u0119pne wyniki wskazuj\u0105 te\u017c na nieznaczne zwyci\u0119stwo LLA w prowincji Buenos Aires, najludniejszej w kraju.<\/p>\n<p class=\"Paragraph_desktopParagraph__U31Gm\">Rz\u0105dz\u0105cy od grudnia 2023 r. Milei prowadzi polityk\u0119 &#8222;ci\u0119cia pi\u0142\u0105 \u0142a\u0144cuchow\u0105&#8221; wydatk\u00f3w publicznych, by wyci\u0105gn\u0105\u0107 kraj z kryzysu gospodarczego, kt\u00f3ry doprowadzi\u0142 do trzycyfrowej inflacji w skali roku. Prezydent d\u0105\u017cy do rozmontowania pa\u0144stwa opieku\u0144czego zbudowanego przez peronist\u00f3w, kt\u00f3rzy przez dziesi\u0119ciolecia dominowali w polityce kraju.<\/p>\n<p class=\"Paragraph_desktopParagraph__U31Gm\">W niedzielnych wyborach \u015brodka kadencji wy\u0142anianych by\u0142o 127 deputowanych, czyli prawie po\u0142owa ni\u017cszej izby argenty\u0144skiego Kongresu, oraz 24 senator\u00f3w, czyli jedna trzecia izby wy\u017cszej. Wed\u0142ug oblicze\u0144 &#8222;Clarin&#8221; LLA zdoby\u0142a w niedziel\u0119 64 miejsca w Izbie Deputowanych i 12 w Senacie.<\/p>\n<p class=\"Paragraph_desktopParagraph__U31Gm\">Frekwencja w wyborach wynios\u0142a nieca\u0142e 68 proc. i by\u0142a najni\u017csza od przywr\u00f3cenia w Argentynie demokracji w 1983 roku \u2014 poda\u0142a telewizja TN. Ponad 12 mln uprawnionych do g\u0142osowania nie posz\u0142o do urn, mimo \u017ce w Argentynie formalnie jest to obowi\u0105zkowe. Wybrani w niedziel\u0119 kongresmeni rozpoczn\u0105 kadencj\u0119 10 grudnia.<\/p>\n","protected":false},"excerpt":{"rendered":"Du\u017co czytania, a ma\u0142o czasu? Sprawd\u017a\u00a0skr\u00f3t\u00a0artyku\u0142u W wyborach do Izby Deputowanych w skali kraju partia Mileia, Wolno\u015b\u0107 Post\u0119puje&hellip;\n","protected":false},"author":2,"featured_media":70160,"comment_status":"","ping_status":"","sticky":false,"template":"","format":"standard","meta":{"footnotes":"","_share_on_mastodon":"0"},"categories":[16],"tags":[968,113,17559,112,58,67,17484,53,52,68,51,55,42,38,40,39,41,47,65,50,26,3654],"class_list":["post-70159","post","type-post","status-publish","format-standard","has-post-thumbnail","category-biznes","tag-argentyna","tag-biznes","tag-buenos_aires","tag-business","tag-donald_trump_prezydent_usa","tag-intextvideo_splayer","tag-javier_milei","tag-new_header","tag-onet3","tag-onet3d","tag-onet3d_2i","tag-phx","tag-pl","tag-poland","tag-polish","tag-polska","tag-polski","tag-screening_general","tag-update_me","tag-v2021","tag-wiadomosci","tag-wybory"],"share_on_mastodon":{"url":"https:\/\/pubeurope.com\/@pl\/115444442897730271","error":""},"_links":{"self":[{"href":"https:\/\/www.europesays.com\/pl\/wp-json\/wp\/v2\/posts\/70159","targetHints":{"allow":["GET"]}}],"collection":[{"href":"https:\/\/www.europesays.com\/pl\/wp-json\/wp\/v2\/posts"}],"about":[{"href":"https:\/\/www.europesays.com\/pl\/wp-json\/wp\/v2\/types\/post"}],"author":[{"embeddable":true,"href":"https:\/\/www.europesays.com\/pl\/wp-json\/wp\/v2\/users\/2"}],"replies":[{"embeddable":true,"href":"https:\/\/www.europesays.com\/pl\/wp-json\/wp\/v2\/comments?post=70159"}],"version-history":[{"count":0,"href":"https:\/\/www.europesays.com\/pl\/wp-json\/wp\/v2\/posts\/70159\/revisions"}],"wp:featuredmedia":[{"embeddable":true,"href":"https:\/\/www.europesays.com\/pl\/wp-json\/wp\/v2\/media\/70160"}],"wp:attachment":[{"href":"https:\/\/www.europesays.com\/pl\/wp-json\/wp\/v2\/media?parent=70159"}],"wp:term":[{"taxonomy":"category","embeddable":true,"href":"https:\/\/www.europesays.com\/pl\/wp-json\/wp\/v2\/categories?post=70159"},{"taxonomy":"post_tag","embeddable":true,"href":"https:\/\/www.europesays.com\/pl\/wp-json\/wp\/v2\/tags?post=70159"}],"curies":[{"name":"wp","href":"https:\/\/api.w.org\/{rel}","templated":true}]}}