{"id":70222,"date":"2025-10-27T06:25:07","date_gmt":"2025-10-27T06:25:07","guid":{"rendered":"https:\/\/www.europesays.com\/pl\/70222\/"},"modified":"2025-10-27T06:25:07","modified_gmt":"2025-10-27T06:25:07","slug":"kamil-semeniuk-gora-w-hicie-serie-a-zadecydowal-tie-break-przeglad-sportowy-onet","status":"publish","type":"post","link":"https:\/\/www.europesays.com\/pl\/70222\/","title":{"rendered":"Kamil Semeniuk g\u00f3r\u0105 w hicie Serie A! Zadecydowa\u0142 tie-break &#8211; Przegl\u0105d Sportowy Onet"},"content":{"rendered":"<ol>\n<li><a href=\"https:\/\/news.google.com\/rss\/articles\/CBMirAFBVV95cUxQZHBxN05LYjFwc0tfVkVDZ0x2aGFBbWdzdUFGZ1g0cXlxQzNXY0tNRW9paHpFRVFoUWdsdWp5R21TQi12YnBGaUxiLUFJTk5TMkRYWS1COWVsZXE2THp6cmxKa0ttU0JVNm1oelpGblEyWl9ZWGQtSldCcUhlTHJkUkMxWDlscTVUNFF0ZFBlUUlaSjdpOGNNclhDZ2NoU3AtM19nazU2ZE5rd2dy?oc=5\" target=\"_blank\" rel=\"nofollow noopener\">Kamil Semeniuk g\u00f3r\u0105 w hicie Serie A! Zadecydowa\u0142 tie-break<\/a>&nbsp;&nbsp;Przegl\u0105d Sportowy Onet<\/li>\n<li><a href=\"https:\/\/news.google.com\/rss\/articles\/CBMiswFBVV95cUxPVXUxNjF4RURTUFZfYWFMQ2tlSExtM3ZhVGVTXzczRnhqNG9lN1BCczE1Y3VEN1FBUDN0MVpVOTlCdTQya29mQU83cDR3cnNfOXZla0tVa3A2Y1FBeFZHalA3b04xcUpFdzZmQ0MtcnIwWUhjeC1ZS043QUpWMTkwNldXRVJ6OW8tQVNhZ2xfS2x0MnhobktMdEJyckw5MjBtM3dGRF9NVFp2ZDlsNENZRUdCVQ?oc=5\" target=\"_blank\" rel=\"nofollow noopener\">Polski siatkarz bohaterem we W\u0142oszech, to on by\u0142 najlepszy. Komunikat poszed\u0142 w \u015bwiat<\/a>&nbsp;&nbsp;Sport Interia<\/li>\n<li><a href=\"https:\/\/news.google.com\/rss\/articles\/CBMiqgFBVV95cUxQeE9lYUc4UEtqQVhBQ1JwNW5YQS1Bd21WRDdSQVZGcWRabkxBUEZEX19mV25rVHRZcnF4UjE2blVRa1NKbkQxY3h6NjRSRURqVXYxNWRNWGtCSzdWMFhFckRPVUo1cDBaVXBHWk53TkttcmRDLWZrdXE0cU1hWjVZYV9Yb0xnSEVFU01jeDZKbkhKbmlQWmhlUEVnY3lIQkhzN0tyNmxvNUJiQQ?oc=5\" target=\"_blank\" rel=\"nofollow noopener\">Pi\u0119ciosetowy hit we W\u0142oszech. Semeniuk bohaterem w tie-breaku<\/a>&nbsp;&nbsp;SportoweFakty<\/li>\n<li><a href=\"https:\/\/news.google.com\/rss\/articles\/CBMi3gFBVV95cUxQNjViY280WHdxQUJoWng5VXd4TmE3YjNPVTViRXplc1VBZ0dOS3NXMWpmUW9oZzJ1MnVmOEcxeW1ONEFQWUxvUVE3eHJKaEpFV3BHVE15YncydjFHSGd3c0p5LVJmQ1pSLWk2SkRVMXZWSG12X1hILS1LcTV3VkFpVWY3bzRMNlJuWTlpRWF0eDk2MlViQ1g0MTJvU2EwWnRzQ01CYVBOaVczT2hOVzJ1MnMtRUtfUWRJTWhFZjJUNVBzbE42d2JUSnQwdWc4LU45aHRfaFdXZkNpUGFxeGc?oc=5\" target=\"_blank\" rel=\"nofollow noopener\">Wyj\u0105tkowe osi\u0105gni\u0119cie siatkarskiego mistrza \u015bwiata. Jest \u00f3smym, kt\u00f3ry tego dokona\u0142<\/a>&nbsp;&nbsp;www.polsatsport.pl<\/li>\n<li><a href=\"https:\/\/news.google.com\/rss\/articles\/CBMib0FVX3lxTE8zbEliQnlwazJVSzE0cEVFdFJyTGhEdllPa3Q2TVZGeUJJV05CZW15cU5RbXBpTnZnZlpmMEZHc0d1MVFlSy1YRExlVlhVMUIxUnpiWkplZzNfY2tHNm8wSXFGU1hBZ3YzVFRlQ1p4OA?oc=5\" target=\"_blank\" rel=\"nofollow noopener\">Kamil Semeniuk i sp\u00f3\u0142ka wkraczaj\u0105 do gry. Czy kto\u015b p\u00f3jdzie \u015bladem Modeny sprzed dekady?<\/a>&nbsp;&nbsp;Strefa Siatk\u00f3wki<\/li>\n<\/ol>\n","protected":false},"excerpt":{"rendered":"Kamil Semeniuk g\u00f3r\u0105 w hicie Serie A! Zadecydowa\u0142 tie-break&nbsp;&nbsp;Przegl\u0105d Sportowy Onet Polski siatkarz bohaterem we W\u0142oszech, to on&hellip;\n","protected":false},"author":2,"featured_media":70223,"comment_status":"","ping_status":"","sticky":false,"template":"","format":"standard","meta":{"footnotes":"","_share_on_mastodon":"0"},"categories":[24],"tags":[1012,67,2842,6970,42,38,40,39,41,136,10977,128,47,131,17571,127,135,126,10269,17572],"class_list":["post-70222","post","type-post","status-publish","format-standard","has-post-thumbnail","category-sport","tag-bartosz_kurek","tag-intextvideo_splayer","tag-kamil_semeniuk","tag-norbert_huber","tag-pl","tag-poland","tag-polish","tag-polska","tag-polski","tag-ps_detal_new","tag-ps_sts_tst0","tag-psv2","tag-screening_general","tag-siatkowka","tag-sir_susa_scai_perugia","tag-sport","tag-sport_sport","tag-sports","tag-tokio_great_bears","tag-wolf_dogs_nagoja"],"share_on_mastodon":{"url":"https:\/\/pubeurope.com\/@pl\/115444706380045572","error":""},"_links":{"self":[{"href":"https:\/\/www.europesays.com\/pl\/wp-json\/wp\/v2\/posts\/70222","targetHints":{"allow":["GET"]}}],"collection":[{"href":"https:\/\/www.europesays.com\/pl\/wp-json\/wp\/v2\/posts"}],"about":[{"href":"https:\/\/www.europesays.com\/pl\/wp-json\/wp\/v2\/types\/post"}],"author":[{"embeddable":true,"href":"https:\/\/www.europesays.com\/pl\/wp-json\/wp\/v2\/users\/2"}],"replies":[{"embeddable":true,"href":"https:\/\/www.europesays.com\/pl\/wp-json\/wp\/v2\/comments?post=70222"}],"version-history":[{"count":0,"href":"https:\/\/www.europesays.com\/pl\/wp-json\/wp\/v2\/posts\/70222\/revisions"}],"wp:featuredmedia":[{"embeddable":true,"href":"https:\/\/www.europesays.com\/pl\/wp-json\/wp\/v2\/media\/70223"}],"wp:attachment":[{"href":"https:\/\/www.europesays.com\/pl\/wp-json\/wp\/v2\/media?parent=70222"}],"wp:term":[{"taxonomy":"category","embeddable":true,"href":"https:\/\/www.europesays.com\/pl\/wp-json\/wp\/v2\/categories?post=70222"},{"taxonomy":"post_tag","embeddable":true,"href":"https:\/\/www.europesays.com\/pl\/wp-json\/wp\/v2\/tags?post=70222"}],"curies":[{"name":"wp","href":"https:\/\/api.w.org\/{rel}","templated":true}]}}