{"id":71231,"date":"2025-10-27T17:46:07","date_gmt":"2025-10-27T17:46:07","guid":{"rendered":"https:\/\/www.europesays.com\/pl\/71231\/"},"modified":"2025-10-27T17:46:07","modified_gmt":"2025-10-27T17:46:07","slug":"a-jednak-kamil-grosicki-wybral-klub-to-tam-bedzie-grac-w-przyszlym-sezonie-przeglad-sportowy-onet","status":"publish","type":"post","link":"https:\/\/www.europesays.com\/pl\/71231\/","title":{"rendered":"A jednak! Kamil Grosicki wybra\u0142 klub. To tam b\u0119dzie gra\u0107 w przysz\u0142ym sezonie &#8211; Przegl\u0105d Sportowy Onet"},"content":{"rendered":"<ol>\n<li><a href=\"https:\/\/news.google.com\/rss\/articles\/CBMi1gFBVV95cUxOa3JKQnU5dlRmbldEY3E0YWlxMm5Ea2tvWWRNVWdHeWtjeVZ3MVBvaDFKZEtxWFFFYml2Z2pSbEdHT2tHRGtlVkhob2lBSUozeXBwQTZSN0pLdVBEekVtVnhONW1oRDBlTVE3UFA4dnJPU3BBX3pLcy1SZkQzamdJWjdaUGJOYk5DZDFjVXRfeDlzWnlsSGRKSlRFNzFqN1g2WXRjUWIzbEFlWjdORUxMVGEwTWRNbGVOTklUbEpOcjVnVVBNTW9FeDRSeHV3Wlc2VFpjZ0tB?oc=5\" target=\"_blank\" rel=\"nofollow noopener\">A jednak! Kamil Grosicki wybra\u0142 klub. To tam b\u0119dzie gra\u0107 w przysz\u0142ym sezonie<\/a>&nbsp;&nbsp;Przegl\u0105d Sportowy Onet<\/li>\n<li><a href=\"https:\/\/news.google.com\/rss\/articles\/CBMitAFBVV95cUxNLUpwVG1ZNlJ1SVlkeTI2VVlBNjFnUXNUTV9zN205Vlh4OGlfdmZXUi1pM21qS1FTUlRWSklyTWdiTGZjMGRfNEoyNDlEWUVXUk1WMGg3clV5QThjeE1XY3M3UE9jZkgzN1E4QkRXeFFQS1NITUw3YUhHMEhXLURwVFU5UElCWEZBR0JqYVFKYnFQdjB6MTJPVGNtaFhlaE0zdW9vZl80cG1McUV0YnRBMFA1bzY?oc=5\" target=\"_blank\" rel=\"nofollow noopener\">&#8222;Na 100 procent&#8221;. Media: wiadomo co z przysz\u0142o\u015bci\u0105 klubow\u0105 Grosickiego<\/a>&nbsp;&nbsp;SportoweFakty<\/li>\n<li><a href=\"https:\/\/news.google.com\/rss\/articles\/CBMirAFBVV95cUxQMU04VUNwQUozbEZNaGtQTmY5c0F4cGhnN3FkZWRhTHp5UldJdnRnN05TOWN0MTlfeERHc3phWmNzLVRnTHBUY0pSQjJkcG9wVjBWU1RScGZ0eWRYcXowblF1NUR1SUpObVU5b3ZkNkIwN3praUJkdzF0aXZiWVBrZEFoVU1LQWVJSk5UOVh3bjBZNXRldzRJR182ZE11blZiWm1ZNVl4Z3drMjhs?oc=5\" target=\"_blank\" rel=\"nofollow noopener\">Wyja\u015bni\u0142a si\u0119 przysz\u0142o\u015b\u0107 Grosickiego! W\u0142a\u015bciciel Pogoni m\u00f3wi wprost Pi\u0142ka no\u017cna<\/a>&nbsp;&nbsp;Sport.pl<\/li>\n<li><a href=\"https:\/\/news.google.com\/rss\/articles\/CBMiqgFBVV95cUxOSWhFZG1PelQxUmxka09BRXhWZ2RVZGNvMGFQTURwTDVtckJ5N25nUGdTSTlNUVEzaUpWdFo3SDVHU19MT0NyRktEMmFPV0JlYU10Rk5IUVhxVGd6V2p4UVpWQ3h6akczX2pmVXlLaEtnWWZjUXg4b3ZtTzEwWkJaVENYYXNTdFUyZC1hSFRNSzZLMURqbnBGSmpJT0ZlN0FVZlA2ckxDZTl2QQ?oc=5\" target=\"_blank\" rel=\"nofollow noopener\">Wiadomo, co dalej z Grosickim. Mocna deklaracja Haditaghiego<\/a>&nbsp;&nbsp;Meczyki.pl<\/li>\n<li><a href=\"https:\/\/news.google.com\/rss\/articles\/CBMixgFBVV95cUxPZW5iMHctSDEwVkRQUDlsbmJ1dG9nUlhIcVlfN3lxM1dqa096YW5PZmtyZUM0ZEtzcFFIWW5lMFFFTF9GamV5U3ZuTHkxRWJkaVM1VDVrbTVpUXN2aE5HX2NnODRWU21hWDlpQWV0VDN6b0tLVWxfU2NfOUNFbVZjYnI1czAySEZPWTg3Z0hGdU5jazV4SExrVlRFSVgzN0l3ZXZMOFVaSjVDZ0V5cy04WkNXeXRMZ1BfSk5sdGIweXJQc3BZX2c?oc=5\" target=\"_blank\" rel=\"nofollow noopener\">Jasne stanowisko ws. przysz\u0142o\u015bci Kamila Grosickiego. Tam ma zako\u0144czy\u0107 karier\u0119<\/a>&nbsp;&nbsp;Sport Interia<\/li>\n<\/ol>\n","protected":false},"excerpt":{"rendered":"A jednak! Kamil Grosicki wybra\u0142 klub. To tam b\u0119dzie gra\u0107 w przysz\u0142ym sezonie&nbsp;&nbsp;Przegl\u0105d Sportowy Onet &#8222;Na 100 procent&#8221;.&hellip;\n","protected":false},"author":2,"featured_media":71232,"comment_status":"","ping_status":"","sticky":false,"template":"","format":"standard","meta":{"footnotes":""},"categories":[24],"tags":[274,67,594,194,42,38,40,39,41,136,128,47,127,135,126],"class_list":{"0":"post-71231","1":"post","2":"type-post","3":"status-publish","4":"format-standard","5":"has-post-thumbnail","7":"category-sport","8":"tag-ekstraklasa","9":"tag-intextvideo_splayer","10":"tag-kamil_grosicki","11":"tag-maja","12":"tag-pl","13":"tag-poland","14":"tag-polish","15":"tag-polska","16":"tag-polski","17":"tag-ps_detal_new","18":"tag-psv2","19":"tag-screening_general","20":"tag-sport","21":"tag-sport_sport","22":"tag-sports"},"share_on_mastodon":{"url":"https:\/\/pubeurope.com\/@pl\/115447384506373875","error":""},"_links":{"self":[{"href":"https:\/\/www.europesays.com\/pl\/wp-json\/wp\/v2\/posts\/71231","targetHints":{"allow":["GET"]}}],"collection":[{"href":"https:\/\/www.europesays.com\/pl\/wp-json\/wp\/v2\/posts"}],"about":[{"href":"https:\/\/www.europesays.com\/pl\/wp-json\/wp\/v2\/types\/post"}],"author":[{"embeddable":true,"href":"https:\/\/www.europesays.com\/pl\/wp-json\/wp\/v2\/users\/2"}],"replies":[{"embeddable":true,"href":"https:\/\/www.europesays.com\/pl\/wp-json\/wp\/v2\/comments?post=71231"}],"version-history":[{"count":0,"href":"https:\/\/www.europesays.com\/pl\/wp-json\/wp\/v2\/posts\/71231\/revisions"}],"wp:featuredmedia":[{"embeddable":true,"href":"https:\/\/www.europesays.com\/pl\/wp-json\/wp\/v2\/media\/71232"}],"wp:attachment":[{"href":"https:\/\/www.europesays.com\/pl\/wp-json\/wp\/v2\/media?parent=71231"}],"wp:term":[{"taxonomy":"category","embeddable":true,"href":"https:\/\/www.europesays.com\/pl\/wp-json\/wp\/v2\/categories?post=71231"},{"taxonomy":"post_tag","embeddable":true,"href":"https:\/\/www.europesays.com\/pl\/wp-json\/wp\/v2\/tags?post=71231"}],"curies":[{"name":"wp","href":"https:\/\/api.w.org\/{rel}","templated":true}]}}