{"id":71310,"date":"2025-10-27T18:36:12","date_gmt":"2025-10-27T18:36:12","guid":{"rendered":"https:\/\/www.europesays.com\/pl\/71310\/"},"modified":"2025-10-27T18:36:12","modified_gmt":"2025-10-27T18:36:12","slug":"agnieszka-kaczorowska-kontra-bagi-halas-z-garderoby-zaburzyl-jej-plany","status":"publish","type":"post","link":"https:\/\/www.europesays.com\/pl\/71310\/","title":{"rendered":"Agnieszka Kaczorowska kontra Bagi. Ha\u0142as z garderoby zaburzy\u0142 jej plany"},"content":{"rendered":"<p class=\"ods-c-paragraph \">Uczestnicy <a href=\"https:\/\/plejada.pl\/taniec-z-gwiazdami-program-tv\" id=\"7d6f38b4-e64d-4969-94c2-57c9270dc2fb\" rel=\"nofollow noopener\" target=\"_blank\">&#8222;Ta\u0144ca z gwiazdami&#8221;<\/a> mi\u0119dzy odcinkami bardzo du\u017co czasu sp\u0119dzaj\u0105 na salach treningowych, czy te\u017c w studio, gdzie jest nagrywany program. Wiele par w r\u00f3\u017cnych edycjach podkre\u015bla\u0142o, \u017ce czasem nawet i po kilku odcinkach stres przed wej\u015bciem na \u017cywo wcale nie jest mniejszy. Z kolei uczestnik obecnej edycji <a href=\"https:\/\/plejada.pl\/mikolaj-bagi-baginski\" id=\"2e5078e2-1ace-4113-919f-280f641a07fd\" rel=\"nofollow noopener\" target=\"_blank\">Miko\u0142aj &#8222;Bagi&#8221; Bagi\u0144ski<\/a> zdaje si\u0119 \u015bwietnie bawi\u0107 nawet na chwil\u0119 przed wej\u015bciem na anten\u0119.<\/p>\n<p>Dalszy ci\u0105g artyku\u0142u pod materia\u0142em wideo<\/p>\n<p> Co Agnieszka Kaczorowska my\u015bla\u0142a o zabawie Bagi\u0144skiego? <\/p>\n<p> Dlaczego Agnieszka nie chcia\u0142a do\u0142\u0105czy\u0107 do zabawy? <\/p>\n<p> Z kim Bagi zorganizowa\u0142 taneczn\u0105 bitw\u0119? <\/p>\n<p> Jaki by\u0142 pow\u00f3d zdenerwowania Agnieszki przed odcinkiem? <\/p>\n<p>  Agnieszka Kaczorowska ucisza\u0142a Bagiego?<\/p>\n<p class=\"ods-c-paragraph \">Przed minionym odcinkiem, podczas kt\u00f3rego gwiazdy zata\u0144czy\u0142y w rytm w\u0142oskich piosenek, Bagi postawi\u0142 zorganizowa\u0107 w garderobie bitw\u0119 taneczn\u0105, kt\u00f3r\u0105 transmitowa\u0142 na \u017cywo w internecie. Jego wyg\u0142upy z Magdalen\u0105 Tarnowsk\u0105 i obecnymi w pomieszczeniu innymi osobami, nie wszystkim by\u0142y na r\u0119k\u0119.<\/p>\n<p class=\"ods-c-paragraph \">Do dobrze bawi\u0105cego si\u0119 influencera nagle przysz\u0142a niezadowolona <a href=\"https:\/\/plejada.pl\/agnieszka-kaczorowska\" id=\"4c6cb8c8-f168-4140-a030-a02151b611e9\" rel=\"nofollow noopener\" target=\"_blank\">Agnieszka Kaczorowska<\/a>. Bagi podekscytowany od razu zaprosi\u0142 j\u0105 do do\u0142\u0105czenia do zabawy.<\/p>\n<blockquote class=\"ods-o-quota\"><\/blockquote>\n<p class=\"ods-c-paragraph \">\u2014 krzykn\u0105\u0142.<\/p>\n<p class=\"ods-c-paragraph \">Ta jednak ani o tym my\u015bla\u0142a. Jasno da\u0142a zna\u0107, \u017ce nie ma zamiaru do\u0142\u0105cza\u0107 do kolegi z programu, bo ma na siebie inny pomys\u0142.<\/p>\n<blockquote class=\"ods-o-quota\"><\/blockquote>\n<p class=\"ods-c-paragraph \">\u2014 powiedzia\u0142a.<\/p>\n<p class=\"ods-c-paragraph \">Influencer jednak nie wys\u0142ucha\u0142 pr\u00f3\u015bb o komfortowe warunki do drzemki przed odcinkiem i nadal ta\u0144czy\u0142 i \u015bpiewa\u0142 do g\u0142o\u015bnej muzyki w garderobie.<\/p>\n<p class=\"ods-c-paragraph \">Dzi\u0119kujemy, \u017ce przeczyta\u0142a\u015b\/e\u015b nasz artyku\u0142 do ko\u0144ca. W serwisie Plejada.pl ka\u017cdego dnia piszemy o najwa\u017cniejszych wydarzeniach show-biznesowych. B\u0105d\u017a na bie\u017c\u0105co! <a rel=\"nofollow noopener\" href=\"https:\/\/news.google.com\/publications\/CAAiEF0PeAlb7W1llpV_mwV2rL4qFAgKIhBdD3gJW-1tZZaVf5sFdqy-?hl=pl&amp;gl=PL&amp;ceid=PL%3Apl\" id=\"24ee6393-e91f-422b-b577-b633ef7f656a\" target=\"_blank\">Obserwuj<\/a> Plejad\u0119 w Wiadomo\u015bciach Google. Odwied\u017a nas tak\u017ce na <a rel=\"nofollow noopener\" href=\"https:\/\/www.facebook.com\/plejadapl\" id=\"498d62f5-30c0-4514-a491-6ac874dce095\" target=\"_blank\">Facebooku<\/a>, <a rel=\"nofollow noopener\" href=\"https:\/\/www.instagram.com\/plejadapl\/\" id=\"c6d278a0-86e5-4536-9ac2-c7b1ac153999\" target=\"_blank\">Instagramie<\/a>, <a rel=\"nofollow noopener\" href=\"https:\/\/www.youtube.com\/c\/plejada\" id=\"0ae5d4c9-01c1-469a-a40e-e0e351219eca\" target=\"_blank\">YouTubie<\/a> oraz <a rel=\"nofollow noopener\" href=\"https:\/\/www.tiktok.com\/@plejada_pl\" id=\"5519bfd0-31b1-4b53-b507-8d08b79669d0\" target=\"_blank\">TikToku<\/a>.<\/p>\n<p class=\"ods-c-paragraph \">Chcesz podzieli\u0107 si\u0119 ciekawym newsem lub zaproponowa\u0107 temat? Skontaktuj si\u0119 z nami, pisz\u0105c maila na adres: <a rel=\"nofollow noopener\" href=\"https:\/\/plejada.pl\/newsy\/agnieszka-kaczorowska-kontra-bagi-halas-z-garderoby-zaburzyl-jej-plany\/mailto:plejada@redakcjaonet.pl\" id=\"6efd5362-f996-44aa-ab1c-9f8e45411f89\" target=\"_blank\">plejada@redakcjaon<\/a><a rel=\"nofollow noopener\" href=\"https:\/\/et.pl\/\" id=\"bf95ca9a-298d-4e38-a8d0-85045f7141cd\" target=\"_blank\">et.pl<\/a>.<\/p>\n<p><script async src=\"\/\/www.instagram.com\/embed.js\"><\/script><script async src=\"\/\/www.tiktok.com\/embed.js\"><\/script><\/p>\n","protected":false},"excerpt":{"rendered":"Uczestnicy &#8222;Ta\u0144ca z gwiazdami&#8221; mi\u0119dzy odcinkami bardzo du\u017co czasu sp\u0119dzaj\u0105 na salach treningowych, czy te\u017c w studio, gdzie&hellip;\n","protected":false},"author":2,"featured_media":71311,"comment_status":"","ping_status":"","sticky":false,"template":"","format":"standard","meta":{"footnotes":""},"categories":[22],"tags":[172,122,3462,12897,48,125,46,4897,42,38,40,39,41,123,47,1884],"class_list":{"0":"post-71310","1":"post","2":"type-post","3":"status-publish","4":"format-standard","5":"has-post-thumbnail","7":"category-rozrywka","8":"tag-agnieszka_kaczorowska","9":"tag-entertainment","10":"tag-marcin_rogacewicz","11":"tag-mikolaj_bagi_baginski","12":"tag-nat_styl","13":"tag-newsy","14":"tag-omp","15":"tag-perso_tst0","16":"tag-pl","17":"tag-poland","18":"tag-polish","19":"tag-polska","20":"tag-polski","21":"tag-rozrywka","22":"tag-screening_general","23":"tag-taniec_z_gwiazdami"},"share_on_mastodon":{"url":"https:\/\/pubeurope.com\/@pl\/115447580790426737","error":""},"_links":{"self":[{"href":"https:\/\/www.europesays.com\/pl\/wp-json\/wp\/v2\/posts\/71310","targetHints":{"allow":["GET"]}}],"collection":[{"href":"https:\/\/www.europesays.com\/pl\/wp-json\/wp\/v2\/posts"}],"about":[{"href":"https:\/\/www.europesays.com\/pl\/wp-json\/wp\/v2\/types\/post"}],"author":[{"embeddable":true,"href":"https:\/\/www.europesays.com\/pl\/wp-json\/wp\/v2\/users\/2"}],"replies":[{"embeddable":true,"href":"https:\/\/www.europesays.com\/pl\/wp-json\/wp\/v2\/comments?post=71310"}],"version-history":[{"count":0,"href":"https:\/\/www.europesays.com\/pl\/wp-json\/wp\/v2\/posts\/71310\/revisions"}],"wp:featuredmedia":[{"embeddable":true,"href":"https:\/\/www.europesays.com\/pl\/wp-json\/wp\/v2\/media\/71311"}],"wp:attachment":[{"href":"https:\/\/www.europesays.com\/pl\/wp-json\/wp\/v2\/media?parent=71310"}],"wp:term":[{"taxonomy":"category","embeddable":true,"href":"https:\/\/www.europesays.com\/pl\/wp-json\/wp\/v2\/categories?post=71310"},{"taxonomy":"post_tag","embeddable":true,"href":"https:\/\/www.europesays.com\/pl\/wp-json\/wp\/v2\/tags?post=71310"}],"curies":[{"name":"wp","href":"https:\/\/api.w.org\/{rel}","templated":true}]}}