{"id":71312,"date":"2025-10-27T18:40:11","date_gmt":"2025-10-27T18:40:11","guid":{"rendered":"https:\/\/www.europesays.com\/pl\/71312\/"},"modified":"2025-10-27T18:40:11","modified_gmt":"2025-10-27T18:40:11","slug":"to-on-mial-walczyc-z-afera-zbozowa-robert-telus-w-nielasce-prezesa-pis","status":"publish","type":"post","link":"https:\/\/www.europesays.com\/pl\/71312\/","title":{"rendered":"To on mia\u0142 walczy\u0107 z afer\u0105 zbo\u017cow\u0105. Robert Telus w nie\u0142asce prezesa PiS"},"content":{"rendered":"<p class=\"ods-c-paragraph \">Afera zwi\u0105zana ze sprzeda\u017c\u0105 dzia\u0142ki, przez kt\u00f3r\u0105 ma przebiega\u0107 kolej do CPK, spowodowa\u0142a powa\u017cne decyzje polityczne wydane przez Jaros\u0142awa Kaczy\u0144skiego. <a href=\"https:\/\/wiadomosci.onet.pl\/kraj\/afera-z-dzialka-cpk-jest-oswiadczenie-roberta-telusa\/d1gzbhw\" id=\"170c2824-d91f-424b-91b0-625400caaee0\" rel=\"nofollow noopener\" target=\"_blank\">Pos\u0142owie Robert Telus i Rafa\u0142 Romanowski zostali zawieszeni w prawach cz\u0142onk\u00f3w PiS<\/a>. Chodzi o wydarzenia z 2023 r., z czasu, kiedy Telus by\u0142 ministrem rolnictwa, a Romanowski jego zast\u0119pc\u0105. Robert Telus w o\u015bwiadczeniu opublikowanym w mediach spo\u0142eczno\u015bciowych zaprzeczy\u0142 swojemu udzia\u0142owi w aferze i wyrazi\u0142 nadziej\u0119, \u017ce sprawa zostanie szybko wyja\u015bniona.<\/p>\n<p class=\"ods-c-paragraph \">Kim jest zamieszany w spraw\u0119 dzia\u0142ki CPK pose\u0142? Z wykszta\u0142cenia to in\u017cynier \u015brodowiska, z zami\u0142owania rolnik i hodowca koni, z zawodu \u2014 polityk aktywnie dzia\u0142aj\u0105cy na rzecz polskiej wsi i rolnictwa.<\/p>\n<p>Dalszy ci\u0105g artyku\u0142u pod materia\u0142em wideo<\/p>\n<p> Dlaczego Robert Telus zosta\u0142 zawieszony w PiS? <\/p>\n<p> Jakie by\u0142y przyczyny afery zbo\u017cowej w Polsce? <\/p>\n<p> W jakiej roli Robert Telus dzia\u0142a\u0142 w rz\u0105dzie? <\/p>\n<p> Czym zajmuje si\u0119 Robert Telus opr\u00f3cz polityki? <\/p>\n<p>  Robert Telus mia\u0142 ratowa\u0107 kraj przed afer\u0105 zbo\u017cow\u0105<\/p>\n<p class=\"ods-c-paragraph \">Robert Telus jest pos\u0142em na Sejm RP ju\u017c od pi\u0119ciu kadencji. Pochodzi z Opoczna (woj. \u0142\u00f3dzkie), sko\u0144czy\u0142 studia na Wydziale In\u017cynierii Sanitarnej i Wodnej Politechniki Krakowskiej, prowadzi\u0142 gospodarstwo rolne. Swoj\u0105 przygod\u0119 z polityk\u0105 zacz\u0105\u0142 w latach 90., od dzia\u0142alno\u015bci w samorz\u0105dzie lokalnym. W latach 2002 i 2006 by\u0142 wybierany na radnego powiatu z ramienia komitetu lokalnego w Opocznie. Do Sejmu trafi\u0142 po raz pierwszy w 2007 r. Zosta\u0142 wybrany z ramienia PiS w okr\u0119gu piotrkowskim. P\u00f3\u017aniej zasiada\u0142 w parlamencie kolejno VII, VIII, IX i X kadencji.<\/p>\n<p class=\"ods-c-paragraph \">W 2023 r. zosta\u0142 ministrem w resorcie rolnictwa i rozwoju wsi w rz\u0105dzie Mateusza Morawieckiego. Obj\u0105\u0142 to stanowisko w czasie wyj\u0105tkowo trudnym dla polskiego rolnictwa \u2014 to w\u0142a\u015bnie wtedy &#8222;rozkwit\u0142a&#8221; tzw. afera zbo\u017cowa wi\u0105\u017c\u0105ca si\u0119 z niekontrolowanym nap\u0142ywem zbo\u017ca z Ukrainy i skutkuj\u0105ca masowymi protestami rolnik\u00f3w w kraju.<\/p>\n<p>   <img decoding=\"async\" src=\"https:\/\/www.europesays.com\/pl\/wp-content\/uploads\/2025\/10\/mhsk9lBaHR0cHM6Ly9vY2RuLmV1L3B1bHNjbXMvTURBXy9mNTJiNGY0NmI1NTNlYTQ4MzAzZDc2NGQxY2EyODk4MS5qcGeSlQMAA.jpeg\" height=\"625\" width=\"940\" alt=\"Robert Telus podczas spotkania z protestuj\u0105cymi rolnikami w Szczecinie (2023 r.)\" loading=\"lazy\" class=\"ods-c-image__img ods-c-image__img--viewport-width\"\/><\/p>\n<p>Robert Telus podczas spotkania z protestuj\u0105cymi rolnikami w Szczecinie (2023 r.)Marcin Bielecki \/ PAP<\/p>\n<p class=\"ods-c-paragraph \">Ministrowi PiS nie uda\u0142o si\u0119 jednak uratowa\u0107 polskiego rynku rolnego. Z raportu NIK ujawnionego przez &#8222;Rzeczpospolit\u0105&#8221; w listopadzie 2023 r. wynika\u0142o, \u017ce organy w\u0142adzy pa\u0144stwowej nie ochroni\u0142y polskich rolnik\u00f3w przed skutkami niekontrolowanego importu, kt\u00f3ry przyczyni\u0142 si\u0119 do spadku op\u0142acalno\u015bci polskich producent\u00f3w rolnych i wzrostu zapas\u00f3w zbo\u017ca. &#8222;Afera zbo\u017cowa przysypa\u0142a rz\u0105d PiS&#8221; \u2014 pisa\u0142a &#8222;Rzeczpospolita&#8221;. O tym, \u017ce niekt\u00f3rzy szefowie resort\u00f3w \u2014 w tym w\u0142a\u015bnie Robert Telus \u2014 nie spe\u0142nili oczekiwa\u0144 prezesa PiS Jaros\u0142awa Kaczy\u0144skiego, pisa\u0142 te\u017c przed wyborami w 2023 r. &#8222;Newsweek&#8221;, kt\u00f3ry zwr\u00f3ci\u0142 uwag\u0119 na pozycj\u0119 by\u0142ego ministra na li\u015bcie wyborczej. &#8222;Drugie miejsce ministra Telusa czy trzecie poprzedniego ministra Henryka Kowalczyka wskazuj\u0105, \u017ce zawiedli prezesa, a ten zaw\u00f3d mo\u017ce kosztowa\u0107 PiS kilka punkt\u00f3w w wyborach&#8221; \u2014 pisa\u0142 &#8222;Newsweek&#8221;.<\/p>\n<p>   Robert Telus. Dzia\u0142acz spo\u0142eczny i ojciec rodziny zast\u0119pczej<\/p>\n<p class=\"ods-c-paragraph \">Robert Telus mieszka we wsi Ostr\u00f3w niedaleko Opoczna w wojew\u00f3dztwie \u0142\u00f3dzkim. Z \u017con\u0105 Ma\u0142gorzat\u0105 stworzy\u0142 rodzin\u0119 zast\u0119pcz\u0105 dla czw\u00f3rki dzieci. Jak czytamy na jego poselskiej stronie internetowej, &#8222;sw\u00f3j czas wolny najch\u0119tniej sp\u0119dza w rodzinnym gronie. Jego pasj\u0105 jest hodowla koni&#8221;. Aktywnie dzia\u0142a w swoim regionie. Przez kilka lat by\u0142 prezesem Parafialnego Oddzia\u0142u Akcji Katolickiej w Opocznie, kt\u00f3ry jest organizatorem akcji dobroczynnych. Robert Telus jest tak\u017ce jednym z pomys\u0142odawc\u00f3w i wsp\u00f3\u0142za\u0142o\u017cycieli fundacji &#8222;Dar dla Potrzebuj\u0105cych&#8221;, kt\u00f3rej najwi\u0119kszym osi\u0105gni\u0119ciem jest utworzenie i otwarcie Rodzinnego Domu Dziecka w Mroczkowie Go\u015bcinnym ko\u0142o Opoczna.<\/p>\n","protected":false},"excerpt":{"rendered":"Afera zwi\u0105zana ze sprzeda\u017c\u0105 dzia\u0142ki, przez kt\u00f3r\u0105 ma przebiega\u0107 kolej do CPK, spowodowa\u0142a powa\u017cne decyzje polityczne wydane przez&hellip;\n","protected":false},"author":2,"featured_media":71313,"comment_status":"","ping_status":"","sticky":false,"template":"","format":"standard","meta":{"footnotes":""},"categories":[12],"tags":[17736,32,33,6052,36,37,27,422,49,34,35,28,31,48,25,46,4897,529,42,38,40,39,41,17650,47,29,30,26],"class_list":{"0":"post-71312","1":"post","2":"type-post","3":"status-publish","4":"format-standard","5":"has-post-thumbnail","7":"category-polska","8":"tag-afera_zbozowa","9":"tag-breaking-news","10":"tag-breakingnews","11":"tag-cpk","12":"tag-featured-news","13":"tag-featurednews","14":"tag-headlines","15":"tag-jaroslaw_kaczynski","16":"tag-kraj","17":"tag-latest-news","18":"tag-latestnews","19":"tag-naglowki","20":"tag-najwazniejsze-artykuly","21":"tag-nat_styl","22":"tag-news","23":"tag-omp","24":"tag-perso_tst0","25":"tag-pis","26":"tag-pl","27":"tag-poland","28":"tag-polish","29":"tag-polska","30":"tag-polski","31":"tag-robert_telus","32":"tag-screening_general","33":"tag-top-stories","34":"tag-topstories","35":"tag-wiadomosci"},"share_on_mastodon":{"url":"https:\/\/pubeurope.com\/@pl\/115447596714617780","error":""},"_links":{"self":[{"href":"https:\/\/www.europesays.com\/pl\/wp-json\/wp\/v2\/posts\/71312","targetHints":{"allow":["GET"]}}],"collection":[{"href":"https:\/\/www.europesays.com\/pl\/wp-json\/wp\/v2\/posts"}],"about":[{"href":"https:\/\/www.europesays.com\/pl\/wp-json\/wp\/v2\/types\/post"}],"author":[{"embeddable":true,"href":"https:\/\/www.europesays.com\/pl\/wp-json\/wp\/v2\/users\/2"}],"replies":[{"embeddable":true,"href":"https:\/\/www.europesays.com\/pl\/wp-json\/wp\/v2\/comments?post=71312"}],"version-history":[{"count":0,"href":"https:\/\/www.europesays.com\/pl\/wp-json\/wp\/v2\/posts\/71312\/revisions"}],"wp:featuredmedia":[{"embeddable":true,"href":"https:\/\/www.europesays.com\/pl\/wp-json\/wp\/v2\/media\/71313"}],"wp:attachment":[{"href":"https:\/\/www.europesays.com\/pl\/wp-json\/wp\/v2\/media?parent=71312"}],"wp:term":[{"taxonomy":"category","embeddable":true,"href":"https:\/\/www.europesays.com\/pl\/wp-json\/wp\/v2\/categories?post=71312"},{"taxonomy":"post_tag","embeddable":true,"href":"https:\/\/www.europesays.com\/pl\/wp-json\/wp\/v2\/tags?post=71312"}],"curies":[{"name":"wp","href":"https:\/\/api.w.org\/{rel}","templated":true}]}}