{"id":71316,"date":"2025-10-27T18:46:08","date_gmt":"2025-10-27T18:46:08","guid":{"rendered":"https:\/\/www.europesays.com\/pl\/71316\/"},"modified":"2025-10-27T18:46:08","modified_gmt":"2025-10-27T18:46:08","slug":"biden-ostrzega-przed-mrocznymi-dniami-pierwsze-publiczne-wystapienie-po-zakonczonej-terapii-onkologicznej","status":"publish","type":"post","link":"https:\/\/www.europesays.com\/pl\/71316\/","title":{"rendered":"Biden ostrzega przed &#8222;mrocznymi dniami&#8221;. Pierwsze publiczne wyst\u0105pienie po zako\u0144czonej terapii onkologicznej"},"content":{"rendered":"<p data-section=\"detail-body\">&#8222;Od za\u0142o\u017cenia pa\u0144stwa Ameryka by\u0142a latarni\u0105 dla najpot\u0119\u017cniejszej w historii idei rz\u0105dzenia&#8221; \u2014 m\u00f3wi\u0142 82-letni Biden. &#8222;Idea jest silniejsza ni\u017c jakakolwiek armia. Jeste\u015bmy pot\u0119\u017cniejsi ni\u017c jakikolwiek dyktator&#8221;. Podkre\u015bli\u0142, \u017ce trwa\u0142o\u015b\u0107 ameryka\u0144skiej demokracji zale\u017cy od prezydentury o ograniczonych kompetencjach, sprawnego Kongresu oraz niezale\u017cnego s\u0105downictwa. W tle jego s\u0142\u00f3w pozostawa\u0142 jeden z najd\u0142u\u017cszych w historii przestoj\u00f3w finansowania rz\u0105du federalnego, kt\u00f3ry, jak wskazywa\u0142, sta\u0142 si\u0119 pretekstem do rozszerzania kontroli Bia\u0142ego Domu nad administracj\u0105.<\/p>\n<p class=\"article_p\" data-section=\"detail-body\">&#8222;Nie mog\u0119 tego inaczej uj\u0105\u0107. To s\u0105 mroczne dni&#8221; \u2014 stwierdzi\u0142 Biden. Jednocze\u015bnie zapewnia\u0142, \u017ce kraj &#8222;odnajdzie sw\u00f3j w\u0142a\u015bciwy kompas&#8221; i &#8222;wyjdzie z tego silniejszy, m\u0105drzejszy, bardziej odporny i sprawiedliwszy, je\u015bli tylko zachowamy wiar\u0119&#8221;.<\/p>\n<p class=\"article_p\" data-section=\"detail-body\">W cz\u0119\u015bci przem\u00f3wienia Biden wymieni\u0142 przyk\u0142ady sprzeciwu wobec nacisk\u00f3w w\u0142adzy: urz\u0119dnik\u00f3w federalnych rezygnuj\u0105cych ze stanowisk, uczelnie i komik\u00f3w staj\u0105cych w obronie wolno\u015bci s\u0142owa, a tak\u017ce republika\u0144skich polityk\u00f3w, kt\u00f3rzy mimo partyjnych barw g\u0142osuj\u0105 wbrew administracji. &#8222;Gospodarze nocnych program\u00f3w nadal rzucaj\u0105 \u015bwiat\u0142o na wolno\u015b\u0107 s\u0142owa, wiedz\u0105c, \u017ce ryzykuj\u0105 swoj\u0105 karier\u0105&#8221; \u2014 podkre\u015bli\u0142.<\/p>\n<p class=\"article_p\" data-section=\"detail-body\">Czytaj te\u017c: <a href=\"https:\/\/businessinsider.com.pl\/biznes\/tiktok-trump-i-xi-jinping-blisko-porozumienia-co-ustalono\/p9wtgdl\" id=\"cf5b81fd-a984-42aa-ba5a-a07eecc28a52\" rel=\"nofollow noopener\" target=\"_blank\">Donald Trump i Xi Jinping coraz bli\u017cej porozumienia w sprawie TikToka<\/a><\/p>\n<p>            Czytaj tak\u017ce w BUSINESS INSIDER<\/p>\n<p>        Joe Biden o zagro\u017ceniach<\/p>\n<p class=\"article_p\" data-section=\"detail-body\">Biden przypomnia\u0142, \u017ce ameryka\u0144ska historia nigdy nie by\u0142a ba\u015bni\u0105, lecz trwaj\u0105cym od 250 lat zmaganiem &#8222;mi\u0119dzy zagro\u017ceniem a mo\u017cliwo\u015bciami&#8221;. Zako\u0144czy\u0142 swoje przem\u00f3wienie wezwaniem do mobilizacji i wytrwa\u0142o\u015bci.<\/p>\n<p class=\"article_p\" data-section=\"detail-body\">By\u0142y prezydent opu\u015bci\u0142 urz\u0105d w styczniu po jednej kadencji. Zrezygnowa\u0142 z ubiegania si\u0119 o reelekcj\u0119 po krytykowanej debacie z Trumpem oraz w obliczu pyta\u0144 o wiek, zdrowie i kondycj\u0119 psychiczn\u0105. Udzieli\u0142 poparcia swojej wiceprezydent Kamali Harris, kt\u00f3ra przegra\u0142a z Trumpem w listopadowych wyborach.<\/p>\n<p class=\"article_p\" data-section=\"detail-body\">W maju biuro Bidena poinformowa\u0142o o rozpoznaniu raka prostaty z przerzutami. Nowotw\u00f3r oceniono na 9 punkt\u00f3w w skali Gleasona, co wskazuje na bardzo agresywny przebieg choroby. Na pocz\u0105tku miesi\u0105ca Biden zako\u0144czy\u0142 cykl radioterapii, a kolejne etapy leczenia nie zosta\u0142y ujawnione.<\/p>\n<p class=\"article_p\" data-section=\"detail-body\">Polityk, kt\u00f3ry w listopadzie sko\u0144czy 83 lata, zapowiedzia\u0142 wyst\u0105pienie jako g\u0142\u00f3wny m\u00f3wca podczas wydarzenia Partii Demokratycznej w Omaha w stanie Nebraska w przysz\u0142ym miesi\u0105cu.<\/p>\n","protected":false},"excerpt":{"rendered":"&#8222;Od za\u0142o\u017cenia pa\u0144stwa Ameryka by\u0142a latarni\u0105 dla najpot\u0119\u017cniejszej w historii idei rz\u0105dzenia&#8221; \u2014 m\u00f3wi\u0142 82-letni Biden. &#8222;Idea jest&hellip;\n","protected":false},"author":2,"featured_media":71317,"comment_status":"","ping_status":"","sticky":false,"template":"","format":"standard","meta":{"footnotes":""},"categories":[14],"tags":[32,33,27,34,35,28,31,25,40,41,80,29,30,26,82,83,84],"class_list":{"0":"post-71316","1":"post","2":"type-post","3":"status-publish","4":"format-standard","5":"has-post-thumbnail","7":"category-swiat","8":"tag-breaking-news","9":"tag-breakingnews","10":"tag-headlines","11":"tag-latest-news","12":"tag-latestnews","13":"tag-naglowki","14":"tag-najwazniejsze-artykuly","15":"tag-news","16":"tag-polish","17":"tag-polski","18":"tag-swiat","19":"tag-top-stories","20":"tag-topstories","21":"tag-wiadomosci","22":"tag-world","23":"tag-world-news","24":"tag-worldnews"},"share_on_mastodon":{"url":"https:\/\/pubeurope.com\/@pl\/115447620250018325","error":""},"_links":{"self":[{"href":"https:\/\/www.europesays.com\/pl\/wp-json\/wp\/v2\/posts\/71316","targetHints":{"allow":["GET"]}}],"collection":[{"href":"https:\/\/www.europesays.com\/pl\/wp-json\/wp\/v2\/posts"}],"about":[{"href":"https:\/\/www.europesays.com\/pl\/wp-json\/wp\/v2\/types\/post"}],"author":[{"embeddable":true,"href":"https:\/\/www.europesays.com\/pl\/wp-json\/wp\/v2\/users\/2"}],"replies":[{"embeddable":true,"href":"https:\/\/www.europesays.com\/pl\/wp-json\/wp\/v2\/comments?post=71316"}],"version-history":[{"count":0,"href":"https:\/\/www.europesays.com\/pl\/wp-json\/wp\/v2\/posts\/71316\/revisions"}],"wp:featuredmedia":[{"embeddable":true,"href":"https:\/\/www.europesays.com\/pl\/wp-json\/wp\/v2\/media\/71317"}],"wp:attachment":[{"href":"https:\/\/www.europesays.com\/pl\/wp-json\/wp\/v2\/media?parent=71316"}],"wp:term":[{"taxonomy":"category","embeddable":true,"href":"https:\/\/www.europesays.com\/pl\/wp-json\/wp\/v2\/categories?post=71316"},{"taxonomy":"post_tag","embeddable":true,"href":"https:\/\/www.europesays.com\/pl\/wp-json\/wp\/v2\/tags?post=71316"}],"curies":[{"name":"wp","href":"https:\/\/api.w.org\/{rel}","templated":true}]}}