{"id":71318,"date":"2025-10-27T18:47:09","date_gmt":"2025-10-27T18:47:09","guid":{"rendered":"https:\/\/www.europesays.com\/pl\/71318\/"},"modified":"2025-10-27T18:47:09","modified_gmt":"2025-10-27T18:47:09","slug":"mandat-za-stroik-na-grobie-sprawdz-kiedy-to-mozliwe-do-rzeczy","status":"publish","type":"post","link":"https:\/\/www.europesays.com\/pl\/71318\/","title":{"rendered":"Mandat za stroik na grobie? Sprawd\u017a, kiedy to mo\u017cliwe &#8211; Do Rzeczy"},"content":{"rendered":"<ol>\n<li><a href=\"https:\/\/news.google.com\/rss\/articles\/CBMilwFBVV95cUxOZ1B2RFdNc0Z3ckpkLVctX1pudVRjWHNabW5md1dCNUxlRTNCYUNQQjA1S0I1YlBfRHd1NWxESkVmcFdRb2Z3WHdPTmJyYndvaWJYdWNaZWwwR0t5elpndlNHU3lSSzVtR2FTclhyOGZ3LWRtTG5XR1ItQ21BbDRCUm9uUFJpZ2czS0JPTTFWMlJYSEVyNHJJ0gGQAUFVX3lxTE9LOXlvOUhSZGVzWkNxaE00UGoxS0R3M0IxbU1wcXN1YmpsMUpTTXB5Q3RZQjVkdWVCWEZIckZzR1NhZTNwUmFQcmhmOEV3dC1fbDdOWWUzYkY1RU5qelNGYUZoUE82QWU1Uy1qTU9sbzlRVVpNdVQ4elF1amh6WlZhUTNQZHpJdF9aRFdTQUJtQg?oc=5\" target=\"_blank\" rel=\"nofollow noopener\">Mandat za stroik na grobie? Sprawd\u017a, kiedy to mo\u017cliwe<\/a>&nbsp;&nbsp;Do Rzeczy<\/li>\n<li><a href=\"https:\/\/news.google.com\/rss\/articles\/CBMixgFBVV95cUxNc0ducnE5QTBUaW9pelhGenBsdk1ZNF84QmxGVm8zQVRMS3o5cXhTbDdaWlpQc2pfOTE3dHlxbzJMUzMxdXpZRWlUOWMwSEFVbTdZeklqcG1nNEpja2ViMFlGcEdLRUt0LUwyVWdybzVEd2lpS25UME41U3ZVYUNldWdHbkd0OVhxZVdBN3N5LTlfNkpTWDVPWXE0a2xjSzVlRmtid1ZIeTBXV25sblJhQU40cDN0a3lqU2FKb0RVaTBqWWRrTVE?oc=5\" target=\"_blank\" rel=\"nofollow noopener\">Robisz takie ozdoby na Wszystkich \u015awi\u0119tych? Mo\u017cesz zap\u0142aci\u0107 500 z\u0142 mandatu<\/a>&nbsp;&nbsp;Onet<\/li>\n<li><a href=\"https:\/\/news.google.com\/rss\/articles\/CBMiigFBVV95cUxNbkwzRG9GOGVwai02WVdSb2pUYk9EdThqbDJyQXIwOVV1T2s5V3RnSE13eUo4OTZmRjRlSDNhdDljc3dZXy1yMmZUbmpCUnluekJBVUhyem14ZWVVek1tTURXWTFPZHJXa010QnBBYnRteWRXU0xtQ0VZOWtLVlkwNE9DQm5tWnI3SWc?oc=5\" target=\"_blank\" rel=\"nofollow noopener\">W podkarpackich lasach trwa akcja akcja &#8222;Stroisz 25&#8221;<\/a>&nbsp;&nbsp;TVP Rzesz\u00f3w<\/li>\n<li><a href=\"https:\/\/news.google.com\/rss\/articles\/CBMipAFBVV95cUxPcXc1aXJ1TWItVGlfbkUyWGIxV0xNYTBZYThPNmplc0R3ZVVITk9EMXZqMmVSTldaTUo2TkdJLUNCaFlfYWpSemRseUNhWEZzMnpFLXNEX0xBRGlKbFlkU3N5Sk9kSHdXNUZlcWZHMHphR1g1UmtER3Jtc1FVZldQYnhSQlBFZVRkWHh3Z3hBdDFCVEFzVVNwdURPMk82YUktQ3dnWQ?oc=5\" target=\"_blank\" rel=\"nofollow noopener\">Przed 1 listopada kradn\u0105 go na pot\u0119g\u0119. Jest apel<\/a>&nbsp;&nbsp;Money.pl<\/li>\n<li><a href=\"https:\/\/news.google.com\/rss\/articles\/CBMitgFBVV95cUxNM1FPc3R5bUp2bEZBaGpYeVF1X1R3ZjltWWVQMHBCS3JIMFI4Tm1YcHRQV1JndFI3QXJIcGxXNlJRbEdUUWZWX21BaFhoYkxNYm9FcVBlaEgwYlZWMThNd2hPczhibGpReHgzNG9TNEQ2YmJHR3dNUkFzVmd4MWgyTTdMSzVuOFZMN2dpb2hoc0haMmJwd2RvbnRJQjdLZ0JPNHJTVkJHbTJlVGJuTDZIZVNZYnVTdw?oc=5\" target=\"_blank\" rel=\"nofollow noopener\">Ga\u0142\u0105zki tylko z legalnych \u017ar\u00f3de\u0142. Stra\u017c Le\u015bna prowadzi akcj\u0119 &#8222;Stroisz&#8221;<\/a>&nbsp;&nbsp;Jedynka &#8211; Polskie Radio<\/li>\n<\/ol>\n","protected":false},"excerpt":{"rendered":"Mandat za stroik na grobie? Sprawd\u017a, kiedy to mo\u017cliwe&nbsp;&nbsp;Do Rzeczy Robisz takie ozdoby na Wszystkich \u015awi\u0119tych? Mo\u017cesz zap\u0142aci\u0107&hellip;\n","protected":false},"author":2,"featured_media":71319,"comment_status":"","ping_status":"","sticky":false,"template":"","format":"standard","meta":{"footnotes":""},"categories":[12],"tags":[32,33,8446,98,105,36,37,9957,16568,27,2642,49,34,35,601,28,31,25,42,38,40,39,41,17737,29,30,26,17738,17739],"class_list":{"0":"post-71318","1":"post","2":"type-post","3":"status-publish","4":"format-standard","5":"has-post-thumbnail","7":"category-polska","8":"tag-breaking-news","9":"tag-breakingnews","10":"tag-cmentarz","11":"tag-dorzeczy","12":"tag-ekonomia","13":"tag-featured-news","14":"tag-featurednews","15":"tag-grob","16":"tag-grzywna","17":"tag-headlines","18":"tag-kara","19":"tag-kraj","20":"tag-latest-news","21":"tag-latestnews","22":"tag-marcin-bugaj","23":"tag-naglowki","24":"tag-najwazniejsze-artykuly","25":"tag-news","26":"tag-pl","27":"tag-poland","28":"tag-polish","29":"tag-polska","30":"tag-polski","31":"tag-stroik","32":"tag-top-stories","33":"tag-topstories","34":"tag-wiadomosci","35":"tag-wszystkich-swietych","36":"tag-znicz"},"share_on_mastodon":{"url":"https:\/\/pubeurope.com\/@pl\/115447624173176886","error":""},"_links":{"self":[{"href":"https:\/\/www.europesays.com\/pl\/wp-json\/wp\/v2\/posts\/71318","targetHints":{"allow":["GET"]}}],"collection":[{"href":"https:\/\/www.europesays.com\/pl\/wp-json\/wp\/v2\/posts"}],"about":[{"href":"https:\/\/www.europesays.com\/pl\/wp-json\/wp\/v2\/types\/post"}],"author":[{"embeddable":true,"href":"https:\/\/www.europesays.com\/pl\/wp-json\/wp\/v2\/users\/2"}],"replies":[{"embeddable":true,"href":"https:\/\/www.europesays.com\/pl\/wp-json\/wp\/v2\/comments?post=71318"}],"version-history":[{"count":0,"href":"https:\/\/www.europesays.com\/pl\/wp-json\/wp\/v2\/posts\/71318\/revisions"}],"wp:featuredmedia":[{"embeddable":true,"href":"https:\/\/www.europesays.com\/pl\/wp-json\/wp\/v2\/media\/71319"}],"wp:attachment":[{"href":"https:\/\/www.europesays.com\/pl\/wp-json\/wp\/v2\/media?parent=71318"}],"wp:term":[{"taxonomy":"category","embeddable":true,"href":"https:\/\/www.europesays.com\/pl\/wp-json\/wp\/v2\/categories?post=71318"},{"taxonomy":"post_tag","embeddable":true,"href":"https:\/\/www.europesays.com\/pl\/wp-json\/wp\/v2\/tags?post=71318"}],"curies":[{"name":"wp","href":"https:\/\/api.w.org\/{rel}","templated":true}]}}