{"id":71328,"date":"2025-10-27T19:00:10","date_gmt":"2025-10-27T19:00:10","guid":{"rendered":"https:\/\/www.europesays.com\/pl\/71328\/"},"modified":"2025-10-27T19:00:10","modified_gmt":"2025-10-27T19:00:10","slug":"wenezuela-dni-maduro-sa-policzone-senator-z-usa-polecil-mu-ucieczke","status":"publish","type":"post","link":"https:\/\/www.europesays.com\/pl\/71328\/","title":{"rendered":"Wenezuela. Dni Maduro s\u0105 policzone? Senator z USA poleci\u0142 mu ucieczk\u0119"},"content":{"rendered":"<p>W skr\u00f3cie<\/p>\n<ul class=\"typography ids-typeset-body ids-typeset-body--preset-large ids-list list-new ids-list--unordered ids-list--size-large \" datatype=\"disc\">\n<li class=\"ids-list-item\">\n<p>Senator Rick Scott zapowiedzia\u0142, \u017ce dni Nicolasa Maduro s\u0105 policzone i doradzi\u0142 mu ucieczk\u0119 do Rosji lub Chin.<\/p>\n<\/li>\n<li class=\"ids-list-item\">\n<p>Zapowiedzia\u0142, \u017ce upadek re\u017cimu Maduro mo\u017ce poci\u0105gn\u0105\u0107 za sob\u0105 koniec re\u017cimu na Kubie, zale\u017cnym od ropy z Wenezueli.<\/p>\n<\/li>\n<li class=\"ids-list-item\">\n<p>Stany Zjednoczone nasilaj\u0105 presj\u0119 na Wenezuel\u0119 poprzez dzia\u0142ania wojskowe i tajne operacje CIA.<\/p>\n<\/li>\n<li class=\"ids-list-item\"><\/li>\n<\/ul>\n<p class=\"typography ids-typeset-body ids-typeset-body--preset-large link paragraph ids-paragraph ids-paragraph--default\">Scott wypowiedzia\u0142 si\u0119 na temat obalenia socjalistycznego przyw\u00f3dcy <a href=\"https:\/\/wydarzenia.interia.pl\/tematy-wenezuela,gsbi,4627\" rel=\"nofollow noopener\" target=\"_blank\">Wenezueli<\/a> w wyemitowanym w niedziel\u0119 wieczorem programie &#8222;60 Minutes&#8221; w telewizji CBS po\u015bwi\u0119conym rosn\u0105cej presji USA na Caracas.<\/p>\n<p class=\"typography ids-typeset-body ids-typeset-body--preset-large link paragraph ids-paragraph ids-paragraph--default\">&#8211; Gdybym by\u0142 na miejscu Maduro, uda\u0142bym si\u0119 teraz do <a href=\"https:\/\/wydarzenia.interia.pl\/tematy-rosja,gsbi,3125\" rel=\"nofollow noopener\" target=\"_blank\">Rosji<\/a> albo <a href=\"https:\/\/wydarzenia.interia.pl\/tematy-chiny,gsbi,4231\" rel=\"nofollow noopener\" target=\"_blank\">Chin<\/a>. Jego dni s\u0105 policzone.\u00a0Co\u015b si\u0119 wydarzy. Czy to co\u015b wewn\u0119trznego, czy zewn\u0119trznego, my\u015bl\u0119, \u017ce co\u015b si\u0119 wydarzy &#8211; powiedzia\u0142 senator z <a href=\"https:\/\/wydarzenia.interia.pl\/tematy-floryda,gsbi,5745\" rel=\"nofollow noopener\" target=\"_blank\">Florydy<\/a> nale\u017c\u0105cy do bliskich sojusznik\u00f3w prezydenta USA.<\/p>\n<p class=\"typography ids-typeset-body ids-typeset-body--preset-large link paragraph ids-paragraph ids-paragraph--default\">Polityk oceni\u0142 jednak, \u017ce mimo gromadzenia wojsk USA w regionie\u00a0by\u0142by zaskoczony, gdyby dosz\u0142o do ameryka\u0144skiej inwazji na Wenezuel\u0119.<\/p>\n<p class=\"typography ids-typeset-body ids-typeset-body--preset-large link paragraph ids-paragraph ids-paragraph--default\">&#8211; Ameryka zadba o p\u00f3\u0142kul\u0119 po\u0142udniow\u0105 (Wenezuela znajduje si\u0119 na p\u00f3\u0142kuli p\u00f3\u0142nocnej). I zadbamy o to, \u017ceby panowa\u0142a tam\u00a0wolno\u015b\u0107 i demokracja\u00a0&#8211; zapewni\u0142 jednak. Zapowiedzia\u0142 te\u017c, \u017ce upadek re\u017cimu Maduro b\u0119dzie si\u0119 wi\u0105za\u0107 z upadkiem re\u017cimu w <a href=\"https:\/\/wydarzenia.interia.pl\/tematy-kuba,gsbi,4376\" rel=\"nofollow noopener\" target=\"_blank\">Kubie<\/a>, kt\u00f3ry polega na dostawach subsydiowanej ropy z Wenezueli.<\/p>\n<p>USA nasilaj\u0105 naciski na Wenezuel\u0119. Seria uderze\u0144 przeciwko kartelom<\/p>\n<p class=\"typography ids-typeset-body ids-typeset-body--preset-large link paragraph ids-paragraph ids-paragraph--default\">Cz\u0119\u015b\u0107 programu CBS by\u0142a po\u015bwi\u0119cona sytuacji w Wenezueli w obliczu kolejnych\u00a0ruch\u00f3w administracji Trumpa\u00a0przeciwko temu krajowi. W pi\u0105tek<\/p>\n<p class=\"typography ids-typeset-body ids-typeset-body--preset-large link paragraph ids-paragraph ids-paragraph--default\"><a href=\"https:\/\/wydarzenia.interia.pl\/tematy-pentagon,gsbi,2363\" rel=\"nofollow noopener\" target=\"_blank\">Pentagon<\/a> poinformowa\u0142 o skierowaniu do regionu stacjonuj\u0105cego dot\u0105d na Adriatyku lotniskowca USS Gerald Ford wraz z towarzysz\u0105cymi mu okr\u0119tami wojennymi.\u00a0Dzie\u0144 wcze\u015bniej prezydent USA <a href=\"https:\/\/wydarzenia.interia.pl\/tematy-donald-trump,gsbi,16\" rel=\"nofollow noopener\" target=\"_blank\">Donald Trump<\/a> zapowiedzia\u0142 uderzenia przeciwko kartelom narkotykowym\u00a0na l\u0105dzie obok dotychczasowych uderze\u0144 przeciwko \u0142odziom podejrzanym o przewo\u017cenie narkotyk\u00f3w, z czego wi\u0119kszo\u015b\u0107 pochodzi\u0142a\u00a0z Wenezueli.<\/p>\n<p class=\"typography ids-typeset-body ids-typeset-body--preset-large link paragraph ids-paragraph ids-paragraph--default\">Trump poinformowa\u0142 te\u017c wcze\u015bniej o podj\u0119ciu tajnej operacji CIA wewn\u0105trz kraju.<\/p>\n<p>Wenezuela wa\u017cnym punkcie na szlaku przemytu. W tle oskar\u017cenia pod adresem Maduro<\/p>\n<p class=\"typography ids-typeset-body ids-typeset-body--preset-large link paragraph ids-paragraph ids-paragraph--default\">Cho\u0107 Wenezuela nie jest jednym z g\u0142\u00f3wnych producent\u00f3w narkotyk\u00f3w, to\u00a0stanowi istotn\u0105 cz\u0119\u015b\u0107\u00a0szlaku przemytu. Maduro jeszcze w 2020 r. zosta\u0142 formalnie oskar\u017cony w s\u0105dzie w <a href=\"https:\/\/wydarzenia.interia.pl\/tematy-nowy-jork,gsbi,4435\" rel=\"nofollow noopener\" target=\"_blank\">Nowym Jorku<\/a> o wsp\u00f3\u0142przewodzenie operacji przemytu narkotyk\u00f3w do USA wsp\u00f3lnie z lewicow\u0105 kolumbijsk\u0105 organizacj\u0105 FARC.<\/p>\n<p class=\"typography ids-typeset-body ids-typeset-body--preset-large link paragraph ids-paragraph ids-paragraph--default\">W tym roku nagroda za informacje prowadz\u0105ce do\u00a0schwytania przyw\u00f3dcy zosta\u0142a podwojona z 25 do 50 mln dolar\u00f3w. Mimo to administracja Trumpa dot\u0105d m\u00f3wi\u0142a, \u017ce nie d\u0105\u017cy do zmiany re\u017cimu w Wenezueli, nawet je\u015bli &#8211; podobnie jak administracja Bidena &#8211; nie uwa\u017ca Maduro za prawowitego przyw\u00f3dc\u0119 ze wzgl\u0119du na fa\u0142szowane wybory.<\/p>\n<p>&#8222;Polityczny WF&#8221;: Czas dominacji KO i PiS jest ju\u017c policzony?INTERIA.PL<\/p>\n<p><a class=\"ids-undecorated-link source ids-page-info--source__link\" href=\"https:\/\/p.iplsc.com\/-\/000L0SCEGA4O3ESS.pdf\" rel=\"nofollow noopener\" target=\"_blank\"><img decoding=\"async\" type=\"image\" attachmentident=\"0009A6098CYXTC6T\" class=\"ids-image-holder__img\" loading=\"lazy\" alt=\"\" title=\"\" height=\"24px\" src=\"https:\/\/www.europesays.com\/pl\/wp-content\/uploads\/2025\/10\/1761401718_219_0009A6098CYXTC6T-C202-F4.webp.webp\"\/><\/a><\/p>\n<p>Masz sugestie, uwagi albo widzisz b\u0142\u0105d? Napisz do nas<\/p>\n","protected":false},"excerpt":{"rendered":"W skr\u00f3cie Senator Rick Scott zapowiedzia\u0142, \u017ce dni Nicolasa Maduro s\u0105 policzone i doradzi\u0142 mu ucieczk\u0119 do Rosji&hellip;\n","protected":false},"author":2,"featured_media":71329,"comment_status":"","ping_status":"","sticky":false,"template":"","format":"standard","meta":{"footnotes":""},"categories":[14],"tags":[32,33,27,34,35,28,31,25,40,41,80,29,30,26,82,83,84],"class_list":{"0":"post-71328","1":"post","2":"type-post","3":"status-publish","4":"format-standard","5":"has-post-thumbnail","7":"category-swiat","8":"tag-breaking-news","9":"tag-breakingnews","10":"tag-headlines","11":"tag-latest-news","12":"tag-latestnews","13":"tag-naglowki","14":"tag-najwazniejsze-artykuly","15":"tag-news","16":"tag-polish","17":"tag-polski","18":"tag-swiat","19":"tag-top-stories","20":"tag-topstories","21":"tag-wiadomosci","22":"tag-world","23":"tag-world-news","24":"tag-worldnews"},"share_on_mastodon":{"url":"https:\/\/pubeurope.com\/@pl\/115447675281891108","error":""},"_links":{"self":[{"href":"https:\/\/www.europesays.com\/pl\/wp-json\/wp\/v2\/posts\/71328","targetHints":{"allow":["GET"]}}],"collection":[{"href":"https:\/\/www.europesays.com\/pl\/wp-json\/wp\/v2\/posts"}],"about":[{"href":"https:\/\/www.europesays.com\/pl\/wp-json\/wp\/v2\/types\/post"}],"author":[{"embeddable":true,"href":"https:\/\/www.europesays.com\/pl\/wp-json\/wp\/v2\/users\/2"}],"replies":[{"embeddable":true,"href":"https:\/\/www.europesays.com\/pl\/wp-json\/wp\/v2\/comments?post=71328"}],"version-history":[{"count":0,"href":"https:\/\/www.europesays.com\/pl\/wp-json\/wp\/v2\/posts\/71328\/revisions"}],"wp:featuredmedia":[{"embeddable":true,"href":"https:\/\/www.europesays.com\/pl\/wp-json\/wp\/v2\/media\/71329"}],"wp:attachment":[{"href":"https:\/\/www.europesays.com\/pl\/wp-json\/wp\/v2\/media?parent=71328"}],"wp:term":[{"taxonomy":"category","embeddable":true,"href":"https:\/\/www.europesays.com\/pl\/wp-json\/wp\/v2\/categories?post=71328"},{"taxonomy":"post_tag","embeddable":true,"href":"https:\/\/www.europesays.com\/pl\/wp-json\/wp\/v2\/tags?post=71328"}],"curies":[{"name":"wp","href":"https:\/\/api.w.org\/{rel}","templated":true}]}}