{"id":71330,"date":"2025-10-27T19:01:06","date_gmt":"2025-10-27T19:01:06","guid":{"rendered":"https:\/\/www.europesays.com\/pl\/71330\/"},"modified":"2025-10-27T19:01:06","modified_gmt":"2025-10-27T19:01:06","slug":"polskie-wojsko-ostrzega-przed-intensywna-rosyjska-operacja-uderza-w-polske-i-ukraine","status":"publish","type":"post","link":"https:\/\/www.europesays.com\/pl\/71330\/","title":{"rendered":"Polskie wojsko ostrzega przed 'intensywn\u0105 rosyjsk\u0105 operacj\u0105&#8217;. Uderza w Polsk\u0119 i Ukrain\u0119"},"content":{"rendered":"<p>Wojsko zwraca uwag\u0119 na dzia\u0142ania Rosji<\/p>\n<p class=\"art_paragraph\">27 pa\u017adziernika przedstawiciele wojska zwr\u00f3cili uwag\u0119, \u017ce w Polsce trwa &#8222;operacja psychologiczna budz\u0105ca polskie l\u0119ki i zasz\u0142o\u015bci historyczne&#8221;. Ma te\u017c budzi\u0107 zawi\u015b\u0107 i niech\u0119\u0107 Ukrainy i Polski wobec siebie. Okre\u015blono j\u0105 jako\u00a0&#8222;intensywn\u0105 rosyjsk\u0105 operacj\u0119 kognitywn\u0105 dotycz\u0105c\u0105 niszczenia ciep\u0142ych i pozytywnych polsko-ukrai\u0144skich relacji emocjonalnych i wzbudzanie antyukrai\u0144skich nastroj\u00f3w w Polsce&#8221;.\u00a0Wojsko zwr\u00f3ci\u0142o uwag\u0119, \u017ce nadal wykorzystywane s\u0105 znane ju\u017c metody dezinformacji i propagandy.\u00a0Przyk\u0142adami maj\u0105 by\u0107 m.in. zohydzanie wroga, hejt i podburzanie wobec Ukrai\u0144c\u00f3w, ataki w cyberprzestrzeni, podpalenia, a tak\u017ce zaburzanie sygna\u0142\u00f3w GPS w samolotach i okr\u0119tach. Jak podkre\u015blono, celem takich dzia\u0142a\u0144 jest\u00a0&#8222;sycenie naszego spo\u0142ecze\u0144stwa l\u0119kiem i poczuciem zagro\u017cenia (&#8230;). Nakierowanie emocji na Ukrain\u0119 &#8211; polscy obywatele chc\u0105cy powr\u00f3ci\u0107 do swojej strefy komfortu, mog\u0105 naciska\u0107 na rz\u0105dz\u0105cych, aby ci podejmowali decyzje nieb\u0119d\u0105ce zgodne z racj\u0105 stanu&#8221;.<\/p>\n<p>Co nale\u017cy robi\u0107?<\/p>\n<p class=\"art_paragraph\">W publikacji zwr\u00f3cono uwag\u0119, aby nie ulega\u0107 emocjom, &#8222;poniewa\u017c nie s\u0105 one uczciwie wzbudzane&#8221;. &#8222;Wr\u00f3g jest na wschodzie i jest to Rosja. Odci\u0119cie si\u0119 Polski od Ukrainy ul\u017cy Rosji w prowadzaniu wojny. Ka\u017cde dzia\u0142anie rozbijaj\u0105ce poparcie dla Ukrainy (dzia\u0142ania narracyjne, emocjonalne) wspiera Rosj\u0119 w jej agresji&#8221; &#8211; dodano. Co wa\u017cne, nale\u017cy pami\u0119ta\u0107, \u017ce &#8222;sabota\u017c jest prowadzony przez Rosj\u0119 i nie ma nic wsp\u00f3lnego z dzia\u0142aniami Ukrainy&#8221;.\u00a0<\/p>\n<p>        Zobacz wideo<\/p>\n<p>            Ameryka\u0144skie sankcje na Rosj\u0119 uderzaj\u0105 w jej gospodark\u0119\n    <\/p>\n<p>Niemiecki wywiad o zagro\u017ceniach ze strony Rosji<\/p>\n<p class=\"art_paragraph\">Wcze\u015bniej szef niemieckiego wywiadu zagranicznego BND, Martin Jaeger, ostrzega\u0142, \u017ce Rosja to &#8222;bezpo\u015brednie zagro\u017cenie&#8221;, a &#8222;lodowaty pok\u00f3j&#8221; z Uni\u0105 Europejsk\u0105 mo\u017ce szybko przerodzi\u0107 si\u0119 w &#8222;gor\u0105c\u0105 konfrontacj\u0119&#8221;. Jego zdaniem\u00a0Rosja chce rozszerzy\u0107 wp\u0142ywy na zach\u00f3d i &#8222;nie zawaha si\u0119 przed konfrontacj\u0105 wojskow\u0105 z NATO&#8221;. Niemcy s\u0105 dla niej &#8222;numerem jeden w Europie&#8221; ze wzgl\u0119du na wsparcie dla Ukrainy. Jaeger uwa\u017ca, \u017ce zagro\u017cenie ju\u017c trwa. Wskaza\u0142 na dzia\u0142ania Rosji, takie jak &#8222;manipulacje, propaganda, sabota\u017c i naruszenia przestrzeni powietrznej&#8221;. Lider niemieckiego kontrwywiadu, Sinan Selen, doda\u0142, \u017ce rosyjskie dzia\u0142ania s\u0105 &#8222;coraz bardziej eskalacyjne&#8221; i maj\u0105 os\u0142abi\u0107 demokracje Zachodu.<\/p>\n<p class=\"art_paragraph\">Wi\u0119cej na temat wojny w Ukrainie przeczytasz w artykule: <a href=\"https:\/\/wiadomosci.gazeta.pl\/swiat\/7,198075,32357314,nieoficjalnie-unia-europejska-chce-przeniesc-misje-szkoleniowe.html\" class=\"art_link\" rel=\"dofollow noopener\" target=\"_blank\">&#8222;Nieoficjalnie: Unia Europejska chce przenie\u015b\u0107 misje szkoleniowe do Ukrainy&#8221;<\/a>.<\/p>\n<p>\u0179r\u00f3d\u0142a:\u00a0Sztab Generalny WP (X), IAR<\/p>\n","protected":false},"excerpt":{"rendered":"Wojsko zwraca uwag\u0119 na dzia\u0142ania Rosji 27 pa\u017adziernika przedstawiciele wojska zwr\u00f3cili uwag\u0119, \u017ce w Polsce trwa &#8222;operacja psychologiczna&hellip;\n","protected":false},"author":2,"featured_media":71331,"comment_status":"","ping_status":"","sticky":false,"template":"","format":"standard","meta":{"footnotes":""},"categories":[12],"tags":[32,33,36,37,27,34,35,28,31,25,42,38,40,39,41,29,30,26],"class_list":{"0":"post-71330","1":"post","2":"type-post","3":"status-publish","4":"format-standard","5":"has-post-thumbnail","7":"category-polska","8":"tag-breaking-news","9":"tag-breakingnews","10":"tag-featured-news","11":"tag-featurednews","12":"tag-headlines","13":"tag-latest-news","14":"tag-latestnews","15":"tag-naglowki","16":"tag-najwazniejsze-artykuly","17":"tag-news","18":"tag-pl","19":"tag-poland","20":"tag-polish","21":"tag-polska","22":"tag-polski","23":"tag-top-stories","24":"tag-topstories","25":"tag-wiadomosci"},"share_on_mastodon":{"url":"https:\/\/pubeurope.com\/@pl\/115447679128874340","error":""},"_links":{"self":[{"href":"https:\/\/www.europesays.com\/pl\/wp-json\/wp\/v2\/posts\/71330","targetHints":{"allow":["GET"]}}],"collection":[{"href":"https:\/\/www.europesays.com\/pl\/wp-json\/wp\/v2\/posts"}],"about":[{"href":"https:\/\/www.europesays.com\/pl\/wp-json\/wp\/v2\/types\/post"}],"author":[{"embeddable":true,"href":"https:\/\/www.europesays.com\/pl\/wp-json\/wp\/v2\/users\/2"}],"replies":[{"embeddable":true,"href":"https:\/\/www.europesays.com\/pl\/wp-json\/wp\/v2\/comments?post=71330"}],"version-history":[{"count":0,"href":"https:\/\/www.europesays.com\/pl\/wp-json\/wp\/v2\/posts\/71330\/revisions"}],"wp:featuredmedia":[{"embeddable":true,"href":"https:\/\/www.europesays.com\/pl\/wp-json\/wp\/v2\/media\/71331"}],"wp:attachment":[{"href":"https:\/\/www.europesays.com\/pl\/wp-json\/wp\/v2\/media?parent=71330"}],"wp:term":[{"taxonomy":"category","embeddable":true,"href":"https:\/\/www.europesays.com\/pl\/wp-json\/wp\/v2\/categories?post=71330"},{"taxonomy":"post_tag","embeddable":true,"href":"https:\/\/www.europesays.com\/pl\/wp-json\/wp\/v2\/tags?post=71330"}],"curies":[{"name":"wp","href":"https:\/\/api.w.org\/{rel}","templated":true}]}}