{"id":71334,"date":"2025-10-27T19:07:09","date_gmt":"2025-10-27T19:07:09","guid":{"rendered":"https:\/\/www.europesays.com\/pl\/71334\/"},"modified":"2025-10-27T19:07:09","modified_gmt":"2025-10-27T19:07:09","slug":"przelom-przed-szczytem-trump-xi-chiny-i-usa-osiagnely-ramowy-konsensus","status":"publish","type":"post","link":"https:\/\/www.europesays.com\/pl\/71334\/","title":{"rendered":"Prze\u0142om przed szczytem Trump-Xi? Chiny i USA osi\u0105gn\u0119\u0142y &#8222;ramowy konsensus&#8221;"},"content":{"rendered":"<p>2025-10-27 15:11<\/p>\n<p>publikacja<br \/>2025-10-27 15:11<\/p>\n<p>Podziel si\u0119<\/p>\n<p>Minister spraw zagranicznych Chin Wang Yi powiedzia\u0142 w poniedzia\u0142ek, \u017ce Pekin osi\u0105gn\u0105\u0142 \u201eramowy konsensus\u201d z USA w kluczowych kwestiach handlowych, co ma stanowi\u0107 podstaw\u0119 do ustabilizowania dwustronnych stosunk\u00f3w \u2013 poda\u0142o MSZ po rozmowie szefa dyplomacji z sekretarzem stanu USA Markiem Rubio.<\/p>\n<p><img decoding=\"async\" class=\"o-graphics-multiobject__inner-blurry-picture-img\" src=\"https:\/\/www.europesays.com\/pl\/wp-content\/uploads\/2025\/10\/babd98564f9d50-948-568-6-33-1194-716.jpg\" width=\"948\" height=\"568\" alt=\"Prze\u0142om przed szczytem Trump-Xi? Chiny i USA osi\u0105gn\u0119\u0142y &quot;ramowy konsensus&quot;\" loading=\"lazy\"\/><img decoding=\"async\" class=\"o-graphics-multiobject__item webfeedsFeaturedVisual\" src=\"https:\/\/www.europesays.com\/pl\/wp-content\/uploads\/2025\/10\/babd98564f9d50-948-568-6-33-1194-716.jpg\" width=\"948\" height=\"568\" alt=\"Prze\u0142om przed szczytem Trump-Xi? Chiny i USA osi\u0105gn\u0119\u0142y &quot;ramowy konsensus&quot;\" loading=\"lazy\"\/>fot. Aaron Favila, Reuters \/ Nathan Howard, Reuters \/ \/\u00a0FORUM  <\/p>\n<p>Wang oceni\u0142, \u017ce porozumienie osi\u0105gni\u0119to po \u201ezawirowaniach\u201d w relacjach handlowych w ostatnim czasie. Jak zaznaczy\u0142, prze\u0142om by\u0142 mo\u017cliwy dzi\u0119ki rozmowom w Kuala Lumpur w miniony weekend.<\/p>\n<blockquote>\n<p>\u201eStrony wyja\u015bni\u0142y swoje stanowiska, pog\u0142\u0119bi\u0142y zrozumienie i osi\u0105gn\u0119\u0142y ramowy konsensus w sprawie (&#8230;) rozwi\u0105zania bie\u017c\u0105cych, pilnych problem\u00f3w gospodarczych i handlowych\u201d \u2013 powiedzia\u0142 Wang, cytowany w nocie MSZ.<\/p>\n<\/blockquote>\n<p>Minister finans\u00f3w USA Scott Bessent, kt\u00f3ry przewodniczy\u0142 delegacji USA, oceni\u0142 w niedziel\u0119 po zako\u0144czonych negocjacjach, \u017ce stworzy\u0142y one \u201ebardzo dobre ramy\u201d do zawarcia porozumienia handlowego z Chinami podczas spotkania prezydenta Donalda Trumpa i przyw\u00f3dcy ChRL Xi Jinpinga. Do spotkania ma doj\u015b\u0107 w czwartek w Korei Po\u0142udniowej w kuluarach szczytu Wsp\u00f3lnoty Gospodarczej Azji i Pacyfiku (APEC).<\/p>\n<blockquote>\n<p>\u2013 Dyskutowali\u015bmy o handlu, metalach ziem rzadkich, fentanylu, TikToku i og\u00f3lnych relacjach mi\u0119dzy obu krajami \u2013 podsumowa\u0142 przedstawiciel Waszyngtonu.<\/p>\n<\/blockquote>\n<p>Wed\u0142ug Wanga fundamentem relacji pozostaje szacunek mi\u0119dzy przyw\u00f3dcami obu kraj\u00f3w, a osi\u0105gni\u0119te porozumienie dowodzi, \u017ce post\u0119p jest mo\u017cliwy. \u201eDop\u00f3ki obie strony b\u0119d\u0105 kierowa\u0107 si\u0119 duchem r\u00f3wno\u015bci, szacunku i wzajemno\u015bci, nalega\u0107 na rozwi\u0105zywanie sprzeczno\u015bci poprzez dialog i odrzuca\u0107 praktyk\u0119 wywierania presji, mo\u017cliwe jest ustabilizowanie i pchni\u0119cie naprz\u00f3d naszych stosunk\u00f3w\u201d &#8211; podkre\u015bli\u0142.<\/p>\n<p>W nocie chi\u0144skiego MSZ podano, \u017ce szef ameryka\u0144skiej dyplomacji Rubio o\u015bwiadczy\u0142, i\u017c \u201estosunki ameryka\u0144sko-chi\u0144skie s\u0105 najwa\u017cniejszymi stosunkami dwustronnymi na \u015bwiecie\u201d. Wyrazi\u0142 te\u017c nadziej\u0119, \u017ce interakcje na wysokim szczeblu \u201ewy\u015bl\u0105 \u015bwiatu pozytywny sygna\u0142\u201d.<\/p>\n<p>Z Pekinu Krzysztof Pawliszak (PAP)<\/p>\n<p>krp\/ akl\/<\/p>\n","protected":false},"excerpt":{"rendered":"2025-10-27 15:11 publikacja2025-10-27 15:11 Podziel si\u0119 Minister spraw zagranicznych Chin Wang Yi powiedzia\u0142 w poniedzia\u0142ek, \u017ce Pekin osi\u0105gn\u0105\u0142&hellip;\n","protected":false},"author":2,"featured_media":71335,"comment_status":"","ping_status":"","sticky":false,"template":"","format":"standard","meta":{"footnotes":""},"categories":[14],"tags":[32,33,27,34,35,28,31,25,40,41,80,29,30,26,82,83,84],"class_list":{"0":"post-71334","1":"post","2":"type-post","3":"status-publish","4":"format-standard","5":"has-post-thumbnail","7":"category-swiat","8":"tag-breaking-news","9":"tag-breakingnews","10":"tag-headlines","11":"tag-latest-news","12":"tag-latestnews","13":"tag-naglowki","14":"tag-najwazniejsze-artykuly","15":"tag-news","16":"tag-polish","17":"tag-polski","18":"tag-swiat","19":"tag-top-stories","20":"tag-topstories","21":"tag-wiadomosci","22":"tag-world","23":"tag-world-news","24":"tag-worldnews"},"share_on_mastodon":{"url":"https:\/\/pubeurope.com\/@pl\/115447703262891995","error":""},"_links":{"self":[{"href":"https:\/\/www.europesays.com\/pl\/wp-json\/wp\/v2\/posts\/71334","targetHints":{"allow":["GET"]}}],"collection":[{"href":"https:\/\/www.europesays.com\/pl\/wp-json\/wp\/v2\/posts"}],"about":[{"href":"https:\/\/www.europesays.com\/pl\/wp-json\/wp\/v2\/types\/post"}],"author":[{"embeddable":true,"href":"https:\/\/www.europesays.com\/pl\/wp-json\/wp\/v2\/users\/2"}],"replies":[{"embeddable":true,"href":"https:\/\/www.europesays.com\/pl\/wp-json\/wp\/v2\/comments?post=71334"}],"version-history":[{"count":0,"href":"https:\/\/www.europesays.com\/pl\/wp-json\/wp\/v2\/posts\/71334\/revisions"}],"wp:featuredmedia":[{"embeddable":true,"href":"https:\/\/www.europesays.com\/pl\/wp-json\/wp\/v2\/media\/71335"}],"wp:attachment":[{"href":"https:\/\/www.europesays.com\/pl\/wp-json\/wp\/v2\/media?parent=71334"}],"wp:term":[{"taxonomy":"category","embeddable":true,"href":"https:\/\/www.europesays.com\/pl\/wp-json\/wp\/v2\/categories?post=71334"},{"taxonomy":"post_tag","embeddable":true,"href":"https:\/\/www.europesays.com\/pl\/wp-json\/wp\/v2\/tags?post=71334"}],"curies":[{"name":"wp","href":"https:\/\/api.w.org\/{rel}","templated":true}]}}