{"id":71336,"date":"2025-10-27T19:08:10","date_gmt":"2025-10-27T19:08:10","guid":{"rendered":"https:\/\/www.europesays.com\/pl\/71336\/"},"modified":"2025-10-27T19:08:10","modified_gmt":"2025-10-27T19:08:10","slug":"okret-tonie-system-walczy-o-zycie-rzad-chce-zalatac-dziure-w-budzecie-nfz-ucierpia-pensje-lekarzy","status":"publish","type":"post","link":"https:\/\/www.europesays.com\/pl\/71336\/","title":{"rendered":"&#8222;Okr\u0119t tonie, system walczy o \u017cycie&#8221;. Rz\u0105d chce za\u0142ata\u0107 dziur\u0119 w bud\u017cecie NFZ. Ucierpi\u0105 pensje lekarzy?"},"content":{"rendered":"<p> Pieni\u0105dze w NFZ topniej\u0105. Jakie s\u0105 plany Ministerstwa Zdrowia?<\/p>\n<p class=\"ods-c-paragraph \">Eksperci podkre\u015blaj\u0105, \u017ce problemy finansowe NFZ mog\u0105 wp\u0142yn\u0105\u0107 na dost\u0119pno\u015b\u0107 i jako\u015b\u0107 \u015bwiadcze\u0144 zdrowotnych w Polsce. <a href=\"https:\/\/www.medonet.pl\/biznes-system-i-zdrowie,nfz-wprowadza-kluczowe-zmiany-w-rozliczeniach-za-nadwykonania-w-swiadczeniach-i-lekach,artykul,84012962.html#:~:text=Fundusz%20pracuje%20obecnie%20nad%20zako%C5%84czeniem%20rozlicze%C5%84%20za%20nadwykonania,Zdrowia%20zosta%C5%82y%20ju%C5%BC%20rozdysponowane%20mi%C4%99dzy%20wojew%C3%B3dzkimi%20oddzia%C5%82ami%20NFZ.\" id=\"b9b05726-7904-4e91-82ca-c010f37b1827\" rel=\"nofollow noopener\" target=\"_blank\">Brak pieni\u0119dzy na rozliczenie nadwykona\u0144<\/a> oraz zagro\u017cenie dla realizacji kontrakt\u00f3w w niekt\u00f3rych regionach kraju to tylko wierzcho\u0142ek g\u00f3ry lodowej. W obliczu rosn\u0105cych koszt\u00f3w ochrony zdrowia rz\u0105d musi podj\u0105\u0107 decyzje, kt\u00f3re mog\u0105 mie\u0107 d\u0142ugofalowe konsekwencje dla pacjent\u00f3w, medyk\u00f3w i ca\u0142ego systemu opieki zdrowotnej.<\/p>\n<p class=\"ods-c-paragraph \"><a href=\"https:\/\/www.medonet.pl\/zdrowie\/wiadomosci,nadchodzi-reforma-szpitalnictwa-w-polsce--kolosalny-wplyw-na-pacjentow,artykul,98200245.html\" id=\"3808ebca-b51e-4c38-979d-f878ca6059ae\" rel=\"nofollow noopener\" target=\"_blank\">Minister zdrowia Jolanta Sobiera\u0144ska-Grenda zapowiada reform\u0119 szpitalnictwa<\/a>, kt\u00f3ra ma obejmowa\u0107 przekszta\u0142cenia i konsolidacj\u0119 plac\u00f3wek, dostosowuj\u0105c je do zmieniaj\u0105cych si\u0119 potrzeb demograficznych. Kluczowe maj\u0105 by\u0107 tak\u017ce zmiany w koszyku <a href=\"https:\/\/www.medonet.pl\/biznes-system-i-zdrowie\/zmiany-prawne-w-ochronie-zdrowia,zmiany-w-opiece-lekarskiej--od-marca-skorzystasz-z-tych-swiadczen-w-ambulatorium,artykul,46721939.html\" id=\"365f5868-d25c-4ed2-b788-a0ddaae3527e\" rel=\"nofollow noopener\" target=\"_blank\">\u015bwiadcze\u0144 gwarantowanych<\/a>, w tym analiza zasadno\u015bci niekt\u00f3rych procedur. Ministerstwo rozwa\u017ca r\u00f3wnie\u017c zamro\u017cenie podwy\u017cek wynagrodze\u0144 minimalnych dla medyk\u00f3w na dwa lata oraz przesuni\u0119cie waloryzacji pensji z lipca na stycze\u0144.<\/p>\n<p class=\"ods-c-paragraph \">Polecamy: <a href=\"https:\/\/www.medonet.pl\/biznes-system-i-zdrowie\/trendy-w-ochronie-zdrowia,minister-zdrowia--konieczne-przeszacowanie-niektorych-procedur,artykul,00744856.html\" id=\"88a23607-06c6-4a9c-a19e-7f37317796a0\" rel=\"nofollow noopener\" target=\"_blank\">Minister zdrowia: konieczne przeszacowanie niekt\u00f3rych procedur<\/a><\/p>\n<p class=\"ods-c-paragraph \">Pewne deklaracje co do kierunku dzia\u0142a\u0144 rz\u0105du pad\u0142y dzi\u015b (27 pa\u017adziernika) na spotkaniu prezydium Tr\u00f3jstronnego Zespo\u0142u ds. Ochrony Zdrowia. Zaproponowane zosta\u0142y przez Ministerstwo Zdrowia g\u00f3rne stawki wynagrodze\u0144 lekarzy na poziomie 36,5 tys. z\u0142 tys. z\u0142 miesi\u0119cznie, (dodatkowo  z z mo\u017cliwo\u015bci\u0105 podniesienia do 48 tys. z\u0142 w kilku uzasadnionych sytuacjach). Wojciech Wi\u015bniewski, ekspert ds. ochrony zdrowia z Federacji Przedsi\u0119biorc\u00f3w Polskich i wsp\u00f3\u0142przewodnicz\u0105cy Tr\u00f3jstronnego Zespo\u0142u ds. Ochrony Zdrowia, w rozmowie z Medonetem przyznaje: nawet najlepsze ustalenia nie przynios\u0105 natychmiastowego efektu.<\/p>\n<p class=\"ods-c-paragraph \">\u2014 Okr\u0119t tonie, system walczy o \u017cycie. Nawet je\u015bli dzi\u015b dogadamy si\u0119 co do redukcji dynamiki wynagrodze\u0144 czy kontrakt\u00f3w, to efekt przyjdzie za 12-18 miesi\u0119cy \u2014 m\u00f3wi.<\/p>\n<p>Dalszy ci\u0105g artyku\u0142u pod materia\u0142em wideo<\/p>\n<p> Jakie s\u0105 plany rz\u0105du w zwi\u0105zku z finansami NFZ? <\/p>\n<p> Czy pensje lekarzy mog\u0105 by\u0107 zamro\u017cone? <\/p>\n<p> Jakie zmiany maj\u0105 dotyczy\u0107 koszyka \u015bwiadcze\u0144 gwarantowanych? <\/p>\n<p> Co eksperci m\u00f3wi\u0105 o sytuacji w polskiej ochronie zdrowia? <\/p>\n<p>  Bal si\u0119 sko\u0144czy\u0142, skala katastrofy jest ogromna<\/p>\n<p class=\"ods-c-paragraph \">W jego ocenie to, co do tej pory oceniano jako &#8222;mizerny system&#8221;, mo\u017ce wkr\u00f3tce jawi\u0107 si\u0119 jako wspomnienie lepszych czas\u00f3w. \u2014 Obywatele nigdy nie oceniali systemu dobrze, ale nawet ta mizeria b\u0119dzie przyjemnym wspomnieniem w por\u00f3wnaniu z tym, co nadchodzi \u2014 przyznaje. O tym, co czeka polski system opieki zdrowotnej, decydent\u00f3w ostrzegano, jak podkre\u015bla, od lat.<\/p>\n<p class=\"ods-c-paragraph \">\u2014 Ods\u0105dzano nas od czci i wiary, m\u00f3wiono, \u017ce siejemy panik\u0119. No i efekt jest, jaki jest \u2014 podsumowuje gorzko, dodaj\u0105c, \u017ce ju\u017c dawno przekroczyli\u015bmy granic\u0119 wytrzyma\u0142o\u015bci systemu. \u2014 Skala katastrofy jest ogromna. Bal si\u0119 sko\u0144czy\u0142 \u2014 m\u00f3wi z moc\u0105.<\/p>\n<p class=\"ods-c-paragraph \">Zobacz tak\u017ce: <a href=\"https:\/\/www.medonet.pl\/biznes-system-i-zdrowie\/trendy-w-ochronie-zdrowia,pensje-lekarzy-rosna--a-szpitale-tona-w-dlugach--trojanowski--to-gra-pieniadza--zaklamanie--merkantylizm,artykul,87027172.html\" id=\"e5ad60a1-3b22-4675-b113-dc192c6aeb36\" rel=\"nofollow noopener\" target=\"_blank\">Pensje lekarzy rosn\u0105, a szpitale ton\u0105 w d\u0142ugach. Trojanowski: to gra pieni\u0105dza, zak\u0142amanie, merkantylizm<\/a><\/p>\n<p class=\"ods-c-paragraph \">Wojciech Wi\u015bniewski nie ma z\u0142udze\u0144: ostatnie lata &#8222;polskiego zdrowia&#8221; to \u017cycie ponad stan. \u2014 Nie ukrywam \u2014 nie wierz\u0119, \u017ce te pieni\u0105dze si\u0119 znajd\u0105. System, jaki znali\u015bmy, przestaje istnie\u0107. A to, co nadchodzi, mo\u017ce by\u0107 gorsze ni\u017c wszystko, co by\u0142o \u2014 m\u00f3wi bez ogr\u00f3dek.<\/p>\n<p class=\"ods-c-paragraph \">Podobnego zdania jest dr n.med. Mateusz Kowalczyk, kt\u00f3ry zapytany o aktualn\u0105 sytuacj\u0119 w ochronie zdrowia, przyznaje: \u2014 Jestem przekonany, \u017ce gdyby zrobi\u0107 porz\u0105dny audyt, okaza\u0142oby si\u0119, \u017ce w systemie przepalane s\u0105 ogromne pieni\u0105dze \u2014 na dublowanie zlece\u0144, bada\u0144, procedur. Przy lepszej cyfryzacji i spi\u0119ciu szpitali w jedn\u0105 sie\u0107 informatyczn\u0105 mo\u017cna by zaoszcz\u0119dzi\u0107 gigantyczne kwoty \u2014 m\u00f3wi, dodaj\u0105c, \u017ce zarz\u0105dzanie bud\u017cetem na zdrowie na zasadzie &#8222;jako\u015b to b\u0119dzie&#8221; jest niedopuszczalne.<\/p>\n<blockquote class=\"ods-o-quota\">\n<p class=\"ods-o-quota__paragraph\">\u2014 Zasypiemy tu, dosypiemy tam, przecieka, ale to ju\u017c problem tych, co przyjd\u0105 po nas<\/p>\n<\/blockquote>\n<p class=\"ods-c-paragraph \"> \u2014 komentuje lekarz.<\/p>\n<p>System nie ma z czego p\u0142aci\u0107 za nadwykonania. Ucierpi\u0105 pacjenci?<\/p>\n<p class=\"ods-c-paragraph \">W worku NFZ brakuje pieni\u0119dzy. I to nie s\u0105 symboliczne kwoty, poniewa\u017c brakuje a\u017c 14 mld z\u0142. W przysz\u0142ym roku b\u0119dzie jeszcze gorzej \u2014 wed\u0142ug szacunk\u00f3w Ministerstwa Zdrowia luka finansowa wyniesie 23 mld z\u0142. Nie ma pieni\u0119dzy ani na rozliczenie nadwykona\u0144, ani na nowe kontrakty. Co wi\u0119cej \u2014 eksperci obserwuj\u0105cy sytuacj\u0119 obawiaj\u0105 si\u0119, \u017ce nawet ju\u017c zakontraktowane \u015bwiadczenia s\u0105 zagro\u017cone.<\/p>\n<p class=\"ods-c-paragraph \">\u2014 Ko\u0144cz\u0105 si\u0119 czasy, w kt\u00f3rych NFZ p\u0142aci\u0142 za wszystko, nawet ponad warto\u015b\u0107 um\u00f3w \u2014 m\u00f3wi Wi\u015bniewski, t\u0142umacz\u0105c, \u017ce planowe operacje, przyj\u0119cia do AOS-u (Ambulatoryjna Opieka Specjalistyczna) czy realizacja program\u00f3w lekowych mog\u0105 by\u0107 zagro\u017cone. \u2014 Zak\u0142adam, \u017ce lepiej nie b\u0119dzie \u2014 m\u00f3wi, dodaj\u0105c: \u2014 Mam nadziej\u0119, \u017ce ci pacjenci nie odczuj\u0105 negatywnych skutk\u00f3w. Ale je\u015bli kto\u015b wierzy, \u017ce ta sytuacja nie odbije si\u0119 na zdrowiu chorych \u2014 w mojej opinii si\u0119 myli.<\/p>\n<p class=\"ods-c-paragraph \">Zmiany zapowiadane przez MZ maj\u0105 dotyczy\u0107 m.in.<a href=\"https:\/\/www.medonet.pl\/biznes-system-i-zdrowie\/trendy-w-ochronie-zdrowia,minister-zdrowia--konieczne-przeszacowanie-niektorych-procedur,artykul,00744856.html#:~:text=Wsp%C3%B3lnie%20z%20prof.%20Czaudern%C4%85%20minister%20zdrowia%20zgodzi%C5%82a%20si%C4%99%2C,szerszych%20rozm%C3%B3w%20o%20stabilizacji%20finansowej%20systemu%20ochrony%20zdrowia.\" id=\"3554eb03-e4e8-4e48-82a9-f4e423c83b25\" rel=\"nofollow noopener\" target=\"_blank\"> reformy w wynagrodzeniach dla medyk\u00f3w i ustalenia g\u00f3rnej granicy ich zarobk\u00f3w<\/a>. Czy to dobry pomys\u0142? \u2014 Nie jestem entuzjast\u0105 okre\u015blania maksymalnego poziomu wynagrodzenia z prostego powodu. Bo wtedy ka\u017cdy medyk, kt\u00f3ry zarabia poni\u017cej g\u00f3rnego pu\u0142apu, przyjdzie do dyrektora szpitala po podwy\u017ck\u0119, licz\u0105c, \u017ce NFZ to zrefunduje \u2014 t\u0142umaczy Wi\u015bniewski.<\/p>\n<p class=\"ods-c-paragraph \">Mo\u017ce ci\u0119 zainteresowa\u0107: <a href=\"https:\/\/www.medonet.pl\/zdrowie\/wiadomosci,minister-zdrowia-powolala-nowego-dyrektora-centrum-e-zdrowia--to-doswiadczony-menedzer-z-zabrza,artykul,18811119.html\" id=\"324c1916-e367-4316-8480-28036b18fde6\" rel=\"nofollow noopener\" target=\"_blank\">Minister zdrowia powo\u0142a\u0142a nowego dyrektora Centrum e-Zdrowia. To do\u015bwiadczony mened\u017cer z Zabrza<\/a><\/p>\n<p class=\"ods-c-paragraph \">Jego zdaniem potrzebna jest przejrzysto\u015b\u0107, a nie sztywne limity.<\/p>\n<blockquote class=\"ods-o-quota\">\n<p class=\"ods-o-quota__paragraph\">\u2014 Wszyscy musimy troch\u0119 ust\u0105pi\u0107. Mam nadziej\u0119, \u017ce strona zwi\u0105zkowa zachowa si\u0119 odpowiedzialnie, jak zwykle<\/p>\n<\/blockquote>\n<p class=\"ods-c-paragraph \">\u2014 dodaje.<\/p>\n<p class=\"ods-c-paragraph \">Temat <a href=\"https:\/\/www.medonet.pl\/zdrowie\/wiadomosci,ile-beda-zarabiac-medycy-od-1-lipca--nowe-stawki-wynagrodzen,artykul,99577782.html\" id=\"82d64e4e-b152-4ced-ab24-9772f79d4e18\" rel=\"nofollow noopener\" target=\"_blank\">zarobk\u00f3w medyk\u00f3w<\/a> od dawna rozpala opini\u0119 publiczn\u0105 do czerwono\u015bci, cho\u0107, jak podkre\u015blaj\u0105 sami zainteresowani, du\u017co w tym sensacji, a ma\u0142o obiektywizmu. \u2014 To klasyczny temat zast\u0119pczy, bardzo \u0142atwy do rozgrywania medialnie. Spo\u0142ecze\u0144stwo jest podatne na informacje o zarobkach \u2014 m\u00f3wi dr n.med. Mateusz Kowalczyk.<\/p>\n<p class=\"ods-c-paragraph \">W jego ocenie dyskusja o wynagrodzeniach medyk\u00f3w cz\u0119sto pomija istotne szczeg\u00f3\u0142y ich pracy. \u2014 Nikt nie przelicza tego na liczb\u0119 godzin sp\u0119dzonych w szpitalu, na poziom umiej\u0119tno\u015bci \u2014 zauwa\u017ca, dodaj\u0105c: \u2014 Nie m\u00f3wimy, \u017ce nam jest \u017ale finansowo. M\u00f3wimy, \u017ce \u017ale dzia\u0142a system \u2014 \u017ce przep\u0142yw pieni\u0119dzy w ochronie zdrowia wymaga reform.<\/p>\n<p><a href=\"https:\/\/csr.onet.pl\/1746213\/trk\/adclick\/das,1824309,0?CS=tracking\" title=\"MedonetPRO OnetPremium\" data-astro-prefetch=\"tap\" rel=\"nofollow noopener\" target=\"_blank\"> <img decoding=\"async\" src=\"https:\/\/cdn.medonet.pl\/1\/9xOk9lBaHR0cHM6Ly9vY2RuLmV1L3B1bHNjbXMvTURBXy9hMGY5NWNmMDcwYzA5MjFiZDc2NTFlYzU4MDEzNGIzNy5wbmeSlQMAAM0DSMzIlQLNB1gAwsPeAAKhMAehMQQ\" height=\"200\" width=\"840\" alt=\"MedonetPRO OnetPremium\" loading=\"lazy\" class=\"ods-c-image__img ods-c-image__img--viewport-width\"\/> <\/a><\/p>\n<p>MedonetPRO OnetPremiumMedonet<\/p>\n<p> Kominy p\u0142acowe \u2014 temat, kt\u00f3ry nie uleczy systemu<\/p>\n<p class=\"ods-c-paragraph \">Czy ustalenie g\u00f3rnej granicy zarobk\u00f3w dla lekarzy &#8222;uzdrowi&#8221; polski system opieki zdrowotnej? \u2014 To pr\u00f3ba pokazania, \u017ce lekarze b\u0119d\u0105 bardziej r\u00f3wni z reszt\u0105 spo\u0142ecze\u0144stwa. Tylko \u017ce to niczego nie uzdrowi. System dalej b\u0119dzie si\u0119 pali\u0142 i wali\u0142, ale przynajmniej da si\u0119 lekarzom po nosie \u2014 komentuje z przek\u0105sem dr Kowalczyk.<\/p>\n<p class=\"ods-c-paragraph \">Jego zdaniem takie dzia\u0142ania nie maj\u0105 realnego wp\u0142ywu na popraw\u0119 funkcjonowania ochrony zdrowia. Nie skr\u00f3c\u0105 kolejek, nie zwi\u0119ksz\u0105 dost\u0119pno\u015bci us\u0142ug, nie poprawi\u0105 organizacji pracy. \u2014 Nie b\u0119dzie tak, \u017ce pani Maria z mniejszej miejscowo\u015bci szybciej trafi na zabieg. Od razu m\u00f3wi\u0119: kolejki si\u0119 nie skr\u00f3c\u0105. Wr\u0119cz przeciwnie \u2014 zaznacza.<\/p>\n<p class=\"ods-c-paragraph \">\u2014 Udawanie, \u017ce problemem systemu s\u0105 finanse lekarzy, to straszne sp\u0142ycenie. To tylko pr\u00f3ba dotrwania do kolejnych wybor\u00f3w bez konieczno\u015bci robienia g\u0142\u0119bszych reform \u2014 dodaje.<\/p>\n<p>   System opieki zdrowotnej chyli si\u0119 ku upadkowi. Dobrego rozwi\u0105zania nie ma<\/p>\n<p class=\"ods-c-paragraph \">Jak zaznacza w rozmowie z Medonetem Wi\u015bniewski, strona pracodawc\u00f3w przygotowa\u0142a swoje stanowisko \u2014 zar\u00f3wno w sprawie ustawy o minimalnym wynagrodzeniu dla medyk\u00f3w, jak i kontrakt\u00f3w. Negocjacje ruszaj\u0105, ale czas ucieka. Je\u015bli do ko\u0144ca roku nie uda si\u0119 osi\u0105gn\u0105\u0107 porozumienia, ustawa w obecnym kszta\u0142cie zacznie obowi\u0105zywa\u0107 w po\u0142owie przysz\u0142ego roku.<\/p>\n<p class=\"ods-c-paragraph \">\u2014 Je\u015bli powiedzia\u0142em, \u017ce bal si\u0119 sko\u0144czy\u0142, to w po\u0142owie przysz\u0142ego roku mo\u017cna zamyka\u0107 kram \u2014 puentuje.<\/p>\n<p class=\"ods-c-paragraph \">\u2014 Co Ministerstwo Zdrowia mo\u017ce zrobi\u0107 tu i teraz, by unikn\u0105\u0107 ca\u0142kowitego za\u0142amania w nadchodz\u0105cym roku? \u2014 pytam. W odpowiedzi s\u0142ysz\u0119: \u2014 W tym momencie nie ma innego rozwi\u0105zania ni\u017c zasilenie finansowe Narodowego Funduszu Zdrowia \u2014 m\u00f3wi stanowczo.<\/p>\n<p class=\"ods-c-paragraph \">Jak t\u0142umaczy, w kr\u00f3tkim terminie nie da si\u0119 przeprowadzi\u0107 cud\u00f3w. Mo\u017cna jedynie \u0142agodzi\u0107 ograniczenia w dost\u0119pie do \u015bwiadcze\u0144, ale to nie rozwi\u0105\u017ce problemu. Dlatego jego zdaniem czeka nas terapia szokowa.<\/p>\n<p class=\"ods-c-paragraph \">\u2014 Nie chc\u0119 tego por\u00f3wnywa\u0107 do planu Balcerowicza, ale na mniejsz\u0105 skal\u0119 \u2014 prawdopodobnie trzeba b\u0119dzie wdro\u017cy\u0107 co\u015b podobnego. Intensywna terapia, kt\u00f3ra wywo\u0142a du\u017cy niepok\u00f3j spo\u0142eczny, po to, by na ko\u0144cu stworzy\u0107 warunki do przywr\u00f3cenia stabilno\u015bci \u2014 puentuje.<\/p>\n<p class=\"ods-o-frame-in-text__paragraph\">Wojciech Wi\u015bniewski \u2013 ekspert ds. ochrony zdrowia Federacji Przedsi\u0119biorc\u00f3w Polskich, Cz\u0142onek Tr\u00f3jstronnego Zespo\u0142u ds. Ochrony Zdrowia.<\/p>\n<p>  <img class=\"ods-a-photo ods-a-photo--background\" src=\"https:\/\/cdn.medonet.pl\/1\/ie-k9lBaHR0cHM6Ly9vY2RuLmV1L3B1bHNjbXMvTURBXy9jNmExOWEzZWJmOTIxNWU1NjlhNzRiMjBlMDcxYTRlMC5qcGeRlQLNA4QAwsPeAAKhMAehMQQ\" height=\"675\" width=\"450\" alt=\"Wojciech Wi\u015bniewski\" loading=\"lazy\" fetchpriority=\"low\" decoding=\"async\"\/>    <\/p>\n<p class=\"ods-o-frame-in-text__paragraph\">Dr Mateusz Kowalczyk \u2013 doktor nauk medycznych, psychiatra, absolwent Uniwersytetu Medycznego w \u0141odzi.<\/p>\n<p class=\"ods-o-frame-in-text__paragraph\">Obecnie wiceprezes Naczelnej Rady Lekarskiej, wiceprezes Okr\u0119gowej Rady Lekarskiej w \u0141odzi, cz\u0142onek Rady ds. Zdrowia Psychicznego przy ministrze zdrowia. W latach 2023-2024 przewodnicz\u0105cy Og\u00f3lnopolskiego Porozumienia Samorz\u0105d\u00f3w Zawod\u00f3w Zaufania Publicznego.<\/p>\n<p class=\"ods-o-frame-in-text__paragraph\">Dzia\u0142alno\u015b\u0107 spo\u0142eczn\u0105 rozpocz\u0105\u0142 od samorz\u0105dno\u015bci doktoranckiej pe\u0142ni\u0105c funkcj\u0119 pe\u0142nomocnika zarz\u0105du ds. uczelni medycznych Krajowej Reprezentacji Doktorant\u00f3w, ustawowo powo\u0142anej instytucji doradczej ministra edukacji i nauki. Za\u0142o\u017cyciel i przewodnicz\u0105cy Doktoranckiego Forum Uczelni Medycznych. Aktywny dzia\u0142acz samorz\u0105du lekarskiego od uko\u0144czenia studi\u00f3w. By\u0142y wiceprzewodnicz\u0105cy Ko\u0142a M\u0142odych Lekarzy ORL w \u0141odzi, sekretarz ORL w \u0141odzi oraz cz\u0142onek Komisji M\u0142odych Lekarzy Naczelnej Rady Lekarskiej.<\/p>\n<p>  <img class=\"ods-a-photo ods-a-photo--background\" src=\"https:\/\/cdn.medonet.pl\/1\/oHak9lBaHR0cHM6Ly9vY2RuLmV1L3B1bHNjbXMvTURBXy81NTU2ZDA1MDQzN2QyMmNhNDllOTVjOTk4NWY0MGY2YS5wbmeRlQLNA4QAwsPeAAKhMAehMQQ\" height=\"675\" width=\"450\" alt=\"dr Mateusz Kowalczyk\" loading=\"lazy\" fetchpriority=\"low\" decoding=\"async\"\/> <\/p>\n","protected":false},"excerpt":{"rendered":"Pieni\u0105dze w NFZ topniej\u0105. Jakie s\u0105 plany Ministerstwa Zdrowia? Eksperci podkre\u015blaj\u0105, \u017ce problemy finansowe NFZ mog\u0105 wp\u0142yn\u0105\u0107 na&hellip;\n","protected":false},"author":2,"featured_media":71337,"comment_status":"","ping_status":"","sticky":false,"template":"","format":"standard","meta":{"footnotes":""},"categories":[12],"tags":[32,33,36,37,27,34,35,28,31,48,25,229,46,17742,8585,4887,42,38,40,39,41,9944,47,29,30,26,15938],"class_list":{"0":"post-71336","1":"post","2":"type-post","3":"status-publish","4":"format-standard","5":"has-post-thumbnail","7":"category-polska","8":"tag-breaking-news","9":"tag-breakingnews","10":"tag-featured-news","11":"tag-featurednews","12":"tag-headlines","13":"tag-latest-news","14":"tag-latestnews","15":"tag-naglowki","16":"tag-najwazniejsze-artykuly","17":"tag-nat_styl","18":"tag-news","19":"tag-nfz","20":"tag-omp","21":"tag-opieka_nad_pacjentem","22":"tag-opieka_zdrowotna","23":"tag-perso_tst1","24":"tag-pl","25":"tag-poland","26":"tag-polish","27":"tag-polska","28":"tag-polski","29":"tag-praca_lekarza","30":"tag-screening_general","31":"tag-top-stories","32":"tag-topstories","33":"tag-wiadomosci","34":"tag-zarobki_lekarzy"},"share_on_mastodon":{"url":"https:\/\/pubeurope.com\/@pl\/115447706807917147","error":""},"_links":{"self":[{"href":"https:\/\/www.europesays.com\/pl\/wp-json\/wp\/v2\/posts\/71336","targetHints":{"allow":["GET"]}}],"collection":[{"href":"https:\/\/www.europesays.com\/pl\/wp-json\/wp\/v2\/posts"}],"about":[{"href":"https:\/\/www.europesays.com\/pl\/wp-json\/wp\/v2\/types\/post"}],"author":[{"embeddable":true,"href":"https:\/\/www.europesays.com\/pl\/wp-json\/wp\/v2\/users\/2"}],"replies":[{"embeddable":true,"href":"https:\/\/www.europesays.com\/pl\/wp-json\/wp\/v2\/comments?post=71336"}],"version-history":[{"count":0,"href":"https:\/\/www.europesays.com\/pl\/wp-json\/wp\/v2\/posts\/71336\/revisions"}],"wp:featuredmedia":[{"embeddable":true,"href":"https:\/\/www.europesays.com\/pl\/wp-json\/wp\/v2\/media\/71337"}],"wp:attachment":[{"href":"https:\/\/www.europesays.com\/pl\/wp-json\/wp\/v2\/media?parent=71336"}],"wp:term":[{"taxonomy":"category","embeddable":true,"href":"https:\/\/www.europesays.com\/pl\/wp-json\/wp\/v2\/categories?post=71336"},{"taxonomy":"post_tag","embeddable":true,"href":"https:\/\/www.europesays.com\/pl\/wp-json\/wp\/v2\/tags?post=71336"}],"curies":[{"name":"wp","href":"https:\/\/api.w.org\/{rel}","templated":true}]}}