{"id":71359,"date":"2025-10-27T19:30:12","date_gmt":"2025-10-27T19:30:12","guid":{"rendered":"https:\/\/www.europesays.com\/pl\/71359\/"},"modified":"2025-10-27T19:30:12","modified_gmt":"2025-10-27T19:30:12","slug":"szokujaca-sugestia-tuska-wipler-to-bardzo-dobry-pomysl","status":"publish","type":"post","link":"https:\/\/www.europesays.com\/pl\/71359\/","title":{"rendered":"Szokuj\u0105ca sugestia Tuska. Wipler: To bardzo dobry pomys\u0142"},"content":{"rendered":"\n<p>&#13;<br \/>\nPremier Donald Tusk udzieli\u0142 wywiadu brytyjskiej gazecie &#8222;Sunday Times&#8221;. Szef polskiego rz\u0105du m\u00f3wi\u0142 o\u00a0migracji jako najwi\u0119kszym zagro\u017ceniu przed kt\u00f3rym stoj\u0105 Zach\u00f3d i\u00a0Unia Europejska. Wskazywa\u0142 na\u00a0coraz trudniejsze relacje etniczne i\u00a0kulturowe w\u00a0naszych spo\u0142ecze\u0144stwach. Jednocze\u015bnie wyrazi\u0142 pogl\u0105d, i\u017c\u00a0zarz\u0105dzanie migracjami utrudnia zbyt restrykcyjny re\u017cim praw cz\u0142owieka zawarty w\u00a0Europejskiej Konwencji Praw Cz\u0142owieka. &#13;\n<\/p>\n<p>&#13;<br \/>\nBrytyjski dziennik zauwa\u017cy\u0142, \u017ce\u00a0Polska, W\u0142ochy i\u00a0Francja naciskaj\u0105 na\u00a0reform\u0119 Europejskiego Trybuna\u0142u Praw Cz\u0142owieka, kt\u00f3ry nadzoruje przestrzeganie Konwencji. \u2013\u00a0Je\u015bli 46 sygnatariuszy konwencji nie\u00a0mo\u017ce doj\u015b\u0107 do\u00a0porozumienia w\u00a0sprawie jej reformy, ca\u0142kiem rozs\u0105dne jest rozwa\u017cenie po\u00a0prostu jej opuszczenia \u2013\u00a0powiedzia\u0142 szef polskiego rz\u0105du. &#13;\n<\/p>\n<p>Wipler chwali pomys\u0142 Tuska<\/p>\n<p>&#13;<br \/>\nPropozycja Tuska wywo\u0142a\u0142a oburzenie cz\u0119\u015bci komentuj\u0105cych. Jak si\u0119 okazuje, s\u0105 tak\u017ce osoby, kt\u00f3re popieraj\u0105 zaproponowane przez szefa polskiego rz\u0105du rozwi\u0105zanie. &#13;\n<\/p>\n<p>&#13;<br \/>\n&#8222;Wypowiedzenie Europejskiej Konwencji Praw Cz\u0142owieka w\u00a0obecnym kszta\u0142cie i\u00a0w\u00a0obecnej ich interpretacji to\u00a0bardzo dobry pomys\u0142. Chyba \u017ce\u00a0Europejski Trybuna\u0142 praw cz\u0142owieka radykalnie zmieni swoj\u0105 dotychczasow\u0105 lini\u0119 orzecznicz\u0105 na\u00a0pozwalaj\u0105c\u0105 na\u00a0realn\u0105 ochron\u0119 bezpiecze\u0144stwa Europejczyk\u00f3w&#8221; \u2013\u00a0napisa\u0142 na\u00a0swoim koncie na\u00a0platformie X pose\u0142 Konfederacji Przemys\u0142aw Wipler. &#13;\n<\/p>\n<p>Ograniczenie prawa do\u00a0azylu<\/p>\n<p>&#13;<br \/>\nSejm uchwali\u0142 w\u00a0lutym br. <a href=\"https:\/\/dorzeczy.pl\/kraj\/693682\/sejm-uchwalil-ustawe-w-sprawie-ograniczenia-prawa-do-azylu.html\" rel=\"nofollow noopener\" target=\"_blank\">ustaw\u0119 w\u00a0sprawie ograniczenia prawa do\u00a0azylu<\/a>. Za\u00a0jej przyj\u0119ciem g\u0142osowa\u0142o 386 pos\u0142\u00f3w, 38 by\u0142o przeciw, nikt si\u0119 nie\u00a0wstrzyma\u0142. &#13;\n<\/p>\n<p>&#13;<br \/>\nUstawa zak\u0142ada mo\u017cliwo\u015b\u0107 wprowadzenia czasowego, terytorialnego ograniczenia przyjmowania wniosk\u00f3w o\u00a0ochron\u0119 mi\u0119dzynarodow\u0105 \u2013\u00a0jednorazowo na\u00a0nie d\u0142u\u017cej ni\u017c\u00a060 dni. &#13;\n<\/p>\n<p>&#13;<br \/>\nPodpis pod\u00a0ustaw\u0105 ws. ograniczenia prawa do\u00a0azylu <a href=\"https:\/\/dorzeczy.pl\/kraj\/707508\/ustawa-azylowa-duda-pyta-tuska-tez-o-imigrantow-z-niemiec.html\" rel=\"nofollow noopener\" target=\"_blank\">z\u0142o\u017cy\u0142 pod\u00a0koniec marca br. prezydent Andrzej Duda<\/a>. &#13;\n<\/p>\n<p>&#13;<br \/>\nW po\u0142owie wrze\u015bnia Sejm zgodzi\u0142 si\u0119 na\u00a0przed\u0142u\u017cenie zawieszenia prawa do\u00a0azylu. &#13;\n<\/p>\n<p>&#13;<br \/>\nCzytaj te\u017c:<br \/><a href=\"https:\/\/dorzeczy.pl\/opinie\/795918\/wipler-o-atakach-pis-zla-konfederacja-od-mentzena-i-dobra-od-bosaka.html\" rel=\"follow nofollow noopener\" data-schema=\"DORZECZY\" data-image=\"https:\/\/img.dorzeczy.pl\/_thumb\/ca\/77\/0934c55a636f580bc991efc9ef7c.jpeg\" target=\"_blank\">&#8222;Z\u0142a Konfederacja od\u00a0Mentzena i\u00a0dobra od\u00a0Bosaka&#8221;. Wipler odni\u00f3s\u0142 si\u0119 do\u00a0atak\u00f3w PiS<\/a>Czytaj te\u017c:<br \/><a href=\"https:\/\/dorzeczy.pl\/opinie\/794565\/wipler-ujawnil-co-uslyszal-od-politykow-koalicji-obywatelskiej.html\" rel=\"follow nofollow noopener\" data-schema=\"DORZECZY\" data-image=\"https:\/\/img.dorzeczy.pl\/_thumb\/fc\/45\/5cdee7a17a37f0f879811003064e.jpeg\" target=\"_blank\">&#8222;Nie pope\u0142niajcie b\u0142\u0119du&#8221;. Co\u00a0Wipler us\u0142ysza\u0142 od\u00a0polityk\u00f3w KO?<\/a>&#13;<\/p>\n","protected":false},"excerpt":{"rendered":"&#13; Premier Donald Tusk udzieli\u0142 wywiadu brytyjskiej gazecie &#8222;Sunday Times&#8221;. Szef polskiego rz\u0105du m\u00f3wi\u0142 o\u00a0migracji jako najwi\u0119kszym zagro\u017ceniu&hellip;\n","protected":false},"author":2,"featured_media":71360,"comment_status":"","ping_status":"","sticky":false,"template":"","format":"standard","meta":{"footnotes":""},"categories":[5],"tags":[32,33,17744,98,36,37,27,590,49,34,35,601,28,31,25,102,42,38,40,39,41,17743,29,30,99,26,15407],"class_list":{"0":"post-71359","1":"post","2":"type-post","3":"status-publish","4":"format-standard","5":"has-post-thumbnail","7":"category-naglowki","8":"tag-breaking-news","9":"tag-breakingnews","10":"tag-czlowieka","11":"tag-dorzeczy","12":"tag-featured-news","13":"tag-featurednews","14":"tag-headlines","15":"tag-konwencja","16":"tag-kraj","17":"tag-latest-news","18":"tag-latestnews","19":"tag-marcin-bugaj","20":"tag-naglowki","21":"tag-najwazniejsze-artykuly","22":"tag-news","23":"tag-opinie","24":"tag-pl","25":"tag-poland","26":"tag-polish","27":"tag-polska","28":"tag-polski","29":"tag-praw","30":"tag-top-stories","31":"tag-topstories","32":"tag-tusk","33":"tag-wiadomosci","34":"tag-wipler"},"share_on_mastodon":{"url":"https:\/\/pubeurope.com\/@pl\/115447793283159376","error":""},"_links":{"self":[{"href":"https:\/\/www.europesays.com\/pl\/wp-json\/wp\/v2\/posts\/71359","targetHints":{"allow":["GET"]}}],"collection":[{"href":"https:\/\/www.europesays.com\/pl\/wp-json\/wp\/v2\/posts"}],"about":[{"href":"https:\/\/www.europesays.com\/pl\/wp-json\/wp\/v2\/types\/post"}],"author":[{"embeddable":true,"href":"https:\/\/www.europesays.com\/pl\/wp-json\/wp\/v2\/users\/2"}],"replies":[{"embeddable":true,"href":"https:\/\/www.europesays.com\/pl\/wp-json\/wp\/v2\/comments?post=71359"}],"version-history":[{"count":0,"href":"https:\/\/www.europesays.com\/pl\/wp-json\/wp\/v2\/posts\/71359\/revisions"}],"wp:featuredmedia":[{"embeddable":true,"href":"https:\/\/www.europesays.com\/pl\/wp-json\/wp\/v2\/media\/71360"}],"wp:attachment":[{"href":"https:\/\/www.europesays.com\/pl\/wp-json\/wp\/v2\/media?parent=71359"}],"wp:term":[{"taxonomy":"category","embeddable":true,"href":"https:\/\/www.europesays.com\/pl\/wp-json\/wp\/v2\/categories?post=71359"},{"taxonomy":"post_tag","embeddable":true,"href":"https:\/\/www.europesays.com\/pl\/wp-json\/wp\/v2\/tags?post=71359"}],"curies":[{"name":"wp","href":"https:\/\/api.w.org\/{rel}","templated":true}]}}