{"id":71361,"date":"2025-10-27T19:31:10","date_gmt":"2025-10-27T19:31:10","guid":{"rendered":"https:\/\/www.europesays.com\/pl\/71361\/"},"modified":"2025-10-27T19:31:10","modified_gmt":"2025-10-27T19:31:10","slug":"wiadomo-co-z-przyszloscia-klubowa-grosickiego","status":"publish","type":"post","link":"https:\/\/www.europesays.com\/pl\/71361\/","title":{"rendered":"wiadomo co z przysz\u0142o\u015bci\u0105 klubow\u0105 Grosickiego"},"content":{"rendered":"\n<p class=\"contentpart contentpart--default contentpart--text\" data-position=\"0\">Portal goal.pl poinformowa\u0142, \u017ce <a href=\"https:\/\/sportowefakty.wp.pl\/pilka-nozna\/pogon-szczecin\" rel=\"nofollow noopener\" target=\"_blank\">Pogo\u0144 Szczecin<\/a>\u00a0szykuje nowy kontrakt dla <a href=\"https:\/\/sportowefakty.wp.pl\/pilka-nozna\/kamil-grosicki\" rel=\"nofollow noopener\" target=\"_blank\">Kamila Grosickiego<\/a>. Obecna umowa wygasa po sezonie, ale klub nie chce czeka\u0107. W\u0142a\u015bciciel zapowiedzia\u0142 szybkie rozmowy i podkre\u015bli\u0142 rol\u0119 skrzyd\u0142owego w projekcie sportowym.<\/p>\n<p class=\"contentpart contentpart--default contentpart--text\" data-position=\"1\">&#8211; Na 100 procent przed\u0142u\u017cymy umow\u0119 Kamila. Chcia\u0142bym, aby\u015bmy si\u0119 spotkali w okolicach \u015bwi\u0105t Bo\u017cego Narodzenia, aby to sfinalizowa\u0107 &#8211; powiedzia\u0142 <a href=\"https:\/\/sportowefakty.wp.pl\/pilka-nozna\/alex-haditaghi\" rel=\"nofollow noopener\" target=\"_blank\">Alex Haditaghi<\/a>.<\/p>\n<p> <img role=\"presentation\" src=\"https:\/\/std.wpcdn.pl\/images\/adv\/placeholder_wp.svg\" loading=\"lazy\" alt=\"\" decoding=\"async\"\/>  <\/p>\n<p class=\"contentpart contentpart--default contentpart--text\" data-position=\"2\">ZOBACZ WIDEO: #dziejesiewsporcie: skandal na murawie! Kibic uderzy\u0142 pi\u0142karza<\/p>\n<p class=\"contentpart contentpart--default contentpart--text\" data-position=\"4\">&#8211; Grosicki jest naszym kapitanem i pozostanie nim do ostatniego dnia, w kt\u00f3rym b\u0119dzie m\u00f3g\u0142 gra\u0107. A kiedy ju\u017c sko\u0144czy karier\u0119, widz\u0119 go w kadrze zarz\u0105dzaj\u0105cej klubem &#8211; doda\u0142 w\u0142a\u015bciciel Pogoni.<\/p>\n<p class=\"contentpart contentpart--default contentpart--text\" data-position=\"5\">W tym sezonie 37-letni skrzyd\u0142owy ma pi\u0119\u0107 goli i cztery asysty w trzynastu meczach, co czyni go najlepszym strzelcem i asystentem zespo\u0142u. To argument za szybkim domkni\u0119ciem negocjacji.<\/p>\n<p class=\"contentpart contentpart--default contentpart--text\" data-position=\"6\">W barwach Pogoni Grosicki rozegra\u0142 185 spotka\u0144, notuj\u0105c 55 bramek i 57 asyst. Klub chce wykorzysta\u0107 jego do\u015bwiadczenie tak\u017ce poza boiskiem, o czym \u015bwiadczy planowana rola w strukturach zarz\u0105dczych.<\/p>\n<p> <img role=\"presentation\" src=\"https:\/\/std.wpcdn.pl\/images\/adv\/placeholder_wp.svg\" loading=\"lazy\" alt=\"\" decoding=\"async\"\/>  <\/p>\n<p class=\"contentpart contentpart--default contentpart--text\" data-position=\"7\">W przesz\u0142o\u015bci Grosicki gra\u0142 m.in. dla Legii Warszawa, Jagiellonii Bia\u0142ystok, Hull City, Rennes czy Sivassporu. W reprezentacji Polski rozegra\u0142 98 mecz\u00f3w i strzeli\u0142 17 goli.<\/p>\n","protected":false},"excerpt":{"rendered":"Portal goal.pl poinformowa\u0142, \u017ce Pogo\u0144 Szczecin\u00a0szykuje nowy kontrakt dla Kamila Grosickiego. Obecna umowa wygasa po sezonie, ale klub&hellip;\n","protected":false},"author":2,"featured_media":71362,"comment_status":"","ping_status":"","sticky":false,"template":"","format":"standard","meta":{"footnotes":""},"categories":[24],"tags":[9009,11249,269,1724,42,1111,38,40,39,41,127,126,2307],"class_list":{"0":"post-71361","1":"post","2":"type-post","3":"status-publish","4":"format-standard","5":"has-post-thumbnail","7":"category-sport","8":"tag-alex-haditaghi","9":"tag-kamil-grosicki","10":"tag-pilka-nozna","11":"tag-pko-ekstraklasa","12":"tag-pl","13":"tag-pogon-szczecin","14":"tag-poland","15":"tag-polish","16":"tag-polska","17":"tag-polski","18":"tag-sport","19":"tag-sports","20":"tag-szczecin"},"share_on_mastodon":{"url":"https:\/\/pubeurope.com\/@pl\/115447797180321724","error":""},"_links":{"self":[{"href":"https:\/\/www.europesays.com\/pl\/wp-json\/wp\/v2\/posts\/71361","targetHints":{"allow":["GET"]}}],"collection":[{"href":"https:\/\/www.europesays.com\/pl\/wp-json\/wp\/v2\/posts"}],"about":[{"href":"https:\/\/www.europesays.com\/pl\/wp-json\/wp\/v2\/types\/post"}],"author":[{"embeddable":true,"href":"https:\/\/www.europesays.com\/pl\/wp-json\/wp\/v2\/users\/2"}],"replies":[{"embeddable":true,"href":"https:\/\/www.europesays.com\/pl\/wp-json\/wp\/v2\/comments?post=71361"}],"version-history":[{"count":0,"href":"https:\/\/www.europesays.com\/pl\/wp-json\/wp\/v2\/posts\/71361\/revisions"}],"wp:featuredmedia":[{"embeddable":true,"href":"https:\/\/www.europesays.com\/pl\/wp-json\/wp\/v2\/media\/71362"}],"wp:attachment":[{"href":"https:\/\/www.europesays.com\/pl\/wp-json\/wp\/v2\/media?parent=71361"}],"wp:term":[{"taxonomy":"category","embeddable":true,"href":"https:\/\/www.europesays.com\/pl\/wp-json\/wp\/v2\/categories?post=71361"},{"taxonomy":"post_tag","embeddable":true,"href":"https:\/\/www.europesays.com\/pl\/wp-json\/wp\/v2\/tags?post=71361"}],"curies":[{"name":"wp","href":"https:\/\/api.w.org\/{rel}","templated":true}]}}