{"id":71366,"date":"2025-10-27T19:35:09","date_gmt":"2025-10-27T19:35:09","guid":{"rendered":"https:\/\/www.europesays.com\/pl\/71366\/"},"modified":"2025-10-27T19:35:09","modified_gmt":"2025-10-27T19:35:09","slug":"reformy-kluczem-do-ocalenia-niemieckiej-gospodarki-szef-ifo-nie-ma-zludzen","status":"publish","type":"post","link":"https:\/\/www.europesays.com\/pl\/71366\/","title":{"rendered":"Reformy kluczem do ocalenia niemieckiej gospodarki. Szef IFO nie ma z\u0142udze\u0144"},"content":{"rendered":"<p data-section=\"detail-body\">Clemens Fuest w rozmowie z dziennikiem &#8222;Bild&#8221; wskaza\u0142 na powa\u017cne problemy, z jakimi boryka si\u0119 najwi\u0119ksza gospodarka Europy. Zauwa\u017cy\u0142, \u017ce od lat Niemcy do\u015bwiadczaj\u0105 stagnacji gospodarczej, a obecna sytuacja jest szczeg\u00f3lnie trudna. Ekonomista podkre\u015bli\u0142, \u017ce miliony mieszka\u0144c\u00f3w ju\u017c odczuwaj\u0105 negatywne skutki spowolnienia gospodarczego, a brak zdecydowanych dzia\u0142a\u0144 mo\u017ce doprowadzi\u0107 do dalszych spadk\u00f3w.<\/p>\n<p class=\"article_p\" data-section=\"detail-body\">Dalsza cz\u0119\u015b\u0107 artyku\u0142u pod materia\u0142em wideo:<\/p>\n<p class=\"article_p\" data-section=\"detail-body\">Fuest zwr\u00f3ci\u0142 uwag\u0119 na niepokoj\u0105cy trend. Podczas gdy wydatki rz\u0105dowe rosn\u0105, prywatne inwestycje malej\u0105. Taki stan rzeczy, jak podkre\u015bli\u0142, prowadzi do zmniejszenia tempa wzrostu gospodarczego, spadku wp\u0142yw\u00f3w podatkowych i ograniczenia \u015brodk\u00f3w na finansowanie us\u0142ug publicznych.<\/p>\n<p>        Reformy jako klucz do wyj\u015bcia z kryzysu<\/p>\n<p class=\"article_p\" data-section=\"detail-body\">Szef IFO zaapelowa\u0142 o konieczno\u015b\u0107 przeprowadzenia gruntownych reform, kt\u00f3re powinny skupi\u0107 si\u0119 na redukcji biurokracji. Wskaza\u0142, \u017ce obecne regulacje, takie jak przepisy dotycz\u0105ce emisji dwutlenku w\u0119gla, wymogi dotycz\u0105ce \u0142a\u0144cuch\u00f3w dostaw czy p\u0142acy minimalnej, generuj\u0105 znaczne koszty dla przedsi\u0119biorstw. Fuest oszacowa\u0142, \u017ce uproszczenie przepis\u00f3w mog\u0142oby przynie\u015b\u0107 niemieckiej gospodarce nawet 146 mld euro.<\/p>\n<p>            Czytaj tak\u017ce w BUSINESS INSIDER<\/p>\n<p class=\"article_p\" data-section=\"detail-body\">Zdaniem ekonomisty, niemiecki rz\u0105d powinien opracowa\u0107 kompleksowy plan reform, kt\u00f3ry wykracza\u0142by poza obecne ustalenia koalicyjne. Fuest podkre\u015bli\u0142, \u017ce taki program powinien zosta\u0107 przedstawiony najp\u00f3\u017aniej do wiosny 2026 r., aby Niemcy mog\u0142y skutecznie zmierzy\u0107 si\u0119 z trwaj\u0105c\u0105 recesj\u0105.<\/p>\n<p>        &#8222;Jesie\u0144 reform&#8221; w Niemczech<\/p>\n<p class=\"article_p\" data-section=\"detail-body\">Kanclerz Friedrich Merz zapowiedzia\u0142, \u017ce Niemcy czeka &#8222;jesie\u0144 reform&#8221;. Jak podkre\u015bli\u0142, g\u0142\u0119bokie zmiany obejm\u0105 r\u00f3wnie\u017c system pa\u0144stwa opieku\u0144czego, a ich celem b\u0119dzie wyprowadzenie kraju z kryzysu. W ostatnich dw\u00f3ch latach niemiecka gospodarka zmaga si\u0119 z recesj\u0105, a spo\u0142ecze\u0144stwo odczuwa skutki rosn\u0105cych cen energii, spadaj\u0105cego popytu oraz nowych ce\u0142 na\u0142o\u017conych przez Stany Zjednoczone.<\/p>\n<p class=\"article_p\" data-section=\"detail-body\">Czytaj tak\u017ce: <a href=\"https:\/\/businessinsider.com.pl\/gospodarka\/niemcy-z-trudem-wychodza-z-glebokiego-dolka-podwyzki-plac-na-horyzoncie\/9q7gzww\" id=\"e71eb1ac-0fbb-4ed1-bdf0-38dd9306f858\" rel=\"nofollow noopener\" target=\"_blank\">Niemcy z trudem wychodz\u0105 z g\u0142\u0119bokiego do\u0142ka. Podwy\u017cki p\u0142ac na horyzoncie<\/a><\/p>\n<p class=\"article_p\" data-section=\"detail-body\">Rz\u0105d w Berlinie, poza planowaniem reform, zwi\u0119ksza tak\u017ce nak\u0142ady na infrastruktur\u0119 oraz obronno\u015b\u0107. Zdaniem kanclerza, takie dzia\u0142ania maj\u0105 na celu pobudzenie gospodarki i wyprowadzenie kraju z obecnego marazmu.<\/p>\n","protected":false},"excerpt":{"rendered":"Clemens Fuest w rozmowie z dziennikiem &#8222;Bild&#8221; wskaza\u0142 na powa\u017cne problemy, z jakimi boryka si\u0119 najwi\u0119ksza gospodarka Europy.&hellip;\n","protected":false},"author":2,"featured_media":71367,"comment_status":"","ping_status":"","sticky":false,"template":"","format":"standard","meta":{"footnotes":""},"categories":[14],"tags":[32,33,27,34,35,28,31,25,40,41,80,29,30,26,82,83,84],"class_list":{"0":"post-71366","1":"post","2":"type-post","3":"status-publish","4":"format-standard","5":"has-post-thumbnail","7":"category-swiat","8":"tag-breaking-news","9":"tag-breakingnews","10":"tag-headlines","11":"tag-latest-news","12":"tag-latestnews","13":"tag-naglowki","14":"tag-najwazniejsze-artykuly","15":"tag-news","16":"tag-polish","17":"tag-polski","18":"tag-swiat","19":"tag-top-stories","20":"tag-topstories","21":"tag-wiadomosci","22":"tag-world","23":"tag-world-news","24":"tag-worldnews"},"share_on_mastodon":{"url":"https:\/\/pubeurope.com\/@pl\/115447812759772678","error":""},"_links":{"self":[{"href":"https:\/\/www.europesays.com\/pl\/wp-json\/wp\/v2\/posts\/71366","targetHints":{"allow":["GET"]}}],"collection":[{"href":"https:\/\/www.europesays.com\/pl\/wp-json\/wp\/v2\/posts"}],"about":[{"href":"https:\/\/www.europesays.com\/pl\/wp-json\/wp\/v2\/types\/post"}],"author":[{"embeddable":true,"href":"https:\/\/www.europesays.com\/pl\/wp-json\/wp\/v2\/users\/2"}],"replies":[{"embeddable":true,"href":"https:\/\/www.europesays.com\/pl\/wp-json\/wp\/v2\/comments?post=71366"}],"version-history":[{"count":0,"href":"https:\/\/www.europesays.com\/pl\/wp-json\/wp\/v2\/posts\/71366\/revisions"}],"wp:featuredmedia":[{"embeddable":true,"href":"https:\/\/www.europesays.com\/pl\/wp-json\/wp\/v2\/media\/71367"}],"wp:attachment":[{"href":"https:\/\/www.europesays.com\/pl\/wp-json\/wp\/v2\/media?parent=71366"}],"wp:term":[{"taxonomy":"category","embeddable":true,"href":"https:\/\/www.europesays.com\/pl\/wp-json\/wp\/v2\/categories?post=71366"},{"taxonomy":"post_tag","embeddable":true,"href":"https:\/\/www.europesays.com\/pl\/wp-json\/wp\/v2\/tags?post=71366"}],"curies":[{"name":"wp","href":"https:\/\/api.w.org\/{rel}","templated":true}]}}