{"id":71378,"date":"2025-10-27T19:43:08","date_gmt":"2025-10-27T19:43:08","guid":{"rendered":"https:\/\/www.europesays.com\/pl\/71378\/"},"modified":"2025-10-27T19:43:08","modified_gmt":"2025-10-27T19:43:08","slug":"waldemar-zurek-o-aferze-z-dzialka-pod-cpk-kuriozalna-sytuacja","status":"publish","type":"post","link":"https:\/\/www.europesays.com\/pl\/71378\/","title":{"rendered":"Waldemar \u017burek o aferze z dzia\u0142k\u0105 pod CPK. &#8222;Kuriozalna sytuacja&#8221;"},"content":{"rendered":"<ul class=\"UnorderedList_container__nmfSl\">\n<li class=\"UnorderedList_listElement__Py7xi\" data-id=\"ai-summary-link\">Du\u017co czytania, a ma\u0142o czasu? Sprawd\u017a\u00a0skr\u00f3t\u00a0artyku\u0142u<\/li>\n<\/ul>\n<p class=\"Paragraph_desktopParagraph__U31Gm\">\u2014 Mamy KOWR, agencj\u0119 rz\u0105dow\u0105, kt\u00f3ra zajmuje si\u0119 zasobami ziemi rolnej. Ta agencja dzier\u017cawi ziemi\u0119 r\u00f3\u017cnym osobom i czasem odsprzedaje. Tutaj sytuacja by\u0142a kuriozalna, bo wszyscy wiedzieli, \u017ce na tej nieruchomo\u015bci by\u0142y planowane inwestycje w ramach CPK \u2014 stwierdzi\u0142 w poniedzia\u0142ek Waldemar \u017burek, odnosz\u0105c si\u0119 do <a href=\"https:\/\/wiadomosci.onet.pl\/kraj\/waldemar-zurek-o-aferze-wokol-dzialki-pod-cpk-sprawdzimy-to-do-spodu\/m1rw0ff\" id=\"717e03fe-bc30-4ea8-b9a0-e3eddc6b628e\" rel=\"nofollow noopener\" target=\"_blank\">afery wok\u00f3\u0142 sprzeda\u017cy dzia\u0142ki pod CPK<\/a>.<\/p>\n<p class=\"Paragraph_desktopParagraph__U31Gm\">Minister sprawiedliwo\u015bci i prokurator generalny przypomnia\u0142 w &#8222;Faktach po Faktach&#8221; w TVN24, \u017ce sp\u00f3\u0142ka CPK sprzeciwia\u0142a si\u0119 sprzeda\u017cy grunt\u00f3w. \u2014 KOWR powinien absolutnie odm\u00f3wi\u0107 sprzeda\u017cy, wiedz\u0105c, \u017ce jest ca\u0142y program skupu tych nieruchomo\u015bci. Mamy tam pytanie zasadnicze, czy urz\u0119dnicy pa\u0144stwowi nie zostali wprowadzeni w b\u0142\u0105d przez KOWR. (&#8230;) By\u0107 mo\u017ce kto\u015b tutaj nak\u0142ama\u0142 \u2014 doda\u0142.<\/p>\n<p class=\"VideoPlayerText_videoPlayerText__iDwyz\">Dalszy ci\u0105g materia\u0142u pod wideo<\/p>\n<ul class=\"OchatFollowUps_wrapper__1ry7X\">\n<li class=\"OchatFollowUps_item__Dhyly OchatFollowUps_itemDesktop__R6aBv\">Jakie oskar\u017cenia s\u0105 postawione w sprawie sprzeda\u017cy dzia\u0142ki pod CPK?<\/li>\n<li class=\"OchatFollowUps_item__Dhyly OchatFollowUps_itemDesktop__R6aBv\">Co minister \u017burek s\u0105dzi o uchwa\u0142ach Izby Odpowiedzialno\u015bci Zawodowej?<\/li>\n<li class=\"OchatFollowUps_item__Dhyly OchatFollowUps_itemDesktop__R6aBv\">Jakie dzia\u0142ania s\u0105 planowane wobec s\u0119dziego Jakuba Iwa\u0144ca?<\/li>\n<li class=\"OchatFollowUps_item__Dhyly OchatFollowUps_itemDesktop__R6aBv\">Co Waldemar \u017burek powiedzia\u0142 o inwigilacji Pegasusem?<\/li>\n<\/ul>\n<p class=\"Paragraph_desktopParagraph__U31Gm\">Minister stwierdzi\u0142, \u017ce &#8222;\u015bledczy szukaj\u0105 os\u00f3b, kt\u00f3re dokona\u0142y transakcji i zyska\u0142y na niej&#8221;. \u2014 Z regu\u0142y jest tak, \u017ce je\u017celi kto\u015b kupuje co\u015b w spos\u00f3b nielegalny i ma na tym zyska\u0107, to s\u0105 osoby, kt\u00f3re wiedz\u0105, \u017ce to jest mo\u017cliwe i chroni\u0105 t\u0119 transakcj\u0119 \u2014 podkre\u015bli\u0142.<\/p>\n<p class=\"Paragraph_desktopParagraph__U31Gm\">\u2014 To s\u0105 jakie\u015b absurdalne hipotezy. Sam prezes PiS, z tego co wiem, zawiesi\u0142 by\u0142ego ministra rolnictwa, to znaczy, \u017ce by\u0107 mo\u017ce jest co\u015b, o czym nie wiemy, a on ju\u017c wie o tym i z ostro\u017cno\u015bci to zrobi\u0142 \u2014 doda\u0142.<\/p>\n<p class=\"Paragraph_desktopParagraph__U31Gm\">Minister stwierdzi\u0142 tak\u017ce, \u017ce prokuratura nie informowa\u0142a wcze\u015bniej o tej sprawie, bo chcia\u0142a zgromadzi\u0107 dowody. \u2014 Najpierw dzia\u0142amy. Oczywi\u015bcie jest tak, \u017ce dziennikarze maj\u0105 \u017ar\u00f3d\u0142a informacji, s\u0105 wolne media \u2014 podkre\u015bli\u0142.<\/p>\n<p class=\"Paragraph_desktopParagraph__U31Gm\">\u2014 Ka\u017cd\u0105 transakcj\u0119 mo\u017cna anulowa\u0107, ale najpierw musimy stwierdzi\u0107, czy dosz\u0142o do przest\u0119pstwa, (&#8230;) wtedy mo\u017cna przeprowadzi\u0107 proces formalny \u2014 doda\u0142.<\/p>\n<p class=\"Paragraph_desktopParagraph__U31Gm\">Minister sprawiedliwo\u015bci i prokurator generalny zabra\u0142 tak\u017ce g\u0142os na temat uchylenia immunitetu <a href=\"https:\/\/wiadomosci.onet.pl\/kraj\/klopoty-sedziego-iwanca-nowe-informacje-po-samochodowym-rajdzie\/9dk1ksy\" id=\"f3538585-6a21-4e26-983f-db1dfc0e286a\" rel=\"nofollow noopener\" target=\"_blank\">s\u0119dziego Jakuba Iwa\u0144ca za spowodowanie wypadku pod wp\u0142ywem alkoholu.<\/a><\/p>\n<p class=\"Paragraph_desktopParagraph__U31Gm\">\u2014 Nie uznajemy Izby Odpowiedzialno\u015bci Zawodowej, bo zasiadaj\u0105 tam neos\u0119dziowie. Spos\u00f3b wyboru by\u0142 w naszym mniemaniu sprzeczny z Konstytucj\u0105. Dlatego wniosek o uchylenie immunitetu zosta\u0142 skierowany do Izby Karnej \u2014 podkre\u015bli\u0142. \u2014 S\u0119dzia Iwaniec ju\u017c raz unikn\u0105\u0142 uchylenia immunitetu. (&#8230;) Neos\u0119dzia odm\u00f3wi\u0142 uchylenia immunitetu za afer\u0119 hejtersk\u0105 \u2014 doda\u0142.<\/p>\n<p class=\"Paragraph_desktopParagraph__U31Gm\">Waldemar \u017burek stwierdzi\u0142 tak\u017ce, \u017ce w tej sprawie &#8222;jedna strona k\u0142ama\u0142a w \u017cywe oczy&#8221;. \u2014 Prokuratorzy moim zdaniem doszli do s\u0142usznego przekonania, \u017ce trzeba pokaza\u0107 opinii publicznej fakty. Nie mamy znowu pewno\u015bci, co si\u0119 stanie w S\u0105dzie Najwy\u017cszym. Kluczowe jest jednak to, \u017ce musimy oczy\u015bci\u0107 S\u0105d Najwy\u017cszy \u2014 podkre\u015bli\u0142.<\/p>\n<p class=\"Paragraph_desktopParagraph__U31Gm\">\u2014 Chc\u0119 to sko\u0144czy\u0107, bo wszyscy p\u0142acimy za to odszkodowania, bo dla obywatela jest to frustruj\u0105ce, \u017ce cz\u0142owiek, kt\u00f3ry powinien dawa\u0107 przyk\u0142ad, robi, to co robi i pozostaje bezkarny \u2014 doda\u0142.<\/p>\n<p class=\"Paragraph_desktopParagraph__U31Gm\">Minister skomentowa\u0142 tak\u017ce <a href=\"https:\/\/wiadomosci.onet.pl\/warszawa\/na-wiecu-pis-krzyczal-o-wyrywaniu-chwastow-prokuratura-wszczyna-sledztwo-przeciwko\/303t45q\" id=\"c0f57a9b-10c5-4d05-9b8c-2a364b2dec97\" rel=\"nofollow noopener\" target=\"_blank\">spraw\u0119 okrzyk\u00f3w Roberta B\u0105kiewicza<\/a>. \u2014 Wielu ludzi, i s\u0142usznie, ma przekonanie, \u017ce nawo\u0142ywanie do nienawi\u015bci prowadzi do takich efekt\u00f3w jak pr\u00f3ba podpalenia siedziby KO \u2014 powiedzia\u0142.<\/p>\n<p class=\"Paragraph_desktopParagraph__U31Gm\">\u2014 Nie jestem s\u0119dzi\u0105 karnym, wi\u0119c pozostawiam to prokuratorowi. (&#8230;) Nawo\u0142ywanie do anarchii nie jest w Polsce przest\u0119pstwem. Wyrywanie chwastem i polewanie napalmem kojarzy si\u0119 jednoznacznie, z likwidacj\u0105. (&#8230;) Ta sprawa si\u0119 toczy, ale s\u0105 procedury, nie chc\u0119 w nie ingerowa\u0107 \u2014 podkre\u015bli\u0142 Waldemar \u017burek.<\/p>\n<p class=\"Paragraph_desktopParagraph__U31Gm\">Minister zosta\u0142 zapytany tak\u017ce o s\u0142owa ministra Micha\u0142a Wosia o rewolucji w s\u0105downictwie pod has\u0142em &#8222;wszyscy won&#8221;. \u2014 Mamy zapowiedzi, jak szybko i zdecydowanie b\u0119d\u0105 odcina\u0107 g\u0142owy s\u0119dziom, wyrzuca\u0107 ich z zawodu, oczywi\u015bcie w przeno\u015bni \u2014 powiedzia\u0142.<\/p>\n<p class=\"Paragraph_desktopParagraph__U31Gm\">\u2014 To jest oczywi\u015bcie dzia\u0142anie, kt\u00f3re ma wywo\u0142a\u0107 efekt mro\u017c\u0105cy. Te zapowiedzi maj\u0105 zastraszy\u0107 s\u0119dzi\u00f3w i prokurator\u00f3w. (&#8230;) Te pogr\u00f3\u017cki s\u0105 polityczne, ale wierz\u0119, w to, \u017ce to si\u0119 stanie \u2014 zaznaczy\u0142.<\/p>\n<p class=\"Paragraph_desktopParagraph__U31Gm\">Waldemar \u017burek stwierdzi\u0142, \u017ce &#8222;je\u017celi PiS dojdzie do w\u0142adzy, to b\u0119dzie rze\u017a, partyjne s\u0105dy i prokuratura&#8221;. \u2014 Paradoksalnie ujawnianie tych pomys\u0142\u00f3w powinno wstrz\u0105sn\u0105\u0107 t\u0105 cz\u0119\u015bci\u0105 spo\u0142ecze\u0144stwa, kt\u00f3ra nie do ko\u0144ca interesuje si\u0119 przywracaniem praworz\u0105dno\u015bci \u2014 podkre\u015bli\u0142.<\/p>\n<p class=\"Paragraph_desktopParagraph__U31Gm\">\u2014 Minister Zbigniew Ziobro mia\u0142 osiem lat, mo\u017cna by\u0142o zrobi\u0107 wzorcowy wymiar sprawiedliwo\u015bci \u2014 podkre\u015bli\u0142.<\/p>\n<p class=\"Paragraph_desktopParagraph__U31Gm\">Minister stwierdzi\u0142 tak\u017ce, \u017ce nie bardzo wierzy w to, \u017ce ustawy reformuj\u0105ce wymiar sprawiedliwo\u015bci zostan\u0105 podpisane przez prezydenta, ale ma &#8222;plan B&#8221;. Waldemar \u017burek stwierdzi\u0142 tak\u017ce, \u017ce b\u0119d\u0105 tak\u017ce akty oskar\u017cenia wobec r\u00f3\u017cnych polityk\u00f3w, ale nie mo\u017ce zdradza\u0107 zbyt du\u017co szczeg\u00f3\u0142\u00f3w. \u2014 Pan minister Zbigniew Ziobro ma moim zdaniem d\u0142ug\u0105 list\u0119 narusze\u0144 prawa i b\u0119dzie ona oceniana przez prokuratur\u0119 \u2014 podkre\u015bli\u0142.<\/p>\n<p class=\"Paragraph_desktopParagraph__U31Gm\">Waldemar \u017burek m\u00f3wi\u0142 tak\u017ce o inwigilowaniu Pegasusem. \u2014 Chodzi\u0142o o to, \u017ceby zebra\u0107 na nich cokolwiek. (&#8230;) Ten system by\u0142 tak obrzydliwy, \u017ce po\u015brednio inwigilowa\u0142 tak\u017ce osoby kontaktuj\u0105ce si\u0119 z tym g\u0142\u00f3wnym celem \u2014 doda\u0142.<\/p>\n<p class=\"Paragraph_desktopParagraph__U31Gm\">\u2014 Ta lista os\u00f3b pods\u0142uchiwanych jest mieszana, trzeba znale\u017a\u0107 klucz, kt\u00f3ry pozwoli\u0142by nie ujawnia\u0107 tajemnic \u015bledztwa. (&#8230;) To by\u0142a tak zwana &#8222;hakownia&#8221;. Te dane lecia\u0142y na serwer w Izraelu \u2014 zaznaczy\u0142.<\/p>\n","protected":false},"excerpt":{"rendered":"Du\u017co czytania, a ma\u0142o czasu? Sprawd\u017a\u00a0skr\u00f3t\u00a0artyku\u0142u \u2014 Mamy KOWR, agencj\u0119 rz\u0105dow\u0105, kt\u00f3ra zajmuje si\u0119 zasobami ziemi rolnej. Ta&hellip;\n","protected":false},"author":2,"featured_media":71379,"comment_status":"","ping_status":"","sticky":false,"template":"","format":"standard","meta":{"footnotes":""},"categories":[12],"tags":[32,33,6121,36,37,27,67,34,35,1237,28,31,53,25,52,68,51,55,42,38,40,39,41,1627,47,29,30,65,50,793,26],"class_list":{"0":"post-71378","1":"post","2":"type-post","3":"status-publish","4":"format-standard","5":"has-post-thumbnail","7":"category-polska","8":"tag-breaking-news","9":"tag-breakingnews","10":"tag-centralny_port_komunikacyjny_cpk","11":"tag-featured-news","12":"tag-featurednews","13":"tag-headlines","14":"tag-intextvideo_splayer","15":"tag-latest-news","16":"tag-latestnews","17":"tag-minister","18":"tag-naglowki","19":"tag-najwazniejsze-artykuly","20":"tag-new_header","21":"tag-news","22":"tag-onet3","23":"tag-onet3d","24":"tag-onet3d_2i","25":"tag-phx","26":"tag-pl","27":"tag-poland","28":"tag-polish","29":"tag-polska","30":"tag-polski","31":"tag-prokuratura","32":"tag-screening_general","33":"tag-top-stories","34":"tag-topstories","35":"tag-update_me","36":"tag-v2021","37":"tag-waldemar_zurek","38":"tag-wiadomosci"},"share_on_mastodon":{"url":"https:\/\/pubeurope.com\/@pl\/115447844345019915","error":""},"_links":{"self":[{"href":"https:\/\/www.europesays.com\/pl\/wp-json\/wp\/v2\/posts\/71378","targetHints":{"allow":["GET"]}}],"collection":[{"href":"https:\/\/www.europesays.com\/pl\/wp-json\/wp\/v2\/posts"}],"about":[{"href":"https:\/\/www.europesays.com\/pl\/wp-json\/wp\/v2\/types\/post"}],"author":[{"embeddable":true,"href":"https:\/\/www.europesays.com\/pl\/wp-json\/wp\/v2\/users\/2"}],"replies":[{"embeddable":true,"href":"https:\/\/www.europesays.com\/pl\/wp-json\/wp\/v2\/comments?post=71378"}],"version-history":[{"count":0,"href":"https:\/\/www.europesays.com\/pl\/wp-json\/wp\/v2\/posts\/71378\/revisions"}],"wp:featuredmedia":[{"embeddable":true,"href":"https:\/\/www.europesays.com\/pl\/wp-json\/wp\/v2\/media\/71379"}],"wp:attachment":[{"href":"https:\/\/www.europesays.com\/pl\/wp-json\/wp\/v2\/media?parent=71378"}],"wp:term":[{"taxonomy":"category","embeddable":true,"href":"https:\/\/www.europesays.com\/pl\/wp-json\/wp\/v2\/categories?post=71378"},{"taxonomy":"post_tag","embeddable":true,"href":"https:\/\/www.europesays.com\/pl\/wp-json\/wp\/v2\/tags?post=71378"}],"curies":[{"name":"wp","href":"https:\/\/api.w.org\/{rel}","templated":true}]}}