{"id":71382,"date":"2025-10-27T19:47:12","date_gmt":"2025-10-27T19:47:12","guid":{"rendered":"https:\/\/www.europesays.com\/pl\/71382\/"},"modified":"2025-10-27T19:47:12","modified_gmt":"2025-10-27T19:47:12","slug":"motorola-x70-air-jest-naprawde-smiesznie-tania","status":"publish","type":"post","link":"https:\/\/www.europesays.com\/pl\/71382\/","title":{"rendered":"Motorola X70 Air jest naprawd\u0119 \u015bmiesznie tania"},"content":{"rendered":"<p class=\"lead\">Motorola X70 Air jest naprawd\u0119 \u015bmiesznie tania, bior\u0105c pod uwag\u0119, \u017ce konkuruje z iPhonem 17 Air i Galaxy S25 Edge. Jej cena w Chinach jest nie do uwierzenia. Niestety w Europie nie b\u0119dzie a\u017c tak kolorowo.<\/p>\n<p>Chi\u0144ska premiera Motoroli X70 Air odby\u0142a si\u0119 kilka dni temu, a x-kom przedpremierowo ujawni\u0142 <a href=\"https:\/\/www.gsmmaniak.pl\/1605886\/motorola-edge-70-x-kom-pelna-specyfikacja-przed-premiera\/\" rel=\"nofollow noopener\" target=\"_blank\">specyfikacj\u0119 Motoroli Edge 70<\/a> \u2013 jej odpowiednika w Polsce. Telefon w\u0142a\u015bnie trafi\u0142 do sprzeda\u017cy w Chinach i dzi\u0119ki temu poznali\u015bmy jego cen\u0119. Jest tak niska, \u017ce trudno w ni\u0105 uwierzy\u0107.<\/p>\n<p>Motorola X70 Air jest naprawd\u0119 \u015bmiesznie tania<\/p>\n<p>Dzisiaj do sieci trafi\u0142a cena OnePlusa 15 i ju\u017c ona wydawa\u0142a mi si\u0119 bardzo przyst\u0119pna. To jeszcze jednak nic na tle Motoroli X70 Air, czyli chi\u0144skiej wersji Edge 70. Ta kosztuje tylko 2399 juan\u00f3w w przedsprzeda\u017cy. Przy obecnym kursie daje nam to 1229 z\u0142otych.<\/p>\n<p><img decoding=\"async\" aria-describedby=\"caption-attachment-1605901\" loading=\"lazy\" class=\"size-medium wp-image-1605901\" src=\"https:\/\/www.europesays.com\/pl\/wp-content\/uploads\/2025\/10\/Zrzut-ekranu-2025-10-10-092406-medium.jpg\" alt=\"Motorola Edge 70\" width=\"500\" height=\"330\"   itemprop=\"image\" \/><\/p>\n<p id=\"caption-attachment-1605901\" class=\"wp-caption-text\">Motorola Edge 70 \/ fot. producenta<\/p>\n<p>Przypomn\u0119, \u017ce m\u00f3wimy o smartfonie o grubo\u015bci poni\u017cej 6 mm, kt\u00f3ry do tego oferuje bateri\u0119 4800 mAh. Tym razem polska wersja nie doczeka si\u0119 zmniejszenia krzemowo-w\u0119glowego ogniwa, a wi\u0119c iPhone 17 Air i Galaxy S25 Edge wypadaj\u0105 na jej tle komicznie (odpowiednio 3149 i 3900 mAh). Problem polega na tym, \u017ce na start w Europie Motorola postanowi\u0142a przestrzeli\u0107 sobie oba kolana \u2013 i to z grube kalibru.<\/p>\n<p>W Europie zap\u0142acimy za ni\u0105 du\u017co, du\u017co wi\u0119cej<\/p>\n<p>Je\u017celi poprzednie przecieki znajd\u0105 odzwierciedlenie w rzeczywisto\u015bci, to do premiery Motoroli Edge 70 w Polsce dojdzie <a href=\"https:\/\/www.gsmmaniak.pl\/1606870\/motorola-moto-x70-air-premiera-specyfikacja-cena\/\" rel=\"nofollow noopener\" target=\"_blank\">5 listopada<\/a>. Ile ma kosztowa\u0107? M\u00f3wi si\u0119 o kwocie 690 euro, co przek\u0142ada si\u0119 na jakie\u015b 3000 z\u0142otych. Widzisz wyra\u017anie, \u017ce producent nie zamierza wyceni\u0107 jej u nas r\u00f3wnie konkurencyjnie, co w Chinach.<\/p>\n<p>Czy to problem? Dla kogo\u015b, kto nie mo\u017ce si\u0119 jej ju\u017c doczeka\u0107, pewnie tak. Zakup na premier\u0119 by\u0142by kosztowny i szczerze m\u00f3wi\u0105c \u2013 ma\u0142o usprawiedliwiony specyfikacj\u0119. Pozwol\u0119 sobie jednak przypomnie\u0107, \u017ce Motorola Edge 60 Pro na start kosztowa\u0142a podobn\u0105 kas\u0119 tylko po to, by obecnie stanie\u0107 do <a href=\"https:\/\/www.ceneo.pl\/182960696#pid=525\" rel=\"nofollow noopener\" target=\"_blank\">1750 z\u0142otych<\/a>.<\/p>\n<p>Do tego chcia\u0142bym zwr\u00f3ci\u0107 uwag\u0119, \u017ce Samsung i Apple rakiem wycofuj\u0105 si\u0119 ze swoich cieniutkich telefon\u00f3w. Edge nie stanie si\u0119 cz\u0119\u015bci\u0105 serii S na sta\u0142e, a Apple mocno ogranicza produkcj\u0119 Aira. Z Motorol\u0105 b\u0119dzie podobnie \u2013 co oznacza, \u017ce w kilka miesi\u0119cy po premierze ch\u0119tni kupi\u0105 j\u0105 za p\u00f3\u0142 ceny.<\/p>\n<p>\u0179r\u00f3d\u0142o: <a href=\"https:\/\/item.lenovo.com.cn\/product\/1049827.html\" rel=\"nofollow noopener\" target=\"_blank\">producenta<\/a>, opracowanie w\u0142asne<\/p>\n","protected":false},"excerpt":{"rendered":"Motorola X70 Air jest naprawd\u0119 \u015bmiesznie tania, bior\u0105c pod uwag\u0119, \u017ce konkuruje z iPhonem 17 Air i Galaxy&hellip;\n","protected":false},"author":2,"featured_media":42977,"comment_status":"","ping_status":"","sticky":false,"template":"","format":"standard","meta":{"footnotes":""},"categories":[20],"tags":[120,118,119,42,38,40,39,41,116,114,115,121,117],"class_list":{"0":"post-71382","1":"post","2":"type-post","3":"status-publish","4":"format-standard","5":"has-post-thumbnail","7":"category-nauka-i-technika","8":"tag-nauka","9":"tag-nauka-i-technika","10":"tag-naukatechnika","11":"tag-pl","12":"tag-poland","13":"tag-polish","14":"tag-polska","15":"tag-polski","16":"tag-science","17":"tag-science-and-technology","18":"tag-sciencetechnology","19":"tag-technika","20":"tag-technology"},"share_on_mastodon":{"url":"https:\/\/pubeurope.com\/@pl\/115447860117905302","error":""},"_links":{"self":[{"href":"https:\/\/www.europesays.com\/pl\/wp-json\/wp\/v2\/posts\/71382","targetHints":{"allow":["GET"]}}],"collection":[{"href":"https:\/\/www.europesays.com\/pl\/wp-json\/wp\/v2\/posts"}],"about":[{"href":"https:\/\/www.europesays.com\/pl\/wp-json\/wp\/v2\/types\/post"}],"author":[{"embeddable":true,"href":"https:\/\/www.europesays.com\/pl\/wp-json\/wp\/v2\/users\/2"}],"replies":[{"embeddable":true,"href":"https:\/\/www.europesays.com\/pl\/wp-json\/wp\/v2\/comments?post=71382"}],"version-history":[{"count":0,"href":"https:\/\/www.europesays.com\/pl\/wp-json\/wp\/v2\/posts\/71382\/revisions"}],"wp:featuredmedia":[{"embeddable":true,"href":"https:\/\/www.europesays.com\/pl\/wp-json\/wp\/v2\/media\/42977"}],"wp:attachment":[{"href":"https:\/\/www.europesays.com\/pl\/wp-json\/wp\/v2\/media?parent=71382"}],"wp:term":[{"taxonomy":"category","embeddable":true,"href":"https:\/\/www.europesays.com\/pl\/wp-json\/wp\/v2\/categories?post=71382"},{"taxonomy":"post_tag","embeddable":true,"href":"https:\/\/www.europesays.com\/pl\/wp-json\/wp\/v2\/tags?post=71382"}],"curies":[{"name":"wp","href":"https:\/\/api.w.org\/{rel}","templated":true}]}}