{"id":71389,"date":"2025-10-27T19:53:07","date_gmt":"2025-10-27T19:53:07","guid":{"rendered":"https:\/\/www.europesays.com\/pl\/71389\/"},"modified":"2025-10-27T19:53:07","modified_gmt":"2025-10-27T19:53:07","slug":"joanna-przetakiewicz-spotkala-sie-z-georgeem-clooneyem-nie-kryla-zachwytu","status":"publish","type":"post","link":"https:\/\/www.europesays.com\/pl\/71389\/","title":{"rendered":"Joanna Przetakiewicz spotka\u0142a si\u0119 z George&#8217;em Clooneyem. Nie kry\u0142a zachwytu"},"content":{"rendered":"<p class=\"Paragraph_desktopParagraph__U31Gm\">Podczas wydarzenia <a href=\"https:\/\/plejada.pl\/george-clooney-aktor\" id=\"5ae10e56-dc9e-4c82-a58d-b4d911432e9b\" rel=\"nofollow noopener\" target=\"_blank\">George Clooney<\/a> <a href=\"https:\/\/plejada.pl\/newsy\/george-clooney-w-lodzi-mowil-o-swojej-zonie-nagle-uderzyl-w-donalda-trumpa\/1gchfhq\" id=\"2835a81e-236a-4f75-8ce0-91ac50bdd68b\" rel=\"nofollow noopener\" target=\"_blank\">nie unika\u0142 trudnych temat\u00f3w, krytycznie odnosz\u0105c si\u0119 do polityki Donalda Trumpa. <\/a>Du\u017co miejsca po\u015bwi\u0119ci\u0142 tak\u017ce dzia\u0142alno\u015bci swojej \u017cony, Amal Clooney, znanej prawniczki specjalizuj\u0105cej si\u0119 w prawach cz\u0142owieka.<\/p>\n<p class=\"Paragraph_desktopParagraph__U31Gm\">Wizyta hollywoodzkiego aktora w Polsce by\u0142a nie tylko okazj\u0105 do inspiruj\u0105cych rozm\u00f3w, ale tak\u017ce do spotka\u0144 z osobisto\u015bciami z r\u00f3\u017cnych \u015brodowisk \u2014 od <a href=\"https:\/\/plejada.pl\/newsy\/piotr-krasko-po-spotkaniu-z-georgem-clooneyem-zdradzil-co-powiedzial-o-zonie\/zkwhkrj\" id=\"5424100e-78e0-4a02-9d5f-5d45331c4385\" rel=\"nofollow noopener\" target=\"_blank\">polityki <\/a>po \u015bwiat<a href=\"https:\/\/plejada.pl\/newsy\/joanna-jablczynska-zaskoczona-zachowaniem-georgea-clooneya-pisze-o-dystansie\/310fq2e\" id=\"ebb5c911-79ea-4830-adef-823fa97f932e\" rel=\"nofollow noopener\" target=\"_blank\"> show-biznesu.<\/a><\/p>\n<ul class=\"OchatFollowUps_wrapper__1ry7X\">\n<li class=\"OchatFollowUps_item__Dhyly OchatFollowUps_itemDesktop__R6aBv\">Jakie tematy porusza\u0142 George Clooney podczas swojej wizyty w Polsce?<\/li>\n<li class=\"OchatFollowUps_item__Dhyly OchatFollowUps_itemDesktop__R6aBv\">Jak Joanna Przetakiewicz skomentowa\u0142a spotkanie z Clooneym?<\/li>\n<li class=\"OchatFollowUps_item__Dhyly OchatFollowUps_itemDesktop__R6aBv\">Kto jeszcze by\u0142 obecny na wydarzeniu obok Clooneya?<\/li>\n<li class=\"OchatFollowUps_item__Dhyly OchatFollowUps_itemDesktop__R6aBv\">Jakie warto\u015bci podkre\u015bli\u0142 George Clooney w swojej wypowiedzi?<\/li>\n<\/ul>\n<p class=\"Paragraph_desktopParagraph__U31Gm\">W\u015br\u00f3d os\u00f3b, kt\u00f3re mia\u0142y okazj\u0119 osobi\u015bcie spotka\u0107 si\u0119 z George\u2019em Clooneyem, znalaz\u0142a si\u0119 <a href=\"https:\/\/plejada.pl\/joanna-przetakiewicz\" id=\"7ad3330e-aaab-4ca2-abc8-b89683c74054\" rel=\"nofollow noopener\" target=\"_blank\">Joanna Przetakiewicz<\/a>, znana projektantka mody i aktywistka. Na swoim profilu w mediach spo\u0142eczno\u015bciowych podzieli\u0142a si\u0119 refleksjami na temat spotkania z gwiazdorem, nie kryj\u0105c zachwytu.<\/p>\n<blockquote>\n<p class=\"Paragraph_desktopParagraph__U31Gm\">George Clooney \u2014 tak, na \u017cywo te\u017c jest pi\u0119kny i czaruj\u0105cy. Spotkanie z nim to czysta przyjemno\u015b\u0107. Kiedy zadaje pytanie \u2014 s\u0142ucha i jest zainteresowany. Klasa. Urok. Wdzi\u0119k. Zero pretensjonalno\u015bci<\/p>\n<\/blockquote>\n<p class=\"Paragraph_desktopParagraph__U31Gm\">\u2014 napisa\u0142a Joanna Przetakiewicz.<\/p>\n<p class=\"Paragraph_desktopParagraph__U31Gm\">Projektantka podkre\u015bli\u0142a, \u017ce najbardziej zaimponowa\u0142o jej podej\u015bcie aktora do spraw spo\u0142ecznych. &#8222;Jako hiper gwiazda o \u015bwiatowej rozpoznawalno\u015bci wykorzystuje sw\u00f3j mocny g\u0142os do obrony najwa\u017cniejszych spraw. Ojciec nauczy\u0142 go wybitnej spo\u0142ecznej odpowiedzialno\u015bci&#8221; \u2014 doda\u0142a, przywo\u0142uj\u0105c jeden z jego cytat\u00f3w: &#8222;M\u00f3w w imieniu ludzi, kt\u00f3rzy maj\u0105 mniej wp\u0142ywu i zawsze stawiaj wyzwania tym, kt\u00f3rzy maj\u0105 go wi\u0119cej&#8221;.<\/p>\n<p class=\"Paragraph_desktopParagraph__U31Gm\">George Clooney wyst\u0105pi\u0142 na scenie obok Leszka Ja\u017cd\u017cewskiego. Jak relacjonowa\u0142a Joanna Przetakiewicz, rozmowa mi\u0119dzy nimi przyci\u0105gn\u0119\u0142a uwag\u0119 ca\u0142ej publiczno\u015bci, kt\u00f3ra z zapartym tchem \u015bledzi\u0142a dyskusj\u0119.<\/p>\n<blockquote>\n<p class=\"Paragraph_desktopParagraph__U31Gm\">To by\u0142 prawdziwy show. M\u0105dro\u015b\u0107, wspania\u0142e warto\u015bci, poczucie humoru, bezpo\u015brednio\u015b\u0107, talent kontaktu z wielk\u0105 widowni\u0105<\/p>\n<\/blockquote>\n<p class=\"Paragraph_desktopParagraph__U31Gm\">\u2014 pisa\u0142a projektantka.<\/p>\n<p class=\"Paragraph_desktopParagraph__U31Gm\">Dzi\u0119kujemy, \u017ce przeczyta\u0142a\u015b\/e\u015b nasz artyku\u0142 do ko\u0144ca. W serwisie Plejada.pl ka\u017cdego dnia piszemy o najwa\u017cniejszych wydarzeniach show-biznesowych. B\u0105d\u017a na bie\u017c\u0105co! <a rel=\"nofollow noopener\" href=\"https:\/\/news.google.com\/publications\/CAAiEF0PeAlb7W1llpV_mwV2rL4qFAgKIhBdD3gJW-1tZZaVf5sFdqy-?hl=pl&amp;gl=PL&amp;ceid=PL%3Apl\" id=\"6a2f1974-3809-4937-b0cb-b5e642e5d762\" target=\"_blank\">Obserwuj<\/a> Plejad\u0119 w Wiadomo\u015bciach Google. Odwied\u017a nas tak\u017ce na <a rel=\"nofollow noopener\" href=\"https:\/\/www.facebook.com\/plejadapl\" id=\"42e08100-0b66-47ea-a6ff-9c9c90b99729\" target=\"_blank\">Facebooku<\/a>, <a rel=\"nofollow noopener\" href=\"https:\/\/www.instagram.com\/plejadapl\/\" id=\"62edbbd5-bb0d-47fa-81b3-448110f5bbd4\" target=\"_blank\">Instagramie<\/a>, <a rel=\"nofollow noopener\" href=\"https:\/\/www.youtube.com\/c\/plejada\" id=\"7a9ed692-c708-4d97-a400-44d6fc31464f\" target=\"_blank\">YouTubie<\/a> oraz <a rel=\"nofollow noopener\" href=\"https:\/\/www.tiktok.com\/@plejada_pl\" id=\"6416452c-ebd6-49ec-abe4-e578f06b731f\" target=\"_blank\">TikToku<\/a>.<\/p>\n<p class=\"Paragraph_desktopParagraph__U31Gm\">Chcesz podzieli\u0107 si\u0119 ciekawym newsem lub zaproponowa\u0107 temat? Skontaktuj si\u0119 z nami, pisz\u0105c maila na adres: plejada@redakcjaonet.pl.<\/p>\n<p><script async src=\"\/\/www.instagram.com\/embed.js\"><\/script><script async src=\"\/\/www.tiktok.com\/embed.js\"><\/script><\/p>\n","protected":false},"excerpt":{"rendered":"Podczas wydarzenia George Clooney nie unika\u0142 trudnych temat\u00f3w, krytycznie odnosz\u0105c si\u0119 do polityki Donalda Trumpa. Du\u017co miejsca po\u015bwi\u0119ci\u0142&hellip;\n","protected":false},"author":2,"featured_media":71390,"comment_status":"","ping_status":"","sticky":false,"template":"","format":"standard","meta":{"footnotes":""},"categories":[22],"tags":[244,122,7655,2484,67,8937,261,53,52,68,51,55,42,38,40,39,41,123,47,1607,65,50],"class_list":{"0":"post-71389","1":"post","2":"type-post","3":"status-publish","4":"format-standard","5":"has-post-thumbnail","7":"category-rozrywka","8":"tag-ctr_tst","9":"tag-entertainment","10":"tag-george_clooney","11":"tag-hollywood","12":"tag-intextvideo_splayer","13":"tag-joanna_przetakiewicz","14":"tag-kultura","15":"tag-new_header","16":"tag-onet3","17":"tag-onet3d","18":"tag-onet3d_2i","19":"tag-phx","20":"tag-pl","21":"tag-poland","22":"tag-polish","23":"tag-polska","24":"tag-polski","25":"tag-rozrywka","26":"tag-screening_general","27":"tag-time_limited","28":"tag-update_me","29":"tag-v2021"},"share_on_mastodon":{"url":"https:\/\/pubeurope.com\/@pl\/115447883651785404","error":""},"_links":{"self":[{"href":"https:\/\/www.europesays.com\/pl\/wp-json\/wp\/v2\/posts\/71389","targetHints":{"allow":["GET"]}}],"collection":[{"href":"https:\/\/www.europesays.com\/pl\/wp-json\/wp\/v2\/posts"}],"about":[{"href":"https:\/\/www.europesays.com\/pl\/wp-json\/wp\/v2\/types\/post"}],"author":[{"embeddable":true,"href":"https:\/\/www.europesays.com\/pl\/wp-json\/wp\/v2\/users\/2"}],"replies":[{"embeddable":true,"href":"https:\/\/www.europesays.com\/pl\/wp-json\/wp\/v2\/comments?post=71389"}],"version-history":[{"count":0,"href":"https:\/\/www.europesays.com\/pl\/wp-json\/wp\/v2\/posts\/71389\/revisions"}],"wp:featuredmedia":[{"embeddable":true,"href":"https:\/\/www.europesays.com\/pl\/wp-json\/wp\/v2\/media\/71390"}],"wp:attachment":[{"href":"https:\/\/www.europesays.com\/pl\/wp-json\/wp\/v2\/media?parent=71389"}],"wp:term":[{"taxonomy":"category","embeddable":true,"href":"https:\/\/www.europesays.com\/pl\/wp-json\/wp\/v2\/categories?post=71389"},{"taxonomy":"post_tag","embeddable":true,"href":"https:\/\/www.europesays.com\/pl\/wp-json\/wp\/v2\/tags?post=71389"}],"curies":[{"name":"wp","href":"https:\/\/api.w.org\/{rel}","templated":true}]}}