{"id":71471,"date":"2025-10-27T20:40:12","date_gmt":"2025-10-27T20:40:12","guid":{"rendered":"https:\/\/www.europesays.com\/pl\/71471\/"},"modified":"2025-10-27T20:40:12","modified_gmt":"2025-10-27T20:40:12","slug":"posel-mial-probowac-wyniesc-towar-ze-sklepu-obsluga-wezwala-policje-onet","status":"publish","type":"post","link":"https:\/\/www.europesays.com\/pl\/71471\/","title":{"rendered":"Pose\u0142 mia\u0142 pr\u00f3bowa\u0107 wynie\u015b\u0107 towar ze sklepu. Obs\u0142uga wezwa\u0142a policj\u0119 &#8211; Onet"},"content":{"rendered":"<ol>\n<li><a href=\"https:\/\/news.google.com\/rss\/articles\/CBMi1AFBVV95cUxNTlhqc2h5bDdfWkVodGZGbzNDdDVSOGpfOFlVaXlRRmVoZXlvb3YwdGxJbm0zRUQ2VU1lYUJIbnNXblcxLXR3RlMtU0tzanNZWGxEcWdnbkM3bXI0ZWEyc2JqY2hYQ3B0TUp4aDE5YkxjUWRaLW5VZ2lkR0twUEFBazZqV01sVkdxbXdFZkFDX3l6Z3RJUDQtUm1yV1I0QnhDSjR3Sm1IVU9paUpwc2JsRmZqc3lCTFN1WlhvcnhNOUxTV2JPdEthZl9CUjdTU3F6YXBZTg?oc=5\" target=\"_blank\" rel=\"nofollow noopener\">Pose\u0142 mia\u0142 pr\u00f3bowa\u0107 wynie\u015b\u0107 towar ze sklepu. Obs\u0142uga wezwa\u0142a policj\u0119<\/a>&nbsp;&nbsp;Onet<\/li>\n<li><a href=\"https:\/\/news.google.com\/rss\/articles\/CBMitgFBVV95cUxQOGlfMm5HTzF5VGI4blpWN0QwUUJERndoelJ4b1I4VG5jZEtxdFZNODkxM25MaDFvMHNOdE1Fa3ZnOVNXT0Q3WFpsT1c1TWlScDEwa0lNa3hYajhaVVFQc3hFTXY2VUlWbDh4Z3lQM0J4SUFoN0VHYTY1b2pObmhFNjVkOUpfWVhIS2tvaVZlZ2Z1M3hHNGQzN0FIc2FzS3QzNjZZOHZCbnZFQno4Q19kMjIwNlB3UQ?oc=5\" target=\"_blank\" rel=\"nofollow noopener\">Konrad Berkowicz mia\u0142 pr\u00f3bowa\u0107 wynie\u015b\u0107 towar ze sklepu IKEA za 380 z\u0142<\/a>&nbsp;&nbsp;Onet Wiadomo\u015bci<\/li>\n<li><a href=\"https:\/\/news.google.com\/rss\/articles\/CBMiswFBVV95cUxPMnVPSHJJSjlMQXBkNTlKcldGdkxOaUlfQ3Z3OXlEQlgyUFhLalFab0tGX0VtOFZSYnpnQnlEclhPWHlDUk9iZndMVVRvTEEtUzJZcWdtdUpwWXM1TGRTQ3h1cm9PMDEzV3ZqYVZJWDE5MmNYRWtrTHBMM1pYb1NaTnB6cllkNWxkdXdRQmlLcHRrS3ZVb1NJOUV6RVR6Zl9FOXVhSG94Y2FOMFRpbFhyNEZRQQ?oc=5\" target=\"_blank\" rel=\"nofollow noopener\">Konrad Berkowicz &#8222;wpad\u0142 podczas pr\u00f3by kradzie\u017cy&#8221;. Wpis Donalda Tuska<\/a>&nbsp;&nbsp;Wydarzenia Interia<\/li>\n<li><a href=\"https:\/\/news.google.com\/rss\/articles\/CBMisAFBVV95cUxPRnFXWTJkT3pCT3ZQcFdfWVRhc1Z6SnJIS0k5bThnMUpTaXZ2aGtRR3F3OEpDa1JQZjdLMG9lT09LRl9BZHMxdW5fbVVpdlNTSHcxNDVZRHptbHY5NzJFVjhseE03ZXM1Z3Q0aHlSeUExT1V0bXY1NG9DWnktYkFMWmdLQ2sybmpiYU9jT1U1dE1wZHpTWXFobVZzZ0JyRXdLdmdtUGcxTGdmd1BDYTY3Vg?oc=5\" target=\"_blank\" rel=\"nofollow noopener\">Pose\u0142 Konrad Berkowicz zatrzymany w sklepie. Interweniowa\u0142a policja<\/a>&nbsp;&nbsp;RMF24<\/li>\n<li><a href=\"https:\/\/news.google.com\/rss\/articles\/CBMilgFBVV95cUxPVnQ2ZU9GUzBQTGJ1eThBVWdIaEE0a0hqVHZDWkZEdmVBOEEzeUVGZkZXUmxtcktVR3pmWkphb0JMTXBpVHdGdk4zT3FGRmkxR1NNYmJiWDlQQWVEU3c1OWJiSUE0NktuV2ZheFZzNVpyQmlVQURNTDktME9mN0ZLZTZEUUFKS1R4RGdVTGl2UWZUSmxlZ1E?oc=5\" target=\"_blank\" rel=\"nofollow noopener\">Tusk: lider Konfederacji przy\u0142apany na kradzie\u017cy w Ikei<\/a>&nbsp;&nbsp;Fakt<\/li>\n<\/ol>\n","protected":false},"excerpt":{"rendered":"Pose\u0142 mia\u0142 pr\u00f3bowa\u0107 wynie\u015b\u0107 towar ze sklepu. Obs\u0142uga wezwa\u0142a policj\u0119&nbsp;&nbsp;Onet Konrad Berkowicz mia\u0142 pr\u00f3bowa\u0107 wynie\u015b\u0107 towar ze sklepu&hellip;\n","protected":false},"author":2,"featured_media":71472,"comment_status":"","ping_status":"","sticky":false,"template":"","format":"standard","meta":{"footnotes":"","_share_on_mastodon":"0"},"categories":[5],"tags":[32,33,36,37,27,2848,67,17777,34,35,28,31,53,25,52,68,51,55,42,38,251,40,39,41,47,29,30,65,50,26],"class_list":["post-71471","post","type-post","status-publish","format-standard","has-post-thumbnail","category-naglowki","tag-breaking-news","tag-breakingnews","tag-featured-news","tag-featurednews","tag-headlines","tag-ikea","tag-intextvideo_splayer","tag-konrad_berkowicz","tag-latest-news","tag-latestnews","tag-naglowki","tag-najwazniejsze-artykuly","tag-new_header","tag-news","tag-onet3","tag-onet3d","tag-onet3d_2i","tag-phx","tag-pl","tag-poland","tag-policja_policjanci_policjant_policjantka_policjantki","tag-polish","tag-polska","tag-polski","tag-screening_general","tag-top-stories","tag-topstories","tag-update_me","tag-v2021","tag-wiadomosci"],"share_on_mastodon":{"url":"https:\/\/pubeurope.com\/@pl\/115448068493874760","error":""},"_links":{"self":[{"href":"https:\/\/www.europesays.com\/pl\/wp-json\/wp\/v2\/posts\/71471","targetHints":{"allow":["GET"]}}],"collection":[{"href":"https:\/\/www.europesays.com\/pl\/wp-json\/wp\/v2\/posts"}],"about":[{"href":"https:\/\/www.europesays.com\/pl\/wp-json\/wp\/v2\/types\/post"}],"author":[{"embeddable":true,"href":"https:\/\/www.europesays.com\/pl\/wp-json\/wp\/v2\/users\/2"}],"replies":[{"embeddable":true,"href":"https:\/\/www.europesays.com\/pl\/wp-json\/wp\/v2\/comments?post=71471"}],"version-history":[{"count":0,"href":"https:\/\/www.europesays.com\/pl\/wp-json\/wp\/v2\/posts\/71471\/revisions"}],"wp:featuredmedia":[{"embeddable":true,"href":"https:\/\/www.europesays.com\/pl\/wp-json\/wp\/v2\/media\/71472"}],"wp:attachment":[{"href":"https:\/\/www.europesays.com\/pl\/wp-json\/wp\/v2\/media?parent=71471"}],"wp:term":[{"taxonomy":"category","embeddable":true,"href":"https:\/\/www.europesays.com\/pl\/wp-json\/wp\/v2\/categories?post=71471"},{"taxonomy":"post_tag","embeddable":true,"href":"https:\/\/www.europesays.com\/pl\/wp-json\/wp\/v2\/tags?post=71471"}],"curies":[{"name":"wp","href":"https:\/\/api.w.org\/{rel}","templated":true}]}}